{"id":9280,"date":"2026-09-04T17:44:52","date_gmt":"2026-09-04T22:44:52","guid":{"rendered":"https:\/\/ceas.org.pe\/?p=9280"},"modified":"2026-09-04T17:46:21","modified_gmt":"2026-09-04T22:46:21","slug":"piura-tercer-encuentro-entrelazando-voces-por-la-dignidad-por-los-derechos-humanos-y-el-bien-comun-reunio-distintas-voces-y-convoco-a-representantes-de-la-iglesia","status":"publish","type":"post","link":"https:\/\/ceas.org.pe\/index.php\/2026\/09\/04\/piura-tercer-encuentro-entrelazando-voces-por-la-dignidad-por-los-derechos-humanos-y-el-bien-comun-reunio-distintas-voces-y-convoco-a-representantes-de-la-iglesia\/","title":{"rendered":"Piura. Tercer encuentro \u00abEntrelazando voces por la dignidad: por los derechos humanos y el bien com\u00fan\u00bb reuni\u00f3 distintas voces y convoc\u00f3 a representantes de la Iglesia."},"content":{"rendered":"<figure class=\"wp-block-pullquote\">\n<p style=\"text-align: left;\"><em>El tercer encuentro macroregional \u201cEntrelazando voces por la dignidad: por los derechos humanos y el bien com\u00fan\u201d\u00a0reuni\u00f3 los d\u00edas\u00a029 y 30 de agosto\u00a0a representantes de <strong>Piura, Lambayeque, La Libertad, \u00c1ncash, Cajamarca y Amazonas.<\/strong><\/em><\/p>\n<\/figure>\n<p class=\"wp-block-paragraph\">Piura, agosto de 2026. Las voces de distintos territorios del norte del pa\u00eds se reunieron en la<strong> Comunidad Campesina de Catacaos<\/strong> para llevar a cabo el tercer encuentro macroregional \u201cEntrelazando voces por la dignidad: por los derechos humanos y el bien com\u00fan\u201d. Representantes de Piura, Lambayeque, La Libertad, \u00c1ncash, Cajamarca y Amazonas, participaron, compartieron las problem\u00e1ticas de sus territorios y construyeron una declaraci\u00f3n p\u00fablica.<\/p>\n<p>Entre las principales demandas recogidas en la Declaraci\u00f3n P\u00fablica del\u00a0<strong>Encuentro Macroregional Norte<\/strong>\u00a0se encuentran la <strong>restituci\u00f3n y titulaci\u00f3n de las tierras de comunidades campesinas e ind\u00edgenas; el respeto a los acuerdos de mesas de di\u00e1logo como la consulta vecinal realizada en Ayabaca, Huancabamba y Tambogrande entre los a\u00f1os 2007 y 2012; la protecci\u00f3n de las fuentes de agua, cabeceras de cuenca y zonas agr\u00edcolas frente a actividades extractivas y econom\u00edas ilegales;<\/strong> y garant\u00edas efectivas para quienes defienden derechos y territorios. Tambi\u00e9n exigieron respuestas frente a la violencia sexual contra ni\u00f1as, ni\u00f1os y adolescentes, medidas de\u00a0prevenci\u00f3n ante el Fen\u00f3meno de El Ni\u00f1o y acciones firmes contra la corrupci\u00f3n, el crimen organizado y la impunidad.<\/p>\n<p><strong>Estos espacios, han sido promovidos por la Coordinadora Nacional de Derechos Humanos (CNDDHH)\u00a0 en coordinaci\u00f3n con la Comisi\u00f3n Episcopal de Acci\u00f3n Social (CEAS) como \u00f3rgano\u00a0 de servicio de la Iglesia cat\u00f3lica peruana para los derechos humanos y la defensa de la dignidad humana<\/strong> y son parte de un proceso de articulaci\u00f3n que continuar\u00e1 en una <strong>Cumbre Nacional en Lima<\/strong>, donde se reunir\u00e1n las voces de las distintas regiones para construir una agenda com\u00fan por los derechos humanos y el bien com\u00fan. Se espera que los acuerdos de este proceso sean entregados en una carta al papa Le\u00f3n XIV\u00a0durante su pr\u00f3xima visita al Per\u00fa.<\/p>\n<p class=\"wp-block-paragraph\">El encuentro cont\u00f3 tambi\u00e9n con la presencia de representantes de la Iglesia Cat\u00f3lica. Estuvo presente monse\u00f1or Luciano Maza, arzobispo de Piura, mientras que\u00a0monse\u00f1or Jorge Izaguirre, arzobispo de Chosica, y monse\u00f1or Alfredo Vizcarra, arzobispo de Trujillo, enviaron mensajes en video para los participantes. Tambi\u00e9n asisti\u00f3 monse\u00f1or\u00a0Jordi Bertomeu, oficial del Dicasterio para la Doctrina de la Fe del Vaticano, en el marco del proceso de di\u00e1logo promovido ante la pr\u00f3xima visita del\u00a0papa Le\u00f3n XIV al Per\u00fa en noviembre de este a\u00f1o.<\/p>\n<p>Es importante resaltar que el espacio donde se llev\u00f3 a cabo este encuentro fue la Comunidad de Catacaos, emblem\u00e1tica por su lucha en defensa de sus territorios en riesgo por las empresas inmobiliarias vinculadas con el Sodalicio, lo que incluso habr\u00eda generado la muerte de algunos de sus dirigentes, lucha que fue apoyada por el Papa Francisco quien les exhort\u00f3 a tener coraje.<\/p>\n<p class=\"wp-block-paragraph\">Al referirse al evento, monse\u00f1or Luciano Maza destac\u00f3 que el bien com\u00fan es aquello que une a todas las personas y valor\u00f3 la posibilidad de escuchar distintas voces y perspectivas. <strong><em>\u201cComo arzobispo me alegra que estemos trabajando por la dignidad y el derecho de todas las personas\u201d,<\/em><\/strong> se\u00f1al\u00f3, y a\u00f1adi\u00f3 que la Iglesia busca acompa\u00f1ar este proceso de escucha para contribuir a alcanzar <strong><em>\u201cesa verdad y esa justicia que Dios quiere siempre\u201d.<\/em><\/strong><\/p>\n<p class=\"wp-block-paragraph\"><strong>\u201cEntrelazando voces por la dignidad\u201d<\/strong>\u00a0fue el tercero de tres encuentros macroregionales. El primero se realiz\u00f3 en\u00a0<strong>Cusco, los d\u00edas 13 y 14 de agosto<\/strong>, con representantes de ocho regiones del sur, y el segundo se desarroll\u00f3 en\u00a0<strong>Iquitos, los d\u00edas 24 y 25 de agosto<\/strong>, con representantes de Loreto, Ucayali, Hu\u00e1nuco y San Mart\u00edn.<\/p>\n<a href=\"https:\/\/ceas.org.pe\/wp-content\/uploads\/DECLARACION-PUBLICA-DEL-ENCUENTRO-MACROREGIONAL-PIURA-1.pdf\" class=\"pdfemb-viewer\" style=\"\" data-width=\"max\" data-height=\"max\" data-toolbar=\"bottom\" data-toolbar-fixed=\"off\">DECLARACI\u00d3N P\u00daBLICA DEL ENCUENTRO MACROREGIONAL - PIURA (1)<\/a>\n","protected":false},"excerpt":{"rendered":"<p>El tercer encuentro macroregional \u201cEntrelazando voces por la dignidad: por los derechos humanos y el bien com\u00fan\u201d\u00a0reuni\u00f3 los d\u00edas\u00a029 y 30 de agosto\u00a0a representantes de Piura, Lambayeque, La Libertad, \u00c1ncash, Cajamarca y Amazonas. Piura, agosto de 2026. Las voces de distintos territorios del norte del pa\u00eds se reunieron en la Comunidad Campesina de Catacaos para [&hellip;]<\/p>\n","protected":false},"author":2,"featured_media":9285,"comment_status":"closed","ping_status":"closed","sticky":false,"template":"","format":"standard","meta":{"footnotes":""},"categories":[9,12],"tags":[],"class_list":["post-9280","post","type-post","status-publish","format-standard","has-post-thumbnail","hentry","category-noticias","category-ventana-pastoral"],"_links":{"self":[{"href":"https:\/\/ceas.org.pe\/index.php\/wp-json\/wp\/v2\/posts\/9280","targetHints":{"allow":["GET"]}}],"collection":[{"href":"https:\/\/ceas.org.pe\/index.php\/wp-json\/wp\/v2\/posts"}],"about":[{"href":"https:\/\/ceas.org.pe\/index.php\/wp-json\/wp\/v2\/types\/post"}],"author":[{"embeddable":true,"href":"https:\/\/ceas.org.pe\/index.php\/wp-json\/wp\/v2\/users\/2"}],"replies":[{"embeddable":true,"href":"https:\/\/ceas.org.pe\/index.php\/wp-json\/wp\/v2\/comments?post=9280"}],"version-history":[{"count":2,"href":"https:\/\/ceas.org.pe\/index.php\/wp-json\/wp\/v2\/posts\/9280\/revisions"}],"predecessor-version":[{"id":9290,"href":"https:\/\/ceas.org.pe\/index.php\/wp-json\/wp\/v2\/posts\/9280\/revisions\/9290"}],"wp:featuredmedia":[{"embeddable":true,"href":"https:\/\/ceas.org.pe\/index.php\/wp-json\/wp\/v2\/media\/9285"}],"wp:attachment":[{"href":"https:\/\/ceas.org.pe\/index.php\/wp-json\/wp\/v2\/media?parent=9280"}],"wp:term":[{"taxonomy":"category","embeddable":true,"href":"https:\/\/ceas.org.pe\/index.php\/wp-json\/wp\/v2\/categories?post=9280"},{"taxonomy":"post_tag","embeddable":true,"href":"https:\/\/ceas.org.pe\/index.php\/wp-json\/wp\/v2\/tags?post=9280"}],"curies":[{"name":"wp","href":"https:\/\/api.w.org\/{rel}","templated":true}]}}