{"id":9266,"date":"2026-09-03T10:42:07","date_gmt":"2026-09-03T15:42:07","guid":{"rendered":"https:\/\/ceas.org.pe\/?p=9266"},"modified":"2026-09-03T10:58:07","modified_gmt":"2026-09-03T15:58:07","slug":"hacia-una-pastoral-carcelaria-continental-organizada-formada-coordinada-y-con-capacidad-de-incidencia","status":"publish","type":"post","link":"https:\/\/ceas.org.pe\/index.php\/2026\/09\/03\/hacia-una-pastoral-carcelaria-continental-organizada-formada-coordinada-y-con-capacidad-de-incidencia\/","title":{"rendered":"Hacia una Pastoral Carcelaria continental organizada, formada, coordinada y con capacidad de incidencia"},"content":{"rendered":"<p style=\"text-align: left;\"><strong><em>Entre el 31 de agosto y el 04 de setiembre, representantes de la Pastoral Carcelaria de Am\u00e9rica Latina y el Caribe se re\u00fanen en Bogot\u00e1 para impulsar una acci\u00f3n continental de acompa\u00f1amiento en favor de las personas privadas de libertad.\u00a0<\/em><\/strong><\/p>\n<p style=\"text-align: left;\">Durante los primeros d\u00edas de setiembre, nos encontramos en Celam de Bogot\u00e1, donde nos congregamos referentes de las Comisiones Nacionales de Pastoral Carcelaria y representantes del organismo episcopal continental con el objetivo de intercambiar experiencias y avanzar desde una suma de iniciativas nacionales o regionales hacia una Pastoral Carcelaria continental organizada, formada y con capacidad de incidencia.<\/p>\n<p>El encuentro parte del an\u00e1lisis de una realidad penitenciaria cada vez m\u00e1s compleja, en la que persiste la\u00a0 <strong>sobrepoblaci\u00f3n<\/strong>, las <strong>condiciones precarias de vida<\/strong>, la <strong>vulneraci\u00f3n de derechos,<\/strong>\u00a0el<strong> endurecimiento del discurso punitivo<\/strong>, el<strong> peso del crimen organizado<\/strong> y la <strong>estigmatizaci\u00f3n<\/strong> de las personas privadas de libertad y sus familias.<\/p>\n<p style=\"text-align: left;\">Mons. Lizardo Estrada, O.S.A, Secretario General del CELAM y Arzobispo coadjutor del Cusco, introduce el encuentro recordando la importancia de los animadores o agentes pastorales que buscan que la<strong><em> \u00abesperanza no se quede en los templos, sino que llegue hasta la \u00faltima celda.\u00bb<\/em><\/strong> y les encomienda un rol<em>:<strong> \u00abQueridos animadores [&#8230;], frente a la policrisis carcelaria de nuestra regi\u00f3n [&#8230;] la Iglesia les pide tres cosas sencillas y exigentes: cercan\u00eda que se haga presencia, formaci\u00f3n que se haga escuela, y comuni\u00f3n que se haga red continental.\u00bb<\/strong><\/em><\/p>\n<p>Uno de los pasos centrales de este encuentro ser\u00e1 la constituci\u00f3n oficial de un <strong>Equipo Dinamizador Continental<\/strong>, articulado \u00aben sinodalidad\u00bb con el Celam, que busca conectar las experiencias de las Comisiones Nacionales, acompa\u00f1ar sus procesos, fortalecer la formaci\u00f3n de los agentes pastorales y promover acciones conjuntas.<\/p>\n<blockquote>\n<p style=\"text-align: left;\"><em><strong>\u00abEstamos aqu\u00ed para pensar, construir, trazar juntos, desde el CELAM,<\/strong> algunas l\u00edneas orientadoras para la Pastoral Carcelaria, en los contextos actuales de cada uno de nuestros pa\u00edses, sin duda desafiantes, donde todos seguimos teniendo casi las mismas limitaciones, probablemente las mismas denuncias de algunas incoherencias como sociedades, como iglesia, como pa\u00edses; pero, sobre todo, las mismas grandes esperanzas de <strong>hacer posible un mundo sin c\u00e1rceles<\/strong>\u00ab, <\/em>afirma Silvia Alayo, Secretaria Ejecutiva de CEAS y\u00a0 referente de la regi\u00f3n andina\/ bolivariana (Ecuador, Colombia, Venezuela, Bolivia y Per\u00fa)<\/p>\n<\/blockquote>\n<p>La jornada de cierre estar\u00e1 dedicada a formalizar el Equipo Dinamizador y acordar las prioridades de trabajo con horizonte en 2027 hacia una red continental que fortalezca la misi\u00f3n pastoral y responda a los desaf\u00edos de las c\u00e1rceles de la regi\u00f3n.<\/p>\n<div style=\"width: 800px;\" class=\"wp-video\"><video class=\"wp-video-shortcode\" id=\"video-9266-1\" width=\"800\" height=\"1422\" preload=\"metadata\" controls=\"controls\"><source type=\"video\/mp4\" src=\"https:\/\/ceas.org.pe\/wp-content\/uploads\/Diseno-sin-titulo.mp4?_=1\" \/><a href=\"https:\/\/ceas.org.pe\/wp-content\/uploads\/Diseno-sin-titulo.mp4\">https:\/\/ceas.org.pe\/wp-content\/uploads\/Diseno-sin-titulo.mp4<\/a><\/video><\/div>\n","protected":false},"excerpt":{"rendered":"<p>Entre el 31 de agosto y el 04 de setiembre, representantes de la Pastoral Carcelaria de Am\u00e9rica Latina y el Caribe se re\u00fanen en Bogot\u00e1 para impulsar una acci\u00f3n continental de acompa\u00f1amiento en favor de las personas privadas de libertad.\u00a0 Durante los primeros d\u00edas de setiembre, nos encontramos en Celam de Bogot\u00e1, donde nos congregamos [&hellip;]<\/p>\n","protected":false},"author":2,"featured_media":9276,"comment_status":"closed","ping_status":"closed","sticky":false,"template":"","format":"standard","meta":{"footnotes":""},"categories":[9,6],"tags":[],"class_list":["post-9266","post","type-post","status-publish","format-standard","has-post-thumbnail","hentry","category-noticias","category-pastoral-carcelaria"],"_links":{"self":[{"href":"https:\/\/ceas.org.pe\/index.php\/wp-json\/wp\/v2\/posts\/9266","targetHints":{"allow":["GET"]}}],"collection":[{"href":"https:\/\/ceas.org.pe\/index.php\/wp-json\/wp\/v2\/posts"}],"about":[{"href":"https:\/\/ceas.org.pe\/index.php\/wp-json\/wp\/v2\/types\/post"}],"author":[{"embeddable":true,"href":"https:\/\/ceas.org.pe\/index.php\/wp-json\/wp\/v2\/users\/2"}],"replies":[{"embeddable":true,"href":"https:\/\/ceas.org.pe\/index.php\/wp-json\/wp\/v2\/comments?post=9266"}],"version-history":[{"count":4,"href":"https:\/\/ceas.org.pe\/index.php\/wp-json\/wp\/v2\/posts\/9266\/revisions"}],"predecessor-version":[{"id":9279,"href":"https:\/\/ceas.org.pe\/index.php\/wp-json\/wp\/v2\/posts\/9266\/revisions\/9279"}],"wp:featuredmedia":[{"embeddable":true,"href":"https:\/\/ceas.org.pe\/index.php\/wp-json\/wp\/v2\/media\/9276"}],"wp:attachment":[{"href":"https:\/\/ceas.org.pe\/index.php\/wp-json\/wp\/v2\/media?parent=9266"}],"wp:term":[{"taxonomy":"category","embeddable":true,"href":"https:\/\/ceas.org.pe\/index.php\/wp-json\/wp\/v2\/categories?post=9266"},{"taxonomy":"post_tag","embeddable":true,"href":"https:\/\/ceas.org.pe\/index.php\/wp-json\/wp\/v2\/tags?post=9266"}],"curies":[{"name":"wp","href":"https:\/\/api.w.org\/{rel}","templated":true}]}}