{"id":9250,"date":"2026-09-01T18:38:43","date_gmt":"2026-09-01T23:38:43","guid":{"rendered":"https:\/\/ceas.org.pe\/?p=9250"},"modified":"2026-09-01T18:38:43","modified_gmt":"2026-09-01T23:38:43","slug":"personas-defensoras-lideres-de-la-amazonia-la-iglesia-y-organizaciones-de-derechos-humanos-se-reunen-en-iquitos-para-abordar-situaciones-de-amenaza-contra-sus-derechos-fundamentales","status":"publish","type":"post","link":"https:\/\/ceas.org.pe\/index.php\/2026\/09\/01\/personas-defensoras-lideres-de-la-amazonia-la-iglesia-y-organizaciones-de-derechos-humanos-se-reunen-en-iquitos-para-abordar-situaciones-de-amenaza-contra-sus-derechos-fundamentales\/","title":{"rendered":"Personas defensoras, l\u00edderes de la Amazon\u00eda, la Iglesia y organizaciones de derechos humanos se re\u00fanen en Iquitos para abordar situaciones de amenaza contra sus derechos fundamentales."},"content":{"rendered":"<h3>El segundo encuentro Macro regional Amaz\u00f3nico \u201cEntrelazando voces por la dignidad\u201d reuni\u00f3 a representantes de Loreto, Ucayali, Hu\u00e1nuco y San Mart\u00edn. Los acuerdos y propuestas fueron presentados p\u00fablicamente y se buscar\u00e1 que sean entregados en una carta al Papa Le\u00f3n XIV durante su pr\u00f3xima visita al Per\u00fa.<\/h3>\n<p>Iquitos, agosto de 2026. Representantes de organizaciones sociales, pueblos ind\u00edgenas, personas defensoras de derechos humanos y ambientales, familiares de v\u00edctimas y colectivos ciudadanos de <strong>Loreto, Ucayali, Hu\u00e1nuco y San Mart\u00edn<\/strong> se reunieron en Iquitos, los d\u00edas <strong>24 y 25 de agosto<\/strong>, para dialogar sobre los principales desaf\u00edos que enfrentan sus territorios y construir acuerdos frente a un contexto de creciente vulneraci\u00f3n de derechos.<\/p>\n<p>El encuentro macroregional \u201cEntrelazando voces por la dignidad: por los derechos humanos y el bien com\u00fan\u201d permiti\u00f3 poner en com\u00fan las problem\u00e1ticas que atraviesan los distintos territorios de la Amazon\u00eda, entre ellas la tala ilegal y otras actividades il\u00edcitas que amenazan los territorios, los ataques y asesinatos de personas defensoras ambientales e ind\u00edgenas, as\u00ed como la vulneraci\u00f3n de los derechos de los pueblos originarios y del ambiente.<\/p>\n<h3><strong>Defensores fijan posici\u00f3n frente a las amenazas en sus territorios<\/strong><\/h3>\n<p>Como resultado del encuentro, las organizaciones participantes presentaron p\u00fablicamente una Declaraci\u00f3n P\u00fablica que recoge sus principales demandas y compromisos frente a las amenazas que enfrentan los pueblos y territorios amaz\u00f3nicos.<\/p>\n<p>Entre sus principales demandas, exigieron protecci\u00f3n efectiva para quienes defienden derechos y territorios, frente a la persecuci\u00f3n, criminalizaci\u00f3n y violencia que enfrentan personas defensoras ind\u00edgenas y ambientales. Plantearon la creaci\u00f3n de un Sistema Nacional de Protecci\u00f3n y Autoprotecci\u00f3n de Personas Defensoras de Derechos Humanos y Territoriales, con presupuesto suficiente, enfoque territorial e intercultural y participaci\u00f3n efectiva de los pueblos ind\u00edgenas.<\/p>\n<p>Asimismo, demandaron garantizar el acceso al agua potable y proteger los r\u00edos y sus cuencas frente a la contaminaci\u00f3n, adem\u00e1s de la remediaci\u00f3n de los derrames petroleros y atenci\u00f3n integral en salud para las personas afectadas por metales t\u00f3xicos. Tambi\u00e9n exigieron el cumplimiento de la sentencia que reconoce a los r\u00edos y sus afluentes como sujetos de derechos.<\/p>\n<p>A ello se sum\u00f3 la exigencia de titulaci\u00f3n integral y seguridad jur\u00eddica de los territorios ind\u00edgenas, el respeto de la consulta previa, la autonom\u00eda y la libre determinaci\u00f3n de los pueblos, as\u00ed como la protecci\u00f3n efectiva de los Pueblos Ind\u00edgenas en Aislamiento y Contacto Inicial (PIACI).<\/p>\n<p><strong>Como \u00f3rgano de servicio de la Iglesia peruana para los derechos humanos y la defensa de la dignidad, CEAS particip\u00f3 en el impulso de estos espacios junto a la Coordinadora Nacional de Derechos Humanos (CNDDHH) y comparti\u00f3 la mesa inaugural con Mons. Miguel \u00c1ngel Cadenas, obispo de Iquitos y el Cardenal Pedro Barreto.<\/strong><\/p>\n<p>\u00abNosotros como iglesia queremos contribuir a sanar situaciones de violencia de derechos fundamentales y por eso, hay que sentarnos y haty que escuchar como parte de una misma sociedad. La Iglesia entiende que Para poder ser servicio de nuestro pueblo tenemos que escucharlo\u00bb, se\u00f1al\u00f3 Silvia Alayo, Secretaria Ejecutiva de la Comisi\u00f3n Episcopal de Acci\u00f3n Social.<\/p>\n<p>Asimismo, durante su intervenci\u00f3n, monse\u00f1or Cadenas advirti\u00f3 sobre el deterioro de las garant\u00edas para los derechos humanos y cuestion\u00f3 que su vulneraci\u00f3n pueda llegar a considerarse normal o necesaria. \u201cLos derechos humanos tienen que ver con la dignidad de la persona y la dignidad de la persona no puede ser negociada\u201d, se\u00f1al\u00f3. Asimismo, alert\u00f3 sobre los impactos del extractivismo en los territorios y las comunidades: \u201cEstamos en un momento de extractivismo, donde la \u00fanica mirada es cu\u00e1nto dinero va a generar una actividad. Y eso lo que est\u00e1 provocando es da\u00f1o, enfermedad y destrucci\u00f3n del medio ambiente\u201d, afirm\u00f3.<\/p>\n<p>En el evento en Iquitos, se difundi\u00f3 el video del Cardenal Pedro Barreto y expresidente de CEAMA, donde explica el caso \u201cDoe Run\u201d, fundici\u00f3n polimet\u00e1lica en La Oroya desde 1928, en el que por vez primera, una empresa fuera del pa\u00eds reconoce el derecho a la salud de 1373 ni\u00f1os, a quienes les entregar\u00e1n 150 millones de d\u00f3lares.<\/p>\n<p>\u201cEntrelazando voces por la dignidad\u201d fue el segundo de tres encuentros macroregionales. El primero se realiz\u00f3 en Cusco, los d\u00edas 13 y 14 de agosto, y el proceso continuar\u00e1 con un tercer encuentro en Piura este 29 y 30 de agosto.<\/p>\n<p>Asimismo, particip\u00f3 Ruth Luque, senadora de la Rep\u00fablica, quien acompa\u00f1\u00f3 este espacio\u00a0 con el compromiso de contribuir a que las demandas y propuestas recogidas desde estos territorios sean trasladadas al Congreso de la Rep\u00fablica.<\/p>\n","protected":false},"excerpt":{"rendered":"<p>El segundo encuentro Macro regional Amaz\u00f3nico \u201cEntrelazando voces por la dignidad\u201d reuni\u00f3 a representantes de Loreto, Ucayali, Hu\u00e1nuco y San Mart\u00edn. Los acuerdos y propuestas fueron presentados p\u00fablicamente y se buscar\u00e1 que sean entregados en una carta al Papa Le\u00f3n XIV durante su pr\u00f3xima visita al Per\u00fa. Iquitos, agosto de 2026. Representantes de organizaciones sociales, [&hellip;]<\/p>\n","protected":false},"author":2,"featured_media":9254,"comment_status":"closed","ping_status":"closed","sticky":false,"template":"","format":"standard","meta":{"footnotes":""},"categories":[1],"tags":[],"class_list":["post-9250","post","type-post","status-publish","format-standard","has-post-thumbnail","hentry","category-sin-categoria"],"_links":{"self":[{"href":"https:\/\/ceas.org.pe\/index.php\/wp-json\/wp\/v2\/posts\/9250","targetHints":{"allow":["GET"]}}],"collection":[{"href":"https:\/\/ceas.org.pe\/index.php\/wp-json\/wp\/v2\/posts"}],"about":[{"href":"https:\/\/ceas.org.pe\/index.php\/wp-json\/wp\/v2\/types\/post"}],"author":[{"embeddable":true,"href":"https:\/\/ceas.org.pe\/index.php\/wp-json\/wp\/v2\/users\/2"}],"replies":[{"embeddable":true,"href":"https:\/\/ceas.org.pe\/index.php\/wp-json\/wp\/v2\/comments?post=9250"}],"version-history":[{"count":1,"href":"https:\/\/ceas.org.pe\/index.php\/wp-json\/wp\/v2\/posts\/9250\/revisions"}],"predecessor-version":[{"id":9255,"href":"https:\/\/ceas.org.pe\/index.php\/wp-json\/wp\/v2\/posts\/9250\/revisions\/9255"}],"wp:featuredmedia":[{"embeddable":true,"href":"https:\/\/ceas.org.pe\/index.php\/wp-json\/wp\/v2\/media\/9254"}],"wp:attachment":[{"href":"https:\/\/ceas.org.pe\/index.php\/wp-json\/wp\/v2\/media?parent=9250"}],"wp:term":[{"taxonomy":"category","embeddable":true,"href":"https:\/\/ceas.org.pe\/index.php\/wp-json\/wp\/v2\/categories?post=9250"},{"taxonomy":"post_tag","embeddable":true,"href":"https:\/\/ceas.org.pe\/index.php\/wp-json\/wp\/v2\/tags?post=9250"}],"curies":[{"name":"wp","href":"https:\/\/api.w.org\/{rel}","templated":true}]}}