{"id":8913,"date":"2026-04-30T15:52:03","date_gmt":"2026-04-30T20:52:03","guid":{"rendered":"https:\/\/ceas.org.pe\/?p=8913"},"modified":"2026-04-30T15:52:59","modified_gmt":"2026-04-30T20:52:59","slug":"solo-20-de-avance-afectados-por-metales-toxicos-demandan-al-gobierno-ampliar-el-plan-para-su-atencion","status":"publish","type":"post","link":"https:\/\/ceas.org.pe\/index.php\/2026\/04\/30\/solo-20-de-avance-afectados-por-metales-toxicos-demandan-al-gobierno-ampliar-el-plan-para-su-atencion\/","title":{"rendered":"Solo 20% de avance: afectados por metales t\u00f3xicos demandan al Gobierno ampliar el plan para su atenci\u00f3n"},"content":{"rendered":"<ul>\n<li><em>A cuatro a\u00f1os de exigencia de la\u00a0<\/em><strong><em>Plataforma Nacional de Afectadas y Afectados por Metales Pesados, Metaloides y Otras Sustancias Qu\u00edmicas T\u00f3xicas (Planametox)<\/em><\/strong><em>, la Presidencia de Consejo de Ministros se comprometi\u00f3 a remitir el primer informe de ejecuci\u00f3n de actividades a ser realizado por MINAM para la extensi\u00f3n del\u00a0<\/em><strong><em>Plan Especial Multisectorial (PEM)<\/em><\/strong><em>,<\/em><\/li>\n<\/ul>\n<ul>\n<li><em>La creaci\u00f3n del\u00a0<\/em><strong><em>Registro Nacional de Personas Afectadas en la Salud por Contaminaci\u00f3n con Metales Pesados<\/em><\/strong><em>\u00a0es una de las actividades pendientes de implementaci\u00f3n para intervenciones estrat\u00e9gicas en salud.<\/em><\/li>\n<\/ul>\n<p>Las deficiencias en el sistema de salud siguen siendo un gran problema para el Per\u00fa, pero cuando se trata de miles de afectados por metales t\u00f3xicos, expuestos a plomo, cadmio, mercurio y ars\u00e9nico, la situaci\u00f3n es a\u00fan m\u00e1s grave. Los continuos derrames de petr\u00f3leo en la amazon\u00eda y costa, y la contaminaci\u00f3n minera en la sierra peruana vienen afectando a la poblaci\u00f3n y poniendo en riesgo a m\u00e1s de 10 millones de personas.<\/p>\n<p>Por esa raz\u00f3n, representantes de la Plataforma Nacional de Afectadas y Afectados por Metales Pesados, Metaloides y Otras Sustancias Qu\u00edmicas T\u00f3xicas (Planametox) \u2014que representa a 14 regiones del pa\u00eds\u2014 realizaron un plant\u00f3n cerca a la Presidencia de Consejo de Ministros (PCM) para exigir la ampliaci\u00f3n del Plan Especial Multisectorial para la intervenci\u00f3n a personas expuestas (PEM) que finaliza en diciembre de 2026.<\/p>\n<p>El Plan Especial Multisectorial (PEM), aprobado en 2021 que involucra a 14 ministerios, fue concebido como una estrategia integral para atender a poblaciones expuestas a metales t\u00f3xicos, con acciones articuladas entre sectores y niveles de gobierno. Sin embargo, a m\u00e1s de 4 a\u00f1os de su implementaci\u00f3n, organizaciones de afectados advierten que su avance es limitado y que no ha logrado desplegarse de manera efectiva en los territorios.<\/p>\n<p>Los representantes de la Planametox fueron enf\u00e1ticos en se\u00f1alar que el PEM ha tenido un precario avance desde el 2021, a\u00f1o en el que se aprob\u00f3; adem\u00e1s de la poca articulaci\u00f3n con gobiernos regionales. Ante ello, la Secretar\u00eda de Gesti\u00f3n Social y Di\u00e1logo de la PCM les manifest\u00f3 en una reuni\u00f3n presencial \u2014sostenida el viernes 24 de abril\u2014 que reci\u00e9n el pr\u00f3ximo viernes 15 de mayo obtendr\u00e1n y socializar\u00e1n el primer informe de balance sobre la ejecuci\u00f3n del plan, comprometi\u00e9ndose, as\u00ed con l<strong>a\u00a0<\/strong><strong><em>extensi\u00f3n del Plan Especial Multisectorial (PEM)<\/em><\/strong>\u00a0.<\/p>\n<p>Pese al incremento de la problem\u00e1tica, el Estado a\u00fan no crea un Registro Nacional de Personas Expuestas y Afectadas por Metales, uno de los instrumentos clave del PEM y la Ley 31189 para identificar a la poblaci\u00f3n y las zonas de intervenci\u00f3n prioritaria.<\/p>\n<p>Hay que recordar, que la respuesta estatal no ha resultado satisfactoria para las organizaciones sociales. \u201cEn estos cinco a\u00f1os no se ha avanzado mucho, apenas un 20%. No sentimos un progreso real, pese a que el PEM aborda las problem\u00e1ticas que enfrentamos las personas afectadas por metales t\u00f3xicos\u201d, afirm\u00f3 Margarita V\u00e1squez Flores, integrante de la Asociaci\u00f3n por la Defensa y Desarrollo Sostenible del Medio Ambiente en la Cuenca del R\u00edo R\u00edmac (ADESAM).<\/p>\n<p><strong>Adicionalmente, Vasquez Flores indic\u00f3 que una ejecuci\u00f3n efectiva del plan permitir\u00eda impulsar la remediaci\u00f3n de pasivos mineros cr\u00edticos, como el de Tamboraque, ubicado en el distrito de San Mateo<\/strong>. Este relave representa un riesgo latente puesto que podr\u00eda colapsar en cualquier momento sobre el r\u00edo R\u00edmac, poniendo en peligro el abastecimiento de agua para la ciudad de Lima.<\/p>\n<p>Por su parte, Sandro V\u00e1squez Ch\u00e1vez, ex secretario de actas de la Plataforma Nacional, se\u00f1al\u00f3 que en Hualgayoc (Cajamarca) la actividad minera ha dejado graves consecuencias acumuladas a lo largo del tiempo. \u201cTenemos alrededor de 500 a\u00f1os de miner\u00eda y nos han dejado cerca de 1,300 pasivos y relaves. Hace cinco a\u00f1os, el Centro Nacional de Salud Ocupacional y Protecci\u00f3n del Ambiente para la Salud (CENSOPAS) evalu\u00f3 a la poblaci\u00f3n y, de 500 personas analizadas, 350 presentaban metales en su organismo\u201d, coment\u00f3.<\/p>\n<p>Asimismo, indic\u00f3 que la posici\u00f3n de Cajamarca es firme frente a la expansi\u00f3n minera en zonas sensibles. \u201cNo necesitamos miner\u00eda en cabecera de cuenca; no queremos que se contaminen las fuentes de agua ni que eso siga enfermando a la poblaci\u00f3n\u201d, afirm\u00f3. Sobre la miner\u00eda informal, V\u00e1squez advirti\u00f3 su crecimiento en Hualgayoc y expres\u00f3 su rechazo: \u201cNos oponemos a la miner\u00eda informal por las graves afectaciones que genera. Adem\u00e1s, exigimos al Estado que cumpla con el Plan Especial Multisectorial (PEM) para garantizar una adecuada atenci\u00f3n en salud\u201d.<\/p>\n<p>En tanto, la regi\u00f3n del Callao registra m\u00e1s de 455 mil personas afectadas, mientras que en La Libertad la cifra asciende a 530 mil. En la regi\u00f3n Lima, el n\u00famero bordea tambi\u00e9n los 455 mil afectados, y en \u00c1ncash alcanza los 382 mil. La situaci\u00f3n es a\u00fan m\u00e1s cr\u00edtica en Puno, donde se supera las 719 mil personas, seguida de Cajamarca con m\u00e1s de 549 mil y Huancavelica con m\u00e1s de 97 mil afectados. Estos datos evidencian la magnitud de una problem\u00e1tica de salud p\u00fablica que contin\u00faa sin una respuesta efectiva a nivel nacional.<\/p>\n<p>Yoli Torres Paredes, representante del Datem del Mara\u00f1\u00f3n y teniente gobernadora de la comunidad de Borja, llam\u00f3 la atenci\u00f3n sobre la falta de remediaci\u00f3n en zonas afectadas por hidrocarburos. \u201cLos derrames de petr\u00f3leo son constantes; recientemente ha ocurrido uno en Maynas y no existe un proyecto de saneamiento de agua. Consumimos agua de los r\u00edos y quebradas que est\u00e1n contaminados. Nos dicen que lo mejor ser\u00eda irnos de la zona, pero \u00bfa d\u00f3nde vamos a ir, si es el \u00fanico lugar que tenemos para vivir?\u201d, expres\u00f3.<\/p>\n<p>Torres a\u00f1adi\u00f3 que otra amenaza es el aumento de la miner\u00eda informal, que contamina con mercurio los r\u00edos amaz\u00f3nicos y afecta la vida de miles de personas. \u201cEstamos preocupados por lo que ocurre en Manceriche. En los \u00faltimos a\u00f1os hemos visto un incremento de concesiones mineras promovidas por el Estado en territorios donde viven comunidades ind\u00edgenas\u201d, manifest\u00f3.<\/p>\n<p>La Plataforma Nacional de Afectadas y Afectados por Metales Pesados, Metaloides y Otras Sustancias Qu\u00edmicas T\u00f3xicas (Planametox)\u00a0 expresa su preocupaci\u00f3n frente a propuestas de ajustes o modificaciones del Plan Especial Multisectorial (PEM) , y sostienen que la prioridad debe ser ampliar y fortalecer el alcance del plan original. Si bien el Ministerio del Ambiente ha planteado la posibilidad de ampliar el Plan Especial Multisectorial (PEM) aprobado en 2021, las organizaciones de afectados subrayan que esta medida debe ser asumida como un compromiso formal de la Presidencia del Consejo de Ministros.<\/p>\n<p>Como parte del\u00a0<a href=\"https:\/\/x.com\/MetalesToxicos\/status\/2048184207487160771\">III Congreso<\/a>, la\u00a0 Plataforma Nacional de Afectadas y Afectados ha renovado sus liderazgos; por lo que la Junta Directiva 2026 &#8211; 2028 est\u00e1 conformada por Alexander Farf\u00e1n (Apur\u00edmac), como secretario general; Estela Rojas (\u00c1ncash), secretaria de fiscalizaci\u00f3n; Mirtha Hern\u00e1ndez (Callao), secretaria de actas; Genrry Huatangari (Loreto), secretario de econom\u00eda; Rosa Mamani, secretaria de la mujer; Luis Chuzo (Cajamarca), secretario de juventud; y Jes\u00fas Saan (Amazonas), secretario de comunicaciones. Este equipo asumir\u00e1 el reto de fortalecer la articulaci\u00f3n de las demandas de las poblaciones afectadas y exigir al Estado el cumplimiento de acciones urgentes en salud y remediaci\u00f3n ambiental.<\/p>\n<p>&nbsp;<\/p>\n","protected":false},"excerpt":{"rendered":"<p>A cuatro a\u00f1os de exigencia de la\u00a0Plataforma Nacional de Afectadas y Afectados por Metales Pesados, Metaloides y Otras Sustancias Qu\u00edmicas T\u00f3xicas (Planametox), la Presidencia de Consejo de Ministros se comprometi\u00f3 a remitir el primer informe de ejecuci\u00f3n de actividades a ser realizado por MINAM para la extensi\u00f3n del\u00a0Plan Especial Multisectorial (PEM), La creaci\u00f3n del\u00a0Registro Nacional [&hellip;]<\/p>\n","protected":false},"author":2,"featured_media":8914,"comment_status":"closed","ping_status":"closed","sticky":false,"template":"","format":"standard","meta":{"footnotes":""},"categories":[9,1],"tags":[],"class_list":["post-8913","post","type-post","status-publish","format-standard","has-post-thumbnail","hentry","category-noticias","category-sin-categoria"],"_links":{"self":[{"href":"https:\/\/ceas.org.pe\/index.php\/wp-json\/wp\/v2\/posts\/8913","targetHints":{"allow":["GET"]}}],"collection":[{"href":"https:\/\/ceas.org.pe\/index.php\/wp-json\/wp\/v2\/posts"}],"about":[{"href":"https:\/\/ceas.org.pe\/index.php\/wp-json\/wp\/v2\/types\/post"}],"author":[{"embeddable":true,"href":"https:\/\/ceas.org.pe\/index.php\/wp-json\/wp\/v2\/users\/2"}],"replies":[{"embeddable":true,"href":"https:\/\/ceas.org.pe\/index.php\/wp-json\/wp\/v2\/comments?post=8913"}],"version-history":[{"count":1,"href":"https:\/\/ceas.org.pe\/index.php\/wp-json\/wp\/v2\/posts\/8913\/revisions"}],"predecessor-version":[{"id":8915,"href":"https:\/\/ceas.org.pe\/index.php\/wp-json\/wp\/v2\/posts\/8913\/revisions\/8915"}],"wp:featuredmedia":[{"embeddable":true,"href":"https:\/\/ceas.org.pe\/index.php\/wp-json\/wp\/v2\/media\/8914"}],"wp:attachment":[{"href":"https:\/\/ceas.org.pe\/index.php\/wp-json\/wp\/v2\/media?parent=8913"}],"wp:term":[{"taxonomy":"category","embeddable":true,"href":"https:\/\/ceas.org.pe\/index.php\/wp-json\/wp\/v2\/categories?post=8913"},{"taxonomy":"post_tag","embeddable":true,"href":"https:\/\/ceas.org.pe\/index.php\/wp-json\/wp\/v2\/tags?post=8913"}],"curies":[{"name":"wp","href":"https:\/\/api.w.org\/{rel}","templated":true}]}}