{"id":8361,"date":"2011-12-12T20:32:06","date_gmt":"2011-12-13T01:32:06","guid":{"rendered":"https:\/\/ceas.org.pe\/?p=8361"},"modified":"2026-03-14T20:33:19","modified_gmt":"2026-03-15T01:33:19","slug":"caritas-in-veritate-y-medio-ambiente","status":"publish","type":"post","link":"https:\/\/ceas.org.pe\/index.php\/2011\/12\/12\/caritas-in-veritate-y-medio-ambiente\/","title":{"rendered":"CARITAS IN VERITATE Y MEDIO AMBIENTE"},"content":{"rendered":"<p>Reflexionaremos con este folleto sobre un aspecto de la Enc\u00edclica Caritas in veritate, el medio ambiente y el desarrollo.<\/p>\n<p>Nos interesa dar a conocer el pensamiento del Papa em\u00e9rito Benedicto XVI en relaci\u00f3n al Mensaje por la Paz del 1 de enero de 2010: \u00abSi quieres promover la paz, protege la creaci\u00f3n\u00bb.<\/p>\n<p>&nbsp;<\/p>\n<a href=\"https:\/\/ceas.org.pe\/wp-content\/uploads\/0000000_civ_medio_ambiente-1.pdf\" class=\"pdfemb-viewer\" style=\"\" data-width=\"max\" data-height=\"max\" data-toolbar=\"bottom\" data-toolbar-fixed=\"off\">0000000_civ_medio_ambiente<\/a>\n","protected":false},"excerpt":{"rendered":"<p>Reflexionaremos con este folleto sobre un aspecto de la Enc\u00edclica Caritas in veritate, el medio ambiente y el desarrollo. Nos interesa dar a conocer el pensamiento del Papa em\u00e9rito Benedicto XVI en relaci\u00f3n al Mensaje por la Paz del 1 de enero de 2010: \u00abSi quieres promover la paz, protege la creaci\u00f3n\u00bb. &nbsp;<\/p>\n","protected":false},"author":1,"featured_media":990,"comment_status":"closed","ping_status":"closed","sticky":false,"template":"","format":"standard","meta":{"footnotes":""},"categories":[5],"tags":[],"class_list":["post-8361","post","type-post","status-publish","format-standard","has-post-thumbnail","hentry","category-publicaciones"],"_links":{"self":[{"href":"https:\/\/ceas.org.pe\/index.php\/wp-json\/wp\/v2\/posts\/8361","targetHints":{"allow":["GET"]}}],"collection":[{"href":"https:\/\/ceas.org.pe\/index.php\/wp-json\/wp\/v2\/posts"}],"about":[{"href":"https:\/\/ceas.org.pe\/index.php\/wp-json\/wp\/v2\/types\/post"}],"author":[{"embeddable":true,"href":"https:\/\/ceas.org.pe\/index.php\/wp-json\/wp\/v2\/users\/1"}],"replies":[{"embeddable":true,"href":"https:\/\/ceas.org.pe\/index.php\/wp-json\/wp\/v2\/comments?post=8361"}],"version-history":[{"count":1,"href":"https:\/\/ceas.org.pe\/index.php\/wp-json\/wp\/v2\/posts\/8361\/revisions"}],"predecessor-version":[{"id":8362,"href":"https:\/\/ceas.org.pe\/index.php\/wp-json\/wp\/v2\/posts\/8361\/revisions\/8362"}],"wp:featuredmedia":[{"embeddable":true,"href":"https:\/\/ceas.org.pe\/index.php\/wp-json\/wp\/v2\/media\/990"}],"wp:attachment":[{"href":"https:\/\/ceas.org.pe\/index.php\/wp-json\/wp\/v2\/media?parent=8361"}],"wp:term":[{"taxonomy":"category","embeddable":true,"href":"https:\/\/ceas.org.pe\/index.php\/wp-json\/wp\/v2\/categories?post=8361"},{"taxonomy":"post_tag","embeddable":true,"href":"https:\/\/ceas.org.pe\/index.php\/wp-json\/wp\/v2\/tags?post=8361"}],"curies":[{"name":"wp","href":"https:\/\/api.w.org\/{rel}","templated":true}]}}