{"id":8346,"date":"2013-03-30T14:52:59","date_gmt":"2013-03-30T19:52:59","guid":{"rendered":"https:\/\/ceas.org.pe\/?p=8346"},"modified":"2026-03-14T14:55:01","modified_gmt":"2026-03-14T19:55:01","slug":"las-personas-privadas-de-libertad-en-el-peru-un-analisis-y-reflexion","status":"publish","type":"post","link":"https:\/\/ceas.org.pe\/index.php\/2013\/03\/30\/las-personas-privadas-de-libertad-en-el-peru-un-analisis-y-reflexion\/","title":{"rendered":"LAS PERSONAS PRIVADAS DE LIBERTAD EN EL PER\u00da, UN AN\u00c1LISIS Y REFLEXI\u00d3N"},"content":{"rendered":"<p>Con informaci\u00f3n cuantitativa al mes de mayo de 2012, intenta mostrar algunos aspectos de la realidad penitenciaria entre el 2011 y comienzos del 2012.<\/p>\n<p>Por ello nos preguntamos, \u00bfc\u00f3mo promover una renovaci\u00f3n en la pol\u00edtica penitenciaria que potencie el tratamiento y las oportunidades de desarrollo humano con estas condiciones de hacinamiento?<\/p>\n<p>&nbsp;<\/p>\n<a href=\"https:\/\/ceas.org.pe\/wp-content\/uploads\/0000007_informe_carceles_2012-1.pdf\" class=\"pdfemb-viewer\" style=\"\" data-width=\"max\" data-height=\"max\" data-toolbar=\"bottom\" data-toolbar-fixed=\"off\">0000007_informe_carceles_2012<\/a>\n","protected":false},"excerpt":{"rendered":"<p>Con informaci\u00f3n cuantitativa al mes de mayo de 2012, intenta mostrar algunos aspectos de la realidad penitenciaria entre el 2011 y comienzos del 2012. Por ello nos preguntamos, \u00bfc\u00f3mo promover una renovaci\u00f3n en la pol\u00edtica penitenciaria que potencie el tratamiento y las oportunidades de desarrollo humano con estas condiciones de hacinamiento? &nbsp;<\/p>\n","protected":false},"author":1,"featured_media":1022,"comment_status":"closed","ping_status":"closed","sticky":false,"template":"","format":"standard","meta":{"footnotes":""},"categories":[5],"tags":[],"class_list":["post-8346","post","type-post","status-publish","format-standard","has-post-thumbnail","hentry","category-publicaciones"],"_links":{"self":[{"href":"https:\/\/ceas.org.pe\/index.php\/wp-json\/wp\/v2\/posts\/8346","targetHints":{"allow":["GET"]}}],"collection":[{"href":"https:\/\/ceas.org.pe\/index.php\/wp-json\/wp\/v2\/posts"}],"about":[{"href":"https:\/\/ceas.org.pe\/index.php\/wp-json\/wp\/v2\/types\/post"}],"author":[{"embeddable":true,"href":"https:\/\/ceas.org.pe\/index.php\/wp-json\/wp\/v2\/users\/1"}],"replies":[{"embeddable":true,"href":"https:\/\/ceas.org.pe\/index.php\/wp-json\/wp\/v2\/comments?post=8346"}],"version-history":[{"count":1,"href":"https:\/\/ceas.org.pe\/index.php\/wp-json\/wp\/v2\/posts\/8346\/revisions"}],"predecessor-version":[{"id":8347,"href":"https:\/\/ceas.org.pe\/index.php\/wp-json\/wp\/v2\/posts\/8346\/revisions\/8347"}],"wp:featuredmedia":[{"embeddable":true,"href":"https:\/\/ceas.org.pe\/index.php\/wp-json\/wp\/v2\/media\/1022"}],"wp:attachment":[{"href":"https:\/\/ceas.org.pe\/index.php\/wp-json\/wp\/v2\/media?parent=8346"}],"wp:term":[{"taxonomy":"category","embeddable":true,"href":"https:\/\/ceas.org.pe\/index.php\/wp-json\/wp\/v2\/categories?post=8346"},{"taxonomy":"post_tag","embeddable":true,"href":"https:\/\/ceas.org.pe\/index.php\/wp-json\/wp\/v2\/tags?post=8346"}],"curies":[{"name":"wp","href":"https:\/\/api.w.org\/{rel}","templated":true}]}}