{"id":8334,"date":"2013-07-16T14:36:58","date_gmt":"2013-07-16T19:36:58","guid":{"rendered":"https:\/\/ceas.org.pe\/?p=8334"},"modified":"2026-03-14T14:39:07","modified_gmt":"2026-03-14T19:39:07","slug":"mensaje-por-el-dia-de-solidaridad-con-la-persona-encarcelada-2013","status":"publish","type":"post","link":"https:\/\/ceas.org.pe\/index.php\/2013\/07\/16\/mensaje-por-el-dia-de-solidaridad-con-la-persona-encarcelada-2013\/","title":{"rendered":"MENSAJE POR EL D\u00cdA DE SOLIDARIDAD CON LA PERSONA ENCARCELADA 2013"},"content":{"rendered":"<p>La c\u00e1rcel nos desaf\u00eda cada d\u00eda a descubrir lo que transciende al conjunto de rejas, mallas y muros de un penal. Nos desaf\u00eda a mirar, con solidaridad y responsabilidad, aquellos rostros que nos interpelan: los hijos e hijas de personas encarceladas.<\/p>\n<p>&nbsp;<\/p>\n<a href=\"https:\/\/ceas.org.pe\/wp-content\/uploads\/0000017_mensaje_obispos_publicar-1.pdf\" class=\"pdfemb-viewer\" style=\"\" data-width=\"max\" data-height=\"max\" data-toolbar=\"bottom\" data-toolbar-fixed=\"off\">0000017_mensaje_obispos_publicar<\/a>\n","protected":false},"excerpt":{"rendered":"<p>La c\u00e1rcel nos desaf\u00eda cada d\u00eda a descubrir lo que transciende al conjunto de rejas, mallas y muros de un penal. Nos desaf\u00eda a mirar, con solidaridad y responsabilidad, aquellos rostros que nos interpelan: los hijos e hijas de personas encarceladas. &nbsp;<\/p>\n","protected":false},"author":1,"featured_media":977,"comment_status":"closed","ping_status":"closed","sticky":false,"template":"","format":"standard","meta":{"footnotes":""},"categories":[5],"tags":[],"class_list":["post-8334","post","type-post","status-publish","format-standard","has-post-thumbnail","hentry","category-publicaciones"],"_links":{"self":[{"href":"https:\/\/ceas.org.pe\/index.php\/wp-json\/wp\/v2\/posts\/8334","targetHints":{"allow":["GET"]}}],"collection":[{"href":"https:\/\/ceas.org.pe\/index.php\/wp-json\/wp\/v2\/posts"}],"about":[{"href":"https:\/\/ceas.org.pe\/index.php\/wp-json\/wp\/v2\/types\/post"}],"author":[{"embeddable":true,"href":"https:\/\/ceas.org.pe\/index.php\/wp-json\/wp\/v2\/users\/1"}],"replies":[{"embeddable":true,"href":"https:\/\/ceas.org.pe\/index.php\/wp-json\/wp\/v2\/comments?post=8334"}],"version-history":[{"count":1,"href":"https:\/\/ceas.org.pe\/index.php\/wp-json\/wp\/v2\/posts\/8334\/revisions"}],"predecessor-version":[{"id":8335,"href":"https:\/\/ceas.org.pe\/index.php\/wp-json\/wp\/v2\/posts\/8334\/revisions\/8335"}],"wp:featuredmedia":[{"embeddable":true,"href":"https:\/\/ceas.org.pe\/index.php\/wp-json\/wp\/v2\/media\/977"}],"wp:attachment":[{"href":"https:\/\/ceas.org.pe\/index.php\/wp-json\/wp\/v2\/media?parent=8334"}],"wp:term":[{"taxonomy":"category","embeddable":true,"href":"https:\/\/ceas.org.pe\/index.php\/wp-json\/wp\/v2\/categories?post=8334"},{"taxonomy":"post_tag","embeddable":true,"href":"https:\/\/ceas.org.pe\/index.php\/wp-json\/wp\/v2\/tags?post=8334"}],"curies":[{"name":"wp","href":"https:\/\/api.w.org\/{rel}","templated":true}]}}