{"id":8298,"date":"2015-08-18T12:34:24","date_gmt":"2015-08-18T17:34:24","guid":{"rendered":"https:\/\/ceas.org.pe\/?p=8298"},"modified":"2026-03-14T12:35:48","modified_gmt":"2026-03-14T17:35:48","slug":"la-carcel-en-el-peru-conocer-la-realidad-para-transformarla","status":"publish","type":"post","link":"https:\/\/ceas.org.pe\/index.php\/2015\/08\/18\/la-carcel-en-el-peru-conocer-la-realidad-para-transformarla\/","title":{"rendered":"LA C\u00c1RCEL EN EL PER\u00da: CONOCER LA REALIDAD PARA TRANSFORMARLA"},"content":{"rendered":"<p>Documento de reflexi\u00f3n pastoral sobre la persona encarcelada y el sistema carcelario, ponemos a tu disposici\u00f3n este material que quiere recoger parte del sentir y del vivir de miles de personas encarceladas. Lo hacemos con el deseo de aportar a su proceso de resocializaci\u00f3n, como parte de nuestra misi\u00f3n de hacer realidad la promoci\u00f3n humana de toda persona que hoy est\u00e1 ca\u00edda, como sabiamente recoge la Doctrina Social de la Iglesia, y as\u00ed juntos reconstruir la sociedad donde todas las personas tengamos cabida y oportunidades.<\/p>\n<p>&nbsp;<\/p>\n<a href=\"https:\/\/ceas.org.pe\/wp-content\/uploads\/0000000_la_carcel_en_el_peru-1.pdf\" class=\"pdfemb-viewer\" style=\"\" data-width=\"max\" data-height=\"max\" data-toolbar=\"bottom\" data-toolbar-fixed=\"off\">0000000_la_carcel_en_el_peru<\/a>\n","protected":false},"excerpt":{"rendered":"<p>Documento de reflexi\u00f3n pastoral sobre la persona encarcelada y el sistema carcelario, ponemos a tu disposici\u00f3n este material que quiere recoger parte del sentir y del vivir de miles de personas encarceladas. Lo hacemos con el deseo de aportar a su proceso de resocializaci\u00f3n, como parte de nuestra misi\u00f3n de hacer realidad la promoci\u00f3n humana [&hellip;]<\/p>\n","protected":false},"author":1,"featured_media":995,"comment_status":"closed","ping_status":"closed","sticky":false,"template":"","format":"standard","meta":{"footnotes":""},"categories":[5],"tags":[],"class_list":["post-8298","post","type-post","status-publish","format-standard","has-post-thumbnail","hentry","category-publicaciones"],"_links":{"self":[{"href":"https:\/\/ceas.org.pe\/index.php\/wp-json\/wp\/v2\/posts\/8298","targetHints":{"allow":["GET"]}}],"collection":[{"href":"https:\/\/ceas.org.pe\/index.php\/wp-json\/wp\/v2\/posts"}],"about":[{"href":"https:\/\/ceas.org.pe\/index.php\/wp-json\/wp\/v2\/types\/post"}],"author":[{"embeddable":true,"href":"https:\/\/ceas.org.pe\/index.php\/wp-json\/wp\/v2\/users\/1"}],"replies":[{"embeddable":true,"href":"https:\/\/ceas.org.pe\/index.php\/wp-json\/wp\/v2\/comments?post=8298"}],"version-history":[{"count":1,"href":"https:\/\/ceas.org.pe\/index.php\/wp-json\/wp\/v2\/posts\/8298\/revisions"}],"predecessor-version":[{"id":8299,"href":"https:\/\/ceas.org.pe\/index.php\/wp-json\/wp\/v2\/posts\/8298\/revisions\/8299"}],"wp:featuredmedia":[{"embeddable":true,"href":"https:\/\/ceas.org.pe\/index.php\/wp-json\/wp\/v2\/media\/995"}],"wp:attachment":[{"href":"https:\/\/ceas.org.pe\/index.php\/wp-json\/wp\/v2\/media?parent=8298"}],"wp:term":[{"taxonomy":"category","embeddable":true,"href":"https:\/\/ceas.org.pe\/index.php\/wp-json\/wp\/v2\/categories?post=8298"},{"taxonomy":"post_tag","embeddable":true,"href":"https:\/\/ceas.org.pe\/index.php\/wp-json\/wp\/v2\/tags?post=8298"}],"curies":[{"name":"wp","href":"https:\/\/api.w.org\/{rel}","templated":true}]}}