{"id":8284,"date":"2016-07-16T10:01:10","date_gmt":"2016-07-16T15:01:10","guid":{"rendered":"https:\/\/ceas.org.pe\/?p=8284"},"modified":"2026-03-14T10:03:22","modified_gmt":"2026-03-14T15:03:22","slug":"mensaje-por-el-dia-de-solidaridad-con-la-persona-encarcelada-2016","status":"publish","type":"post","link":"https:\/\/ceas.org.pe\/index.php\/2016\/07\/16\/mensaje-por-el-dia-de-solidaridad-con-la-persona-encarcelada-2016\/","title":{"rendered":"MENSAJE POR EL D\u00cdA DE SOLIDARIDAD CON LA PERSONA ENCARCELADA 2016"},"content":{"rendered":"<p>Nuestro llamado se dirige a la sociedad en su conjunto y a cada hombre y mujer en particular, para que todos seamos parte y responsables de esta gran tarea para la construcci\u00f3n de una sociedad libre y sin miedos.<\/p>\n<p>Trabajemos todos juntos por un Per\u00fa justo, seguro y fraterno. Para una sociedad libre y sin miedos, resocializaci\u00f3n en las c\u00e1rceles del Per\u00fa es nuestro tema para este a\u00f1o.<\/p>\n<p>&nbsp;<\/p>\n<a href=\"https:\/\/ceas.org.pe\/wp-content\/uploads\/0000000_mensaje_campa_a_2016-1.pdf\" class=\"pdfemb-viewer\" style=\"\" data-width=\"max\" data-height=\"max\" data-toolbar=\"bottom\" data-toolbar-fixed=\"off\">0000000_mensaje_campa_a_2016<\/a>\n","protected":false},"excerpt":{"rendered":"<p>Nuestro llamado se dirige a la sociedad en su conjunto y a cada hombre y mujer en particular, para que todos seamos parte y responsables de esta gran tarea para la construcci\u00f3n de una sociedad libre y sin miedos. Trabajemos todos juntos por un Per\u00fa justo, seguro y fraterno. Para una sociedad libre y sin [&hellip;]<\/p>\n","protected":false},"author":1,"featured_media":983,"comment_status":"closed","ping_status":"closed","sticky":false,"template":"","format":"standard","meta":{"footnotes":""},"categories":[5],"tags":[],"class_list":["post-8284","post","type-post","status-publish","format-standard","has-post-thumbnail","hentry","category-publicaciones"],"_links":{"self":[{"href":"https:\/\/ceas.org.pe\/index.php\/wp-json\/wp\/v2\/posts\/8284","targetHints":{"allow":["GET"]}}],"collection":[{"href":"https:\/\/ceas.org.pe\/index.php\/wp-json\/wp\/v2\/posts"}],"about":[{"href":"https:\/\/ceas.org.pe\/index.php\/wp-json\/wp\/v2\/types\/post"}],"author":[{"embeddable":true,"href":"https:\/\/ceas.org.pe\/index.php\/wp-json\/wp\/v2\/users\/1"}],"replies":[{"embeddable":true,"href":"https:\/\/ceas.org.pe\/index.php\/wp-json\/wp\/v2\/comments?post=8284"}],"version-history":[{"count":1,"href":"https:\/\/ceas.org.pe\/index.php\/wp-json\/wp\/v2\/posts\/8284\/revisions"}],"predecessor-version":[{"id":8285,"href":"https:\/\/ceas.org.pe\/index.php\/wp-json\/wp\/v2\/posts\/8284\/revisions\/8285"}],"wp:featuredmedia":[{"embeddable":true,"href":"https:\/\/ceas.org.pe\/index.php\/wp-json\/wp\/v2\/media\/983"}],"wp:attachment":[{"href":"https:\/\/ceas.org.pe\/index.php\/wp-json\/wp\/v2\/media?parent=8284"}],"wp:term":[{"taxonomy":"category","embeddable":true,"href":"https:\/\/ceas.org.pe\/index.php\/wp-json\/wp\/v2\/categories?post=8284"},{"taxonomy":"post_tag","embeddable":true,"href":"https:\/\/ceas.org.pe\/index.php\/wp-json\/wp\/v2\/tags?post=8284"}],"curies":[{"name":"wp","href":"https:\/\/api.w.org\/{rel}","templated":true}]}}