{"id":8273,"date":"2017-07-16T06:16:45","date_gmt":"2017-07-16T11:16:45","guid":{"rendered":"https:\/\/ceas.org.pe\/?p=8273"},"modified":"2026-03-14T06:19:28","modified_gmt":"2026-03-14T11:19:28","slug":"mensaje-de-solidaridad-con-la-persona-encarcelada-2017","status":"publish","type":"post","link":"https:\/\/ceas.org.pe\/index.php\/2017\/07\/16\/mensaje-de-solidaridad-con-la-persona-encarcelada-2017\/","title":{"rendered":"MENSAJE DE SOLIDARIDAD CON LA PERSONA ENCARCELADA 2017"},"content":{"rendered":"<p>Hacemos un llamado a que veamos y tomemos conciencia de que la realidad de la sociedad en \u201cla calle\u201d y la realidad al interior de las c\u00e1rceles van de la mano.<\/p>\n<p>Por eso nos preguntamos, y preguntamos al gobierno peruano, a las autoridades, a los representantes de las instituciones de la sociedad civil, a los miembros de las Iglesias, a los ciudadanos y ciudadanas de a pie: \u00bfdebemos invertir en c\u00e1rceles o invertir en la resocializaci\u00f3n de las personas encarceladas? Bajo el tema para este a\u00f1o: La c\u00e1rcel es reflejo de la sociedad.<\/p>\n<p>&nbsp;<\/p>\n<a href=\"https:\/\/ceas.org.pe\/wp-content\/uploads\/0000000_mensaje_campa_a_2017-1.pdf\" class=\"pdfemb-viewer\" style=\"\" data-width=\"max\" data-height=\"max\" data-toolbar=\"bottom\" data-toolbar-fixed=\"off\">0000000_mensaje_campa_a_2017<\/a>\n","protected":false},"excerpt":{"rendered":"<p>Hacemos un llamado a que veamos y tomemos conciencia de que la realidad de la sociedad en \u201cla calle\u201d y la realidad al interior de las c\u00e1rceles van de la mano. Por eso nos preguntamos, y preguntamos al gobierno peruano, a las autoridades, a los representantes de las instituciones de la sociedad civil, a los [&hellip;]<\/p>\n","protected":false},"author":1,"featured_media":980,"comment_status":"closed","ping_status":"closed","sticky":false,"template":"","format":"standard","meta":{"footnotes":""},"categories":[5],"tags":[],"class_list":["post-8273","post","type-post","status-publish","format-standard","has-post-thumbnail","hentry","category-publicaciones"],"_links":{"self":[{"href":"https:\/\/ceas.org.pe\/index.php\/wp-json\/wp\/v2\/posts\/8273","targetHints":{"allow":["GET"]}}],"collection":[{"href":"https:\/\/ceas.org.pe\/index.php\/wp-json\/wp\/v2\/posts"}],"about":[{"href":"https:\/\/ceas.org.pe\/index.php\/wp-json\/wp\/v2\/types\/post"}],"author":[{"embeddable":true,"href":"https:\/\/ceas.org.pe\/index.php\/wp-json\/wp\/v2\/users\/1"}],"replies":[{"embeddable":true,"href":"https:\/\/ceas.org.pe\/index.php\/wp-json\/wp\/v2\/comments?post=8273"}],"version-history":[{"count":1,"href":"https:\/\/ceas.org.pe\/index.php\/wp-json\/wp\/v2\/posts\/8273\/revisions"}],"predecessor-version":[{"id":8274,"href":"https:\/\/ceas.org.pe\/index.php\/wp-json\/wp\/v2\/posts\/8273\/revisions\/8274"}],"wp:featuredmedia":[{"embeddable":true,"href":"https:\/\/ceas.org.pe\/index.php\/wp-json\/wp\/v2\/media\/980"}],"wp:attachment":[{"href":"https:\/\/ceas.org.pe\/index.php\/wp-json\/wp\/v2\/media?parent=8273"}],"wp:term":[{"taxonomy":"category","embeddable":true,"href":"https:\/\/ceas.org.pe\/index.php\/wp-json\/wp\/v2\/categories?post=8273"},{"taxonomy":"post_tag","embeddable":true,"href":"https:\/\/ceas.org.pe\/index.php\/wp-json\/wp\/v2\/tags?post=8273"}],"curies":[{"name":"wp","href":"https:\/\/api.w.org\/{rel}","templated":true}]}}