{"id":8251,"date":"2018-07-16T20:27:48","date_gmt":"2018-07-17T01:27:48","guid":{"rendered":"https:\/\/ceas.org.pe\/?p=8251"},"modified":"2026-03-13T20:29:56","modified_gmt":"2026-03-14T01:29:56","slug":"mensaje-de-solidaridad-con-la-persona-encarcelada-2018","status":"publish","type":"post","link":"https:\/\/ceas.org.pe\/index.php\/2018\/07\/16\/mensaje-de-solidaridad-con-la-persona-encarcelada-2018\/","title":{"rendered":"MENSAJE DE SOLIDARIDAD CON LA PERSONA ENCARCELADA 2018"},"content":{"rendered":"<p>\u201c\u2026, A TI TE DIGO, LEVANTATE\u201d (Mc 5,41)<\/p>\n<p>Con estas palabras de Jes\u00fas a una ni\u00f1a, que dec\u00edan estaba muerta, queremos expresar el sentido profundo de la labor de la Iglesia con las personas encarceladas, queriendo expresar tambi\u00e9n lo que debe ser la labor del Estado Peruano, con las personas -hombres y mujeres- encarceladas, en el llamado tratamiento penitenciario para la rehabilitaci\u00f3n y resocializaci\u00f3n: una oportunidad.<\/p>\n<p>&nbsp;<\/p>\n<a href=\"https:\/\/ceas.org.pe\/wp-content\/uploads\/0000000_mensaje_obispos_2018-1.pdf\" class=\"pdfemb-viewer\" style=\"\" data-width=\"max\" data-height=\"max\" data-toolbar=\"bottom\" data-toolbar-fixed=\"off\">0000000_mensaje_obispos_2018<\/a>\n","protected":false},"excerpt":{"rendered":"<p>\u201c\u2026, A TI TE DIGO, LEVANTATE\u201d (Mc 5,41) Con estas palabras de Jes\u00fas a una ni\u00f1a, que dec\u00edan estaba muerta, queremos expresar el sentido profundo de la labor de la Iglesia con las personas encarceladas, queriendo expresar tambi\u00e9n lo que debe ser la labor del Estado Peruano, con las personas -hombres y mujeres- encarceladas, en [&hellip;]<\/p>\n","protected":false},"author":1,"featured_media":965,"comment_status":"closed","ping_status":"closed","sticky":false,"template":"","format":"standard","meta":{"footnotes":""},"categories":[5],"tags":[],"class_list":["post-8251","post","type-post","status-publish","format-standard","has-post-thumbnail","hentry","category-publicaciones"],"_links":{"self":[{"href":"https:\/\/ceas.org.pe\/index.php\/wp-json\/wp\/v2\/posts\/8251","targetHints":{"allow":["GET"]}}],"collection":[{"href":"https:\/\/ceas.org.pe\/index.php\/wp-json\/wp\/v2\/posts"}],"about":[{"href":"https:\/\/ceas.org.pe\/index.php\/wp-json\/wp\/v2\/types\/post"}],"author":[{"embeddable":true,"href":"https:\/\/ceas.org.pe\/index.php\/wp-json\/wp\/v2\/users\/1"}],"replies":[{"embeddable":true,"href":"https:\/\/ceas.org.pe\/index.php\/wp-json\/wp\/v2\/comments?post=8251"}],"version-history":[{"count":1,"href":"https:\/\/ceas.org.pe\/index.php\/wp-json\/wp\/v2\/posts\/8251\/revisions"}],"predecessor-version":[{"id":8252,"href":"https:\/\/ceas.org.pe\/index.php\/wp-json\/wp\/v2\/posts\/8251\/revisions\/8252"}],"wp:featuredmedia":[{"embeddable":true,"href":"https:\/\/ceas.org.pe\/index.php\/wp-json\/wp\/v2\/media\/965"}],"wp:attachment":[{"href":"https:\/\/ceas.org.pe\/index.php\/wp-json\/wp\/v2\/media?parent=8251"}],"wp:term":[{"taxonomy":"category","embeddable":true,"href":"https:\/\/ceas.org.pe\/index.php\/wp-json\/wp\/v2\/categories?post=8251"},{"taxonomy":"post_tag","embeddable":true,"href":"https:\/\/ceas.org.pe\/index.php\/wp-json\/wp\/v2\/tags?post=8251"}],"curies":[{"name":"wp","href":"https:\/\/api.w.org\/{rel}","templated":true}]}}