{"id":8246,"date":"2018-09-25T19:08:29","date_gmt":"2018-09-26T00:08:29","guid":{"rendered":"https:\/\/ceas.org.pe\/?p=8246"},"modified":"2026-03-13T19:09:47","modified_gmt":"2026-03-14T00:09:47","slug":"papa-francisco-discursos-y-homilias","status":"publish","type":"post","link":"https:\/\/ceas.org.pe\/index.php\/2018\/09\/25\/papa-francisco-discursos-y-homilias\/","title":{"rendered":"PAPA FRANCISCO. DISCURSOS Y HOMILIAS"},"content":{"rendered":"<p>La presencia del Papa Francisco en nuestra patria -18 al 21 de enero de 2018- ha llevado a cuestionarnos, con sus mensajes, homil\u00edas y gestos, que en una sociedad llena de tantas posibilidades de vivir el evangelio, tenemos la oportunidad de trabajar por la dignidad y sacralidad del ser humano, generando una cultura de encuentro que nos renueve en la esperanza.<\/p>\n<p>Compartimos esta publicaci\u00f3n para tenerla como herramienta para nuestro discernimiento, personal y comunitario, y as\u00ed poder tener un itinerario espiritual que responda al clamor del ser humano y la casa com\u00fan de hoy, manteniendo la cultura de nuestros pueblos como un signo de vida.<\/p>\n<p>&nbsp;<\/p>\n<a href=\"https:\/\/ceas.org.pe\/wp-content\/uploads\/0000000_discursos_y_homilias_del_papa_web-1.pdf\" class=\"pdfemb-viewer\" style=\"\" data-width=\"max\" data-height=\"max\" data-toolbar=\"bottom\" data-toolbar-fixed=\"off\">0000000_discursos_y_homilias_del_papa_web<\/a>\n","protected":false},"excerpt":{"rendered":"<p>La presencia del Papa Francisco en nuestra patria -18 al 21 de enero de 2018- ha llevado a cuestionarnos, con sus mensajes, homil\u00edas y gestos, que en una sociedad llena de tantas posibilidades de vivir el evangelio, tenemos la oportunidad de trabajar por la dignidad y sacralidad del ser humano, generando una cultura de encuentro [&hellip;]<\/p>\n","protected":false},"author":1,"featured_media":1079,"comment_status":"closed","ping_status":"closed","sticky":false,"template":"","format":"standard","meta":{"footnotes":""},"categories":[5],"tags":[],"class_list":["post-8246","post","type-post","status-publish","format-standard","has-post-thumbnail","hentry","category-publicaciones"],"_links":{"self":[{"href":"https:\/\/ceas.org.pe\/index.php\/wp-json\/wp\/v2\/posts\/8246","targetHints":{"allow":["GET"]}}],"collection":[{"href":"https:\/\/ceas.org.pe\/index.php\/wp-json\/wp\/v2\/posts"}],"about":[{"href":"https:\/\/ceas.org.pe\/index.php\/wp-json\/wp\/v2\/types\/post"}],"author":[{"embeddable":true,"href":"https:\/\/ceas.org.pe\/index.php\/wp-json\/wp\/v2\/users\/1"}],"replies":[{"embeddable":true,"href":"https:\/\/ceas.org.pe\/index.php\/wp-json\/wp\/v2\/comments?post=8246"}],"version-history":[{"count":1,"href":"https:\/\/ceas.org.pe\/index.php\/wp-json\/wp\/v2\/posts\/8246\/revisions"}],"predecessor-version":[{"id":8247,"href":"https:\/\/ceas.org.pe\/index.php\/wp-json\/wp\/v2\/posts\/8246\/revisions\/8247"}],"wp:featuredmedia":[{"embeddable":true,"href":"https:\/\/ceas.org.pe\/index.php\/wp-json\/wp\/v2\/media\/1079"}],"wp:attachment":[{"href":"https:\/\/ceas.org.pe\/index.php\/wp-json\/wp\/v2\/media?parent=8246"}],"wp:term":[{"taxonomy":"category","embeddable":true,"href":"https:\/\/ceas.org.pe\/index.php\/wp-json\/wp\/v2\/categories?post=8246"},{"taxonomy":"post_tag","embeddable":true,"href":"https:\/\/ceas.org.pe\/index.php\/wp-json\/wp\/v2\/tags?post=8246"}],"curies":[{"name":"wp","href":"https:\/\/api.w.org\/{rel}","templated":true}]}}