{"id":8244,"date":"2018-10-30T18:48:26","date_gmt":"2018-10-30T23:48:26","guid":{"rendered":"https:\/\/ceas.org.pe\/?p=8244"},"modified":"2026-03-13T19:07:54","modified_gmt":"2026-03-14T00:07:54","slug":"este-pobre-grito-y-el-senor-lo-escucho","status":"publish","type":"post","link":"https:\/\/ceas.org.pe\/index.php\/2018\/10\/30\/este-pobre-grito-y-el-senor-lo-escucho\/","title":{"rendered":"ESTE POBRE GRIT\u00d3 Y EL SE\u00d1OR LO ESCUCH\u00d3"},"content":{"rendered":"<p>Para este a\u00f1o el Santo Padre nos invita a reflexionar y actuar desde el Salmo 34, \u201cEste pobre grit\u00f3 y el Se\u00f1or lo escuch\u00f3\u201d, palabras que debemos hacerlas propias. Celebrar una Jornada Mundial de los Pobres, nos lleva a hacer una reflexi\u00f3n profunda, de nuestro compromiso con el Se\u00f1or y el deseo que querer seguirlo.<\/p>\n<p>Compartimos con ustedes este folleto de reflexi\u00f3n para la Jornada Mundial de los Pobres, que por segundo a\u00f1o consecutivo el Papa Francisco nos ha convocado a celebrar en todas las parroquias y comunidades.<\/p>\n<p>&nbsp;<\/p>\n<a href=\"https:\/\/ceas.org.pe\/wp-content\/uploads\/0000000_jornada_mundial_de_los_pobres_2018-1.pdf\" class=\"pdfemb-viewer\" style=\"\" data-width=\"max\" data-height=\"max\" data-toolbar=\"bottom\" data-toolbar-fixed=\"off\">0000000_jornada_mundial_de_los_pobres_2018<\/a>\n","protected":false},"excerpt":{"rendered":"<p>Para este a\u00f1o el Santo Padre nos invita a reflexionar y actuar desde el Salmo 34, \u201cEste pobre grit\u00f3 y el Se\u00f1or lo escuch\u00f3\u201d, palabras que debemos hacerlas propias. Celebrar una Jornada Mundial de los Pobres, nos lleva a hacer una reflexi\u00f3n profunda, de nuestro compromiso con el Se\u00f1or y el deseo que querer seguirlo. [&hellip;]<\/p>\n","protected":false},"author":1,"featured_media":1057,"comment_status":"closed","ping_status":"closed","sticky":false,"template":"","format":"standard","meta":{"footnotes":""},"categories":[5],"tags":[],"class_list":["post-8244","post","type-post","status-publish","format-standard","has-post-thumbnail","hentry","category-publicaciones"],"_links":{"self":[{"href":"https:\/\/ceas.org.pe\/index.php\/wp-json\/wp\/v2\/posts\/8244","targetHints":{"allow":["GET"]}}],"collection":[{"href":"https:\/\/ceas.org.pe\/index.php\/wp-json\/wp\/v2\/posts"}],"about":[{"href":"https:\/\/ceas.org.pe\/index.php\/wp-json\/wp\/v2\/types\/post"}],"author":[{"embeddable":true,"href":"https:\/\/ceas.org.pe\/index.php\/wp-json\/wp\/v2\/users\/1"}],"replies":[{"embeddable":true,"href":"https:\/\/ceas.org.pe\/index.php\/wp-json\/wp\/v2\/comments?post=8244"}],"version-history":[{"count":1,"href":"https:\/\/ceas.org.pe\/index.php\/wp-json\/wp\/v2\/posts\/8244\/revisions"}],"predecessor-version":[{"id":8245,"href":"https:\/\/ceas.org.pe\/index.php\/wp-json\/wp\/v2\/posts\/8244\/revisions\/8245"}],"wp:featuredmedia":[{"embeddable":true,"href":"https:\/\/ceas.org.pe\/index.php\/wp-json\/wp\/v2\/media\/1057"}],"wp:attachment":[{"href":"https:\/\/ceas.org.pe\/index.php\/wp-json\/wp\/v2\/media?parent=8244"}],"wp:term":[{"taxonomy":"category","embeddable":true,"href":"https:\/\/ceas.org.pe\/index.php\/wp-json\/wp\/v2\/categories?post=8244"},{"taxonomy":"post_tag","embeddable":true,"href":"https:\/\/ceas.org.pe\/index.php\/wp-json\/wp\/v2\/tags?post=8244"}],"curies":[{"name":"wp","href":"https:\/\/api.w.org\/{rel}","templated":true}]}}