{"id":8231,"date":"2019-10-30T18:13:02","date_gmt":"2019-10-30T23:13:02","guid":{"rendered":"https:\/\/ceas.org.pe\/?p=8231"},"modified":"2026-03-13T18:16:53","modified_gmt":"2026-03-13T23:16:53","slug":"la-esperanza-de-los-pobres-nunca-se-frustrara","status":"publish","type":"post","link":"https:\/\/ceas.org.pe\/index.php\/2019\/10\/30\/la-esperanza-de-los-pobres-nunca-se-frustrara\/","title":{"rendered":"LA ESPERANZA DE LOS POBRES NUNCA SE FRUSTRAR\u00c1"},"content":{"rendered":"<p>Compartimos este importante material elaborado por la Comisi\u00f3n Episcopal de Acci\u00f3n Social y por C\u00e1ritas del Per\u00fa sobre el Mensaje de la III Jornada Mundial de los Pobres \u201cLa esperanza de los pobres nunca se frustrar\u00e1\u201d.<\/p>\n<p>Este material est\u00e1 dirigido a agentes pastorales, grupos apost\u00f3licos y promotores de la caridad en la parroquia, recordando que el Papa Francisco nos dice que la caridad hay que vivirla d\u00eda a d\u00eda y no s\u00f3lo en esta Jornada.<\/p>\n<p>&nbsp;<\/p>\n<a href=\"https:\/\/ceas.org.pe\/wp-content\/uploads\/0000000_iii_jornada_mundial_de_los_pobres-1.pdf\" class=\"pdfemb-viewer\" style=\"\" data-width=\"max\" data-height=\"max\" data-toolbar=\"bottom\" data-toolbar-fixed=\"off\">0000000_iii_jornada_mundial_de_los_pobres<\/a>\n","protected":false},"excerpt":{"rendered":"<p>Compartimos este importante material elaborado por la Comisi\u00f3n Episcopal de Acci\u00f3n Social y por C\u00e1ritas del Per\u00fa sobre el Mensaje de la III Jornada Mundial de los Pobres \u201cLa esperanza de los pobres nunca se frustrar\u00e1\u201d. Este material est\u00e1 dirigido a agentes pastorales, grupos apost\u00f3licos y promotores de la caridad en la parroquia, recordando que [&hellip;]<\/p>\n","protected":false},"author":1,"featured_media":8233,"comment_status":"closed","ping_status":"closed","sticky":false,"template":"","format":"standard","meta":{"footnotes":""},"categories":[5],"tags":[],"class_list":["post-8231","post","type-post","status-publish","format-standard","has-post-thumbnail","hentry","category-publicaciones"],"_links":{"self":[{"href":"https:\/\/ceas.org.pe\/index.php\/wp-json\/wp\/v2\/posts\/8231","targetHints":{"allow":["GET"]}}],"collection":[{"href":"https:\/\/ceas.org.pe\/index.php\/wp-json\/wp\/v2\/posts"}],"about":[{"href":"https:\/\/ceas.org.pe\/index.php\/wp-json\/wp\/v2\/types\/post"}],"author":[{"embeddable":true,"href":"https:\/\/ceas.org.pe\/index.php\/wp-json\/wp\/v2\/users\/1"}],"replies":[{"embeddable":true,"href":"https:\/\/ceas.org.pe\/index.php\/wp-json\/wp\/v2\/comments?post=8231"}],"version-history":[{"count":1,"href":"https:\/\/ceas.org.pe\/index.php\/wp-json\/wp\/v2\/posts\/8231\/revisions"}],"predecessor-version":[{"id":8232,"href":"https:\/\/ceas.org.pe\/index.php\/wp-json\/wp\/v2\/posts\/8231\/revisions\/8232"}],"wp:featuredmedia":[{"embeddable":true,"href":"https:\/\/ceas.org.pe\/index.php\/wp-json\/wp\/v2\/media\/8233"}],"wp:attachment":[{"href":"https:\/\/ceas.org.pe\/index.php\/wp-json\/wp\/v2\/media?parent=8231"}],"wp:term":[{"taxonomy":"category","embeddable":true,"href":"https:\/\/ceas.org.pe\/index.php\/wp-json\/wp\/v2\/categories?post=8231"},{"taxonomy":"post_tag","embeddable":true,"href":"https:\/\/ceas.org.pe\/index.php\/wp-json\/wp\/v2\/tags?post=8231"}],"curies":[{"name":"wp","href":"https:\/\/api.w.org\/{rel}","templated":true}]}}