{"id":8229,"date":"2020-03-11T18:10:06","date_gmt":"2020-03-11T23:10:06","guid":{"rendered":"https:\/\/ceas.org.pe\/?p=8229"},"modified":"2026-03-13T18:12:33","modified_gmt":"2026-03-13T23:12:33","slug":"exhortacion-apostolica-querida-amazonia","status":"publish","type":"post","link":"https:\/\/ceas.org.pe\/index.php\/2020\/03\/11\/exhortacion-apostolica-querida-amazonia\/","title":{"rendered":"EXHORTACI\u00d3N APOST\u00d3LICA \u201cQUERIDA AMAZON\u00cdA\u201d"},"content":{"rendered":"<p>En el marco de los 55 a\u00f1os de la presencia de la Comisi\u00f3n Episcopal de Acci\u00f3n Social en el pueblo peruano, queremos invitarles y motivarles a la reflexi\u00f3n de la Exhortaci\u00f3n Apost\u00f3lica \u201cQuerida Amazon\u00eda\u201d.<\/p>\n<p>Ponemos a su disposici\u00f3n esta versi\u00f3n resumida, en la que el Papa Francisco comparte sus \u201csue\u00f1os para la amazon\u00eda\u201d, con estos sue\u00f1os quiere motivarnos a hacer de esta tierra tambi\u00e9n nuestra tierra, a hacer nuestra la lucha por los derechos de los m\u00e1s pobres, que posibilitemos la preservaci\u00f3n de la riqueza cultural y la custodia con firmeza de la hermosa naturaleza de la regi\u00f3n amaz\u00f3nica y como comunidad cristiana tengamos la capacidad de entregarnos y encarnarnos en la Amazon\u00eda.<\/p>\n<p>&nbsp;<\/p>\n<a href=\"https:\/\/ceas.org.pe\/wp-content\/uploads\/0000000_vr_querida_amazonia_final-1.pdf\" class=\"pdfemb-viewer\" style=\"\" data-width=\"max\" data-height=\"max\" data-toolbar=\"bottom\" data-toolbar-fixed=\"off\">0000000_vr_querida_amazonia_final<\/a>\n","protected":false},"excerpt":{"rendered":"<p>En el marco de los 55 a\u00f1os de la presencia de la Comisi\u00f3n Episcopal de Acci\u00f3n Social en el pueblo peruano, queremos invitarles y motivarles a la reflexi\u00f3n de la Exhortaci\u00f3n Apost\u00f3lica \u201cQuerida Amazon\u00eda\u201d. Ponemos a su disposici\u00f3n esta versi\u00f3n resumida, en la que el Papa Francisco comparte sus \u201csue\u00f1os para la amazon\u00eda\u201d, con estos [&hellip;]<\/p>\n","protected":false},"author":1,"featured_media":1004,"comment_status":"closed","ping_status":"closed","sticky":false,"template":"","format":"standard","meta":{"footnotes":""},"categories":[5],"tags":[],"class_list":["post-8229","post","type-post","status-publish","format-standard","has-post-thumbnail","hentry","category-publicaciones"],"_links":{"self":[{"href":"https:\/\/ceas.org.pe\/index.php\/wp-json\/wp\/v2\/posts\/8229","targetHints":{"allow":["GET"]}}],"collection":[{"href":"https:\/\/ceas.org.pe\/index.php\/wp-json\/wp\/v2\/posts"}],"about":[{"href":"https:\/\/ceas.org.pe\/index.php\/wp-json\/wp\/v2\/types\/post"}],"author":[{"embeddable":true,"href":"https:\/\/ceas.org.pe\/index.php\/wp-json\/wp\/v2\/users\/1"}],"replies":[{"embeddable":true,"href":"https:\/\/ceas.org.pe\/index.php\/wp-json\/wp\/v2\/comments?post=8229"}],"version-history":[{"count":1,"href":"https:\/\/ceas.org.pe\/index.php\/wp-json\/wp\/v2\/posts\/8229\/revisions"}],"predecessor-version":[{"id":8230,"href":"https:\/\/ceas.org.pe\/index.php\/wp-json\/wp\/v2\/posts\/8229\/revisions\/8230"}],"wp:featuredmedia":[{"embeddable":true,"href":"https:\/\/ceas.org.pe\/index.php\/wp-json\/wp\/v2\/media\/1004"}],"wp:attachment":[{"href":"https:\/\/ceas.org.pe\/index.php\/wp-json\/wp\/v2\/media?parent=8229"}],"wp:term":[{"taxonomy":"category","embeddable":true,"href":"https:\/\/ceas.org.pe\/index.php\/wp-json\/wp\/v2\/categories?post=8229"},{"taxonomy":"post_tag","embeddable":true,"href":"https:\/\/ceas.org.pe\/index.php\/wp-json\/wp\/v2\/tags?post=8229"}],"curies":[{"name":"wp","href":"https:\/\/api.w.org\/{rel}","templated":true}]}}