{"id":8191,"date":"2020-05-29T21:08:13","date_gmt":"2020-05-30T02:08:13","guid":{"rendered":"https:\/\/ceas.org.pe\/?p=8191"},"modified":"2026-03-12T21:11:19","modified_gmt":"2026-03-13T02:11:19","slug":"orar-en-clave-de-accion-de-gracias","status":"publish","type":"post","link":"https:\/\/ceas.org.pe\/index.php\/2020\/05\/29\/orar-en-clave-de-accion-de-gracias\/","title":{"rendered":"ORAR EN CLAVE DE ACCI\u00d3N DE GRACIAS"},"content":{"rendered":"<p>CEAS comparte con ustedes este momento de conectarnos con Dios pero en clave de acci\u00f3n de Gracias, en donde queremos unir lo espiritual con lo social, orar y actuar.<\/p>\n<p>La oraci\u00f3n no puede estar desconectada del trabajo que se hace en la acci\u00f3n social de la Iglesia que est\u00e1 llamada a estar con los m\u00e1s vulnerables y con voz prof\u00e9tica anunciar y denunciar todo atropello sobre la dignidad de los hombres y mujeres de nuestros tiempos.<\/p>\n<p>Por ello en nuestra p\u00e1gina virtual y en nuestras redes queremos orar en clave de acci\u00f3n de gracias con todos ustedes sin perder de vista nuestra presencia en las pastorales que animamos.<\/p>\n<a href=\"https:\/\/ceas.org.pe\/wp-content\/uploads\/0000000_oraciones-1.pdf\" class=\"pdfemb-viewer\" style=\"\" data-width=\"max\" data-height=\"max\" data-toolbar=\"bottom\" data-toolbar-fixed=\"off\">0000000_oraciones<\/a>\n","protected":false},"excerpt":{"rendered":"<p>CEAS comparte con ustedes este momento de conectarnos con Dios pero en clave de acci\u00f3n de Gracias, en donde queremos unir lo espiritual con lo social, orar y actuar. La oraci\u00f3n no puede estar desconectada del trabajo que se hace en la acci\u00f3n social de la Iglesia que est\u00e1 llamada a estar con los m\u00e1s [&hellip;]<\/p>\n","protected":false},"author":1,"featured_media":1047,"comment_status":"closed","ping_status":"closed","sticky":false,"template":"","format":"standard","meta":{"footnotes":""},"categories":[5],"tags":[],"class_list":["post-8191","post","type-post","status-publish","format-standard","has-post-thumbnail","hentry","category-publicaciones"],"_links":{"self":[{"href":"https:\/\/ceas.org.pe\/index.php\/wp-json\/wp\/v2\/posts\/8191","targetHints":{"allow":["GET"]}}],"collection":[{"href":"https:\/\/ceas.org.pe\/index.php\/wp-json\/wp\/v2\/posts"}],"about":[{"href":"https:\/\/ceas.org.pe\/index.php\/wp-json\/wp\/v2\/types\/post"}],"author":[{"embeddable":true,"href":"https:\/\/ceas.org.pe\/index.php\/wp-json\/wp\/v2\/users\/1"}],"replies":[{"embeddable":true,"href":"https:\/\/ceas.org.pe\/index.php\/wp-json\/wp\/v2\/comments?post=8191"}],"version-history":[{"count":1,"href":"https:\/\/ceas.org.pe\/index.php\/wp-json\/wp\/v2\/posts\/8191\/revisions"}],"predecessor-version":[{"id":8192,"href":"https:\/\/ceas.org.pe\/index.php\/wp-json\/wp\/v2\/posts\/8191\/revisions\/8192"}],"wp:featuredmedia":[{"embeddable":true,"href":"https:\/\/ceas.org.pe\/index.php\/wp-json\/wp\/v2\/media\/1047"}],"wp:attachment":[{"href":"https:\/\/ceas.org.pe\/index.php\/wp-json\/wp\/v2\/media?parent=8191"}],"wp:term":[{"taxonomy":"category","embeddable":true,"href":"https:\/\/ceas.org.pe\/index.php\/wp-json\/wp\/v2\/categories?post=8191"},{"taxonomy":"post_tag","embeddable":true,"href":"https:\/\/ceas.org.pe\/index.php\/wp-json\/wp\/v2\/tags?post=8191"}],"curies":[{"name":"wp","href":"https:\/\/api.w.org\/{rel}","templated":true}]}}