{"id":3661,"date":"2021-02-23T02:15:24","date_gmt":"2021-02-23T02:15:24","guid":{"rendered":""},"modified":"2026-03-11T09:11:46","modified_gmt":"2026-03-11T14:11:46","slug":"individualismo-y-bien-comun","status":"publish","type":"post","link":"https:\/\/ceas.org.pe\/index.php\/2021\/02\/23\/individualismo-y-bien-comun\/","title":{"rendered":"Individualismo y bien com\u00fan"},"content":{"rendered":"<p><b style=\"text-align: justify;\">Javier Jahncke\/CEAS<\/b><\/p>\n<p class=\"MsoNormal\" style=\"text-align:justify;line-height:normal\">La \u00faltima semana, nos ha dejado una serie de frases c\u00e9lebres ya, como reacci\u00f3n de las y los indebidamente vacunados contra el COVID 19, frente al esc\u00e1ndalo de conocimiento p\u00fablico por que no eran personas que estaban incluidas en la primera fase: \u201del error de mi vida\u201d, no me puedo dar el lujo de enfermarme\u201d, \u201che sido consultor en tema \u00e9ticos\u201d\u2026 <o:p><\/o:p><\/p>\n<p class=\"MsoNormal\" style=\"text-align:justify;line-height:normal\">Funcionarios\/as p\u00fablicos, empresarios\/as, pol\u00edticos, m\u00e9dicos, representante eclesi\u00e1stico, personas que asumen diferentes roles sociales cayeron en la \u201ctentaci\u00f3n\u201d de las vacunas, como dir\u00eda en su homil\u00eda el nuevo Obispo Auxiliar de Lima, Mons.\u00a0 Guillermo Cornejo, aludiendo al evangelio del primer domingo de Cuaresma, sobre las tentaciones que vivi\u00f3 Jes\u00fas. <o:p><\/o:p><\/p>\n<p class=\"MsoNormal\" style=\"text-align:justify;line-height:normal\">Pero que puede haber impulsado a estas personas, que conocen del nivel de responsabilidad que tiene a nivel pol\u00edtico y social, a tomar esta decisi\u00f3n, involucrando incluso en ella, \u00bfen algunos casos a sus familiares? \u00bfQu\u00e9 inter\u00e9s de fondo hay en hacer de la vacunaci\u00f3n y en la venta de ox\u00edgeno un \u201cnegocio\u201d? \u2026<o:p><\/o:p><\/p>\n<p class=\"paragraph\" style=\"margin-top:0cm;margin-right:0cm;margin-bottom:22.5pt;\nmargin-left:0cm;text-align:justify\"><span style=\"font-size:11.0pt;font-family:\n\"Calibri\",sans-serif;mso-ascii-theme-font:minor-latin;mso-hansi-theme-font:\nminor-latin;mso-bidi-theme-font:minor-latin;color:#1F1F1F\">Al respecto Papa Francisco en plana pandemia, nos ha alertado: <b>\u201del<\/b> <b>riesgo es que nos golpee un virus todav\u00eda peor, el del ego\u00edsmo indiferente<\/b>\u201d. Ese \u00abvirus\u00bb se difunde en la sociedad <b>\u00abal pensar que la vida mejora si me va mejor a m\u00ed, que todo ir\u00e1 bien si me va bien a m\u00ed\u00bb.<o:p><\/o:p><\/b><\/span><\/p>\n<p class=\"paragraph\" style=\"margin-top:0cm;margin-right:0cm;margin-bottom:22.5pt;\nmargin-left:0cm;text-align:justify\"><span style=\"font-size:11.0pt;font-family:\n\"Calibri\",sans-serif;mso-ascii-theme-font:minor-latin;mso-hansi-theme-font:\nminor-latin;mso-bidi-theme-font:minor-latin;color:#1F1F1F\">Esa es la tentaci\u00f3n de la forma de relacionarnos que hoy tenemos, del sistema econ\u00f3mico que como ha dicho Papa Francisco \u201cya no se aguanta\u201d, que nos hace pelear en la vida individualmente, como emprendedores, donde el logro personal es la meta, y no hay una perspectiva de conjunto en salir adelante juntos, en un logro como pa\u00eds, como sociedad. Esta situaci\u00f3n est\u00e1 muy presente, y con mayor acento en plena pandemia frente a la lamentable falta de ox\u00edgeno, falta de camas de hospitalizaci\u00f3n y UCI, y ahora ante las vacunas.<o:p><\/o:p><\/span><\/p>\n<p class=\"paragraph\" style=\"margin-top:0cm;margin-right:0cm;margin-bottom:22.5pt;\nmargin-left:0cm;text-align:justify\"><span style=\"font-size: 11pt; font-family: Calibri, sans-serif; color: rgb(55, 55, 55); background-image: initial; background-position: initial; background-size: initial; background-repeat: initial; background-attachment: initial; background-origin: initial; background-clip: initial;\">Al respecto Papa Francisco ha citado que \u201cel coronavirus no es la \u00fanica enfermedad que hay que combatir, sino que la pandemia ha sacado a la luz patolog\u00edas sociales m\u00e1s amplias\u201d, como \u201cla visi\u00f3n distorsionada de la persona, una mirada que ignora su dignidad y su car\u00e1cter relacional.\u201d Una mirada de los otros como objetos, para usar y descartar, que \u201cfomenta una cultura del descarte individualista y agresiva, que transforma el ser humano en un bien de consumo\u201d<a href=\"file:\/\/\/C:\/Users\/pc\/Downloads\/Individualismo%20y%20bien%20com%C3%BAn%20-%20220221.docx#_ftn1\" name=\"_ftnref1\" title=\"\"><span class=\"MsoFootnoteReference\"><!--[if !supportFootnotes]--><span class=\"MsoFootnoteReference\"><span style=\"font-size: 11pt; line-height: 107%; color: rgb(55, 55, 55); background-image: initial; background-position: initial; background-size: initial; background-repeat: initial; background-attachment: initial; background-origin: initial; background-clip: initial;\">[1]<\/span><\/span><!--[endif]--><\/span><\/a>.<o:p><\/o:p><\/span><\/p>\n<p class=\"MsoNormal\" style=\"text-align:justify;line-height:normal\"><span style=\"color: rgb(55, 55, 55); background-image: initial; background-position: initial; background-size: initial; background-repeat: initial; background-attachment: initial; background-origin: initial; background-clip: initial;\">\u201cLa pandemia, -dice el Papa- \u201cha puesto de relieve lo vulnerables e interconectados que estamos todos. Si no cuidamos el uno del otro, empezando por los \u00faltimos, por los que est\u00e1n m\u00e1s afectados, incluso de la creaci\u00f3n, no podemos sanar el mundo\u201d<a href=\"file:\/\/\/C:\/Users\/pc\/Downloads\/Individualismo%20y%20bien%20com%C3%BAn%20-%20220221.docx#_ftn2\" name=\"_ftnref2\" title=\"\"><span class=\"MsoFootnoteReference\"><!--[if !supportFootnotes]--><span class=\"MsoFootnoteReference\"><span style=\"font-size: 11pt; line-height: 107%; font-family: Calibri, sans-serif; color: rgb(55, 55, 55); background-image: initial; background-position: initial; background-size: initial; background-repeat: initial; background-attachment: initial; background-origin: initial; background-clip: initial;\">[2]<\/span><\/span><!--[endif]--><\/span><\/a>. <o:p><\/o:p><\/span><\/p>\n<p class=\"MsoNormal\" style=\"text-align:justify;line-height:normal\"><span style=\"color: rgb(55, 55, 55); background-image: initial; background-position: initial; background-size: initial; background-repeat: initial; background-attachment: initial; background-origin: initial; background-clip: initial;\">\u00bfQu\u00e9 tanto estamos preocupados por sanar el mundo, o por s\u00f3lo sanarnos o \u201csalvarnos\u201d de manera personal? \u00bfAcaso a\u00fan no entendemos que, si no estamos todas y todos vacunados, y tenemos el mismo acceso al ox\u00edgeno medicinal, si no estamos todas y todos unidos con un mismo objetivo, no podremos lograr superar al COVID 19 en nuestro pa\u00eds? <o:p><\/o:p><\/span><\/p>\n<p class=\"MsoNormal\" style=\"text-align:justify;line-height:normal\"><span style=\"color: rgb(55, 55, 55); background-image: initial; background-position: initial; background-size: initial; background-repeat: initial; background-attachment: initial; background-origin: initial; background-clip: initial;\">La sensaci\u00f3n que queda es que los cargos p\u00fablicos, la pol\u00edtica, el poder empresarial, brindan poder para una mejora o \u201csalvaci\u00f3n\u201d o \u201csanaci\u00f3n\u201d personal, familiar o de los amigos, sin asumir y vivir el verdadero objetivo que debe tener el servicio p\u00fablico, la responsabilidad social como empresa, el cargo al interior de instituciones eclesi\u00e1sticas, que es el estar siempre al servicio del bien com\u00fan, el tener \u201cal pr\u00f3jimo\u201d, \u201cal otro\/a como centro.\u00a0\u00a0 <o:p><\/o:p><\/span><\/p>\n<p class=\"MsoNormal\">Que esta cuaresma que iniciamos hoy, nos permita asumir la responsabilidad necesaria frente a nuestros actos. Si hemos fallado, como planteaba Monse\u00f1or Cornejo en su homil\u00eda, \u201cmucha oraci\u00f3n para una verdadera conversi\u00f3n, si hemos pensado en nosotros mismos, ego\u00edstamente, debemos comenzar una nueva vida\u201d, pero tambi\u00e9n debemos asumir nuestra responsabilidad frente a la sociedad y a las familias y personas que se quedar\u00e1n sin vacuna, y que son parte de la primera l\u00ednea y de la primera fase de la vacunaci\u00f3n, y debemos asumir las consecuencias que nuestras decisiones conllevan.<o:p><\/o:p><\/p>\n<div><!--[if !supportFootnotes]--><br clear=\"all\" \/><\/p>\n<hr align=\"left\" size=\"1\" width=\"33%\" \/>\n<!--[endif]--><\/p>\n<div id=\"ftn1\">\n<p class=\"MsoFootnoteText\"><a href=\"file:\/\/\/C:\/Users\/pc\/Downloads\/Individualismo%20y%20bien%20com%C3%BAn%20-%20220221.docx#_ftnref1\" name=\"_ftn1\" title=\"\"><span class=\"MsoFootnoteReference\"><!--[if !supportFootnotes]--><span class=\"MsoFootnoteReference\"><span style=\"font-size:10.0pt;line-height:107%;font-family:\"Calibri\",sans-serif;\nmso-ascii-theme-font:minor-latin;mso-fareast-font-family:Calibri;mso-fareast-theme-font:\nminor-latin;mso-hansi-theme-font:minor-latin;mso-bidi-font-family:\"Times New Roman\";\nmso-bidi-theme-font:minor-bidi;mso-ansi-language:ES-PE;mso-fareast-language:\nEN-US;mso-bidi-language:AR-SA\">[1]<\/span><\/span><!--[endif]--><\/span><\/a> Mensaje de Papa Francisco en Audiencia General del 12 de agosto de 2020<o:p><\/o:p><\/p>\n<\/div>\n<div id=\"ftn2\">\n<p class=\"MsoFootnoteText\"><a href=\"file:\/\/\/C:\/Users\/pc\/Downloads\/Individualismo%20y%20bien%20com%C3%BAn%20-%20220221.docx#_ftnref2\" name=\"_ftn2\" title=\"\"><span class=\"MsoFootnoteReference\"><!--[if !supportFootnotes]--><span class=\"MsoFootnoteReference\"><span style=\"font-size:10.0pt;line-height:107%;font-family:\"Calibri\",sans-serif;\nmso-ascii-theme-font:minor-latin;mso-fareast-font-family:Calibri;mso-fareast-theme-font:\nminor-latin;mso-hansi-theme-font:minor-latin;mso-bidi-font-family:\"Times New Roman\";\nmso-bidi-theme-font:minor-bidi;mso-ansi-language:ES-PE;mso-fareast-language:\nEN-US;mso-bidi-language:AR-SA\">[2]<\/span><\/span><!--[endif]--><\/span><\/a> Mensaje de Papa Francisco en Audiencia General del 12 de agosto de 2020<o:p><\/o:p><\/p>\n<\/div>\n<\/div>\n<p><a href=\"http:\/\/web.hilo.org.pe\/wp-content\/uploads\/_111301183_gettyimages-1201545434.jpg\" target=\"_blank\" rel=\"noopener\">Ver archivo adjunto<\/a><\/p>\n","protected":false},"excerpt":{"rendered":"<p>La \u00faltima semana, nos ha dejado una serie de frases c\u00e9lebres ya, como reacci\u00f3n de las y los indebidamente vacunados contra el COVID 19, frente al esc\u00e1ndalo de conocimiento p\u00fablico por que no eran personas que estaban incluidas en la primera fase: \u201del error de mi vida\u201d, no me puedo dar el lujo de enfermarme\u201d, \u201che sido consultor en tema \u00e9ticos\u201d\u2026<\/p>\n","protected":false},"author":1,"featured_media":8160,"comment_status":"closed","ping_status":"closed","sticky":false,"template":"","format":"standard","meta":{"footnotes":""},"categories":[9],"tags":[],"class_list":["post-3661","post","type-post","status-publish","format-standard","has-post-thumbnail","hentry","category-noticias"],"_links":{"self":[{"href":"https:\/\/ceas.org.pe\/index.php\/wp-json\/wp\/v2\/posts\/3661","targetHints":{"allow":["GET"]}}],"collection":[{"href":"https:\/\/ceas.org.pe\/index.php\/wp-json\/wp\/v2\/posts"}],"about":[{"href":"https:\/\/ceas.org.pe\/index.php\/wp-json\/wp\/v2\/types\/post"}],"author":[{"embeddable":true,"href":"https:\/\/ceas.org.pe\/index.php\/wp-json\/wp\/v2\/users\/1"}],"replies":[{"embeddable":true,"href":"https:\/\/ceas.org.pe\/index.php\/wp-json\/wp\/v2\/comments?post=3661"}],"version-history":[{"count":1,"href":"https:\/\/ceas.org.pe\/index.php\/wp-json\/wp\/v2\/posts\/3661\/revisions"}],"predecessor-version":[{"id":5552,"href":"https:\/\/ceas.org.pe\/index.php\/wp-json\/wp\/v2\/posts\/3661\/revisions\/5552"}],"wp:featuredmedia":[{"embeddable":true,"href":"https:\/\/ceas.org.pe\/index.php\/wp-json\/wp\/v2\/media\/8160"}],"wp:attachment":[{"href":"https:\/\/ceas.org.pe\/index.php\/wp-json\/wp\/v2\/media?parent=3661"}],"wp:term":[{"taxonomy":"category","embeddable":true,"href":"https:\/\/ceas.org.pe\/index.php\/wp-json\/wp\/v2\/categories?post=3661"},{"taxonomy":"post_tag","embeddable":true,"href":"https:\/\/ceas.org.pe\/index.php\/wp-json\/wp\/v2\/tags?post=3661"}],"curies":[{"name":"wp","href":"https:\/\/api.w.org\/{rel}","templated":true}]}}