{"id":3660,"date":"2021-02-10T16:51:30","date_gmt":"2021-02-10T16:51:30","guid":{"rendered":""},"modified":"2026-03-11T09:11:46","modified_gmt":"2026-03-11T14:11:46","slug":"la-inversion-privada-el-bono-universal-y-el-pacto-peru","status":"publish","type":"post","link":"https:\/\/ceas.org.pe\/index.php\/2021\/02\/10\/la-inversion-privada-el-bono-universal-y-el-pacto-peru\/","title":{"rendered":"La Inversi\u00f3n Privada, el Bono Universal y el Pacto Per\u00fa"},"content":{"rendered":"<p>\u00a0<b style=\"text-align: justify;\">Por: Javier Jahncke \/ CEAS<\/b><\/p>\n<p class=\"MsoNormal\" style=\"text-align:justify;line-height:normal\">El a\u00f1o pasado, entre los meses de setiembre y noviembre, la Comisi\u00f3n Episcopal de Acci\u00f3n Social \u2013 CEAS, fue encomendada por la Conferencia Episcopal Peruana \u2013 CEP, para participar en la Mesa de Crecimiento Econ\u00f3mico Sostenible del proceso del Pacto Per\u00fa, parte del Acuerdo Nacional que fue tarea planteada por el gobierno de entonces, que buscaba lograr consensos en un grupo tripartito, de gremios empresariales, partidos pol\u00edticos y sociedad civil, con el fin de acordar una serie de propuestas que deber\u00edan ser tomadas en cuenta por las y los candidatos a las elecciones generales en el pr\u00f3ximo mes de abril 2021.<o:p><\/o:p><\/p>\n<p class=\"MsoNormal\" style=\"text-align:justify;line-height:normal\">Es lamentable que dicho proceso de consensos, qu\u00e9 si bien por ello mismo no pudo recoger todas las diversas perspectivas de los actores participantes, hasta el momento haya sido dejado de lado por el gobierno de emergencia del Se\u00f1or Sagasti, y no haya sido considerado en la agenda de debate nacional actual por el propio Acuerdo Nacional.<o:p><\/o:p><\/p>\n<p class=\"MsoNormal\" style=\"text-align:justify;line-height:normal\">En dicho proceso, tuvimos la oportunidad de contar con diversos especialistas del gobierno (MEF, BCRP, MINAM, MINEM, CEPLAN, entre otros), y del mundo de la academia (U. Pac\u00edfico, PUCP, entre otras), quienes nos plantearon sus visiones sobre diversos temas de agenda.<o:p><\/o:p><\/p>\n<p class=\"MsoNormal\" style=\"text-align:justify;line-height:normal\">Uno de los especialistas fue el Economista Germ\u00e1n Alarco de la Universidad del Pac\u00edfico, con quien pudimos conversar en su momento, entre otros temas sobre la verdadera influencia de la inversi\u00f3n privada en la econom\u00eda nacional.<o:p><\/o:p><\/p>\n<p class=\"MsoNormal\" style=\"text-align:justify;line-height:normal\">Sobre el particular, compartimos la importancia que tiene la inversi\u00f3n privada en la econom\u00eda del pa\u00eds, sin embargo, es importante entender que la inversi\u00f3n privada no es la principal fuente que brinda ingresos para el gasto a nivel nacional, si bien es importante como componente del gasto y en la creaci\u00f3n de capacidad productiva. <o:p><\/o:p><\/p>\n<p class=\"MsoNormal\" style=\"text-align:justify;line-height:normal\">Sobre la base de datos concretos del Banco Central de Reserva del Per\u00fa (BCRP), que nos mostr\u00f3 en aquella oportunidad el Eco. Alarco, pudimos constatar que el aporte de la inversi\u00f3n privada al crecimiento econ\u00f3mico entre los a\u00f1os 1950 y el 2016, mencionaba Alarco, en el mejor de los casos (pico m\u00e1s alto) ha aportado con 22% del crecimiento en el per\u00edodo 2000 al 2016, y ha sido el consumo privado el que ha sostenido la econom\u00eda incluso con niveles de 80.6% (1960-1969) y recientemente 62.8% (2000-2016), y las exportaciones con 40% en la d\u00e9cada de 1990-1999, es decir, esta data evidencia que hay un aporte de la inversi\u00f3n privada, pero no es el fundamental en el crecimiento del PBI.<o:p><\/o:p><\/p>\n<p class=\"MsoNormal\" style=\"text-align:justify;line-height:normal\">Adicionalmente a ello es importante considerar, que en \u00e9pocas de crisis como la actual, la producci\u00f3n de las empresas cae, y aumenta la capacidad ociosa, puesto que las empresas prefieren no invertir, pues antes de hacerlo se espera el incremento de la demanda primero, situaci\u00f3n que en la actual crisis no se da necesariamente en los mismos niveles que antes de la pandemia.<o:p><\/o:p><\/p>\n<p class=\"MsoNormal\" style=\"text-align:justify;line-height:normal\">Es importante tomar en cuenta \u00e9stas consideraciones para tener claro que es lo que el Estado debe priorizar en situaciones de crisis, e hist\u00f3ricamente como vemos es el consumo privado el que es fundamental. Esto tiene que ver hoy en d\u00eda, con medidas de urgencia, como el bono universal, que consideramos que el gobierno debe priorizar en la situaci\u00f3n actual de cuarentena por la pandemia, lo que permitir\u00eda que haya menor necesidad de movilizaci\u00f3n de las personas, en especial del 70% de trabajadores informales, en la grave situaci\u00f3n sanitaria de segunda ola, y adem\u00e1s dinamizar\u00eda el necesario consumo privado en \u00e9sta crisis, para sostener a las familias, y con ello aportar a la econom\u00eda nacional.\u00a0 <o:p><\/o:p><\/p>\n<p style=\"margin: 0cm; text-align: justify; background-image: initial; background-position: initial; background-size: initial; background-repeat: initial; background-attachment: initial; background-origin: initial; background-clip: initial;\"><span style=\"font-size: 11pt; font-family: Calibri, sans-serif;\">Al respecto Papa Francisco, en plena pandemia, ha planteado en su mensaje a los movimientos populares: \u201cTal vez sea tiempo de pensar \u2013 es la conclusi\u00f3n de Francisco \u2013 \u00a0en un salario universal que reconozca y dignifique las nobles e insustituibles tareas que realizan (refiri\u00e9ndose a los vendedores ambulantes, los campesinos y agricultores familiares, recicladores, madres de comedores populares y m\u00e1s); capaz de garantizar y hacer realidad esa consigna tan humana y tan cristiana: ning\u00fan trabajador sin derechos\u201d.<\/span><span style=\"font-size:11.0pt;font-family:\"Calibri\",sans-serif;\nmso-ascii-theme-font:minor-latin;mso-hansi-theme-font:minor-latin;mso-bidi-theme-font:\nminor-latin\"><o:p><\/o:p><\/span><\/p>\n<p style=\"margin: 0cm; text-align: justify; background-image: initial; background-position: initial; background-size: initial; background-repeat: initial; background-attachment: initial; background-origin: initial; background-clip: initial;\"><span style=\"font-size:11.0pt;font-family:\"Calibri\",sans-serif;mso-ascii-theme-font:\nminor-latin;mso-hansi-theme-font:minor-latin;mso-bidi-theme-font:minor-latin\"><o:p>\u00a0<\/o:p><\/span><\/p>\n<p style=\"margin: 0cm; text-align: justify; background-image: initial; background-position: initial; background-size: initial; background-repeat: initial; background-attachment: initial; background-origin: initial; background-clip: initial;\"><span style=\"font-size: 11pt; font-family: Calibri, sans-serif;\">Es necesario escuchar nuevamente al Papa y priorizar los recursos que tenemos, en la persona humana, ante todo, brindarle lo que necesite en esta cuarentena y en una crisis que las vacunas a\u00fan no van a solucionar hasta que sean vacunados el 70% de peruanas y peruanos, y eso implica el bono universal ya.\u00a0<\/span><span style=\"font-size:11.0pt;\nfont-family:\"Calibri\",sans-serif;mso-ascii-theme-font:minor-latin;mso-hansi-theme-font:\nminor-latin;mso-bidi-theme-font:minor-latin\"><o:p><\/o:p><\/span><\/p>\n<p><a href=\"http:\/\/web.hilo.org.pe\/wp-content\/uploads\/BONO-UNIVERSAL.jpg\" target=\"_blank\" rel=\"noopener\">Ver archivo adjunto<\/a><\/p>\n","protected":false},"excerpt":{"rendered":"<p>El a\u00f1o pasado, entre los meses de setiembre y noviembre, la Comisi\u00f3n Episcopal de Acci\u00f3n Social \u2013 CEAS, fue encomendada por la Conferencia Episcopal Peruana \u2013 CEP, para participar en la Mesa de Crecimiento Econ\u00f3mico Sostenible del proceso del Pacto Per\u00fa, parte del Acuerdo Nacional que fue tarea planteada por el gobierno de entonces, que buscaba lograr consensos en un grupo tripartito, de gremios empresariales, partidos pol\u00edticos y sociedad civil, con el fin de acordar una serie de propuestas que deber\u00edan ser tomadas en cuenta por las y los candidatos a las elecciones generales en el pr\u00f3ximo mes de abril 2021.<\/p>\n","protected":false},"author":1,"featured_media":8150,"comment_status":"closed","ping_status":"closed","sticky":false,"template":"","format":"standard","meta":{"footnotes":""},"categories":[9],"tags":[],"class_list":["post-3660","post","type-post","status-publish","format-standard","has-post-thumbnail","hentry","category-noticias"],"_links":{"self":[{"href":"https:\/\/ceas.org.pe\/index.php\/wp-json\/wp\/v2\/posts\/3660","targetHints":{"allow":["GET"]}}],"collection":[{"href":"https:\/\/ceas.org.pe\/index.php\/wp-json\/wp\/v2\/posts"}],"about":[{"href":"https:\/\/ceas.org.pe\/index.php\/wp-json\/wp\/v2\/types\/post"}],"author":[{"embeddable":true,"href":"https:\/\/ceas.org.pe\/index.php\/wp-json\/wp\/v2\/users\/1"}],"replies":[{"embeddable":true,"href":"https:\/\/ceas.org.pe\/index.php\/wp-json\/wp\/v2\/comments?post=3660"}],"version-history":[{"count":1,"href":"https:\/\/ceas.org.pe\/index.php\/wp-json\/wp\/v2\/posts\/3660\/revisions"}],"predecessor-version":[{"id":5554,"href":"https:\/\/ceas.org.pe\/index.php\/wp-json\/wp\/v2\/posts\/3660\/revisions\/5554"}],"wp:featuredmedia":[{"embeddable":true,"href":"https:\/\/ceas.org.pe\/index.php\/wp-json\/wp\/v2\/media\/8150"}],"wp:attachment":[{"href":"https:\/\/ceas.org.pe\/index.php\/wp-json\/wp\/v2\/media?parent=3660"}],"wp:term":[{"taxonomy":"category","embeddable":true,"href":"https:\/\/ceas.org.pe\/index.php\/wp-json\/wp\/v2\/categories?post=3660"},{"taxonomy":"post_tag","embeddable":true,"href":"https:\/\/ceas.org.pe\/index.php\/wp-json\/wp\/v2\/tags?post=3660"}],"curies":[{"name":"wp","href":"https:\/\/api.w.org\/{rel}","templated":true}]}}