{"id":3659,"date":"2021-02-08T11:14:53","date_gmt":"2021-02-08T11:14:53","guid":{"rendered":""},"modified":"2026-03-11T09:11:46","modified_gmt":"2026-03-11T14:11:46","slug":"la-vacuna-y-la-nueva-normalidad-o-la-nueva-convivenciao","status":"publish","type":"post","link":"https:\/\/ceas.org.pe\/index.php\/2021\/02\/08\/la-vacuna-y-la-nueva-normalidad-o-la-nueva-convivenciao\/","title":{"rendered":"La VACUNA y \u00bfLa nueva normalidad o la nueva convivencia\u00f3"},"content":{"rendered":"<p><b style=\"text-align: justify;\">Por: Javier Jahncke \/ CEAS<\/b><\/p>\n<p class=\"MsoNormal\" style=\"text-align: justify; line-height: normal;\">La pandemia de COVID 19 sigue y seguir\u00e1 generando una profunda crisis sanitaria, econ\u00f3mica y social a nivel mundial y en particular en nuestro pa\u00eds. Ya hemos dicho hasta la saciedad que \u00e9sta pandemia ha sacado lo mejor y lo peor de la sociedad.<\/p>\n<p class=\"MsoNormal\" style=\"text-align: justify; line-height: normal;\">Por el lado sanitario, seguimos padeciendo el fallecimiento de familiares y amigos cercanos en una segunda ola que a\u00fan nos sigue golpeando, sin que los gobiernos que se han ido sucediendo en poco tiempo haya hecho mucho por afrontarla, ni con la capacidad sanitaria y de equipos m\u00e9dicos necesarios, sabiendo que van a llegar, un segunda, tercera y m\u00e1s olas, y tambi\u00e9n sin hacer lo suficiente para contar con la ansiada vacuna para todas y todos las y los peruanos que tienen el derecho de acceder a ella, con o sin recursos econ\u00f3micos, pues el valor fundamental es la vida y la salud.<\/p>\n<p class=\"MsoNormal\" style=\"text-align: justify; line-height: normal;\">Frente al despliegue de la enfermedad con sus diferentes variables, la exigencia de gran parte de las\/os m\u00e9dicos especialistas de una nueva cuarentena era esperada por semanas sin respuesta del gobierno en su momento, pero \u00e9sta decisi\u00f3n no fue acompa\u00f1ada por el necesario otorgamiento de un bono universal, que permitiera al 70% de peruanas y peruanos que viven de una econom\u00eda informal como la nuestra, que pudiera afrontar la situaci\u00f3n. Ahora en plena cuarentena tenemos que ver absurdos enfrentamientos entre polic\u00eda, serenazgos y trabajadores ambulantes que buscan un recurso para sobrevivir en el d\u00eda a d\u00eda.<\/p>\n<p class=\"MsoNormal\" style=\"text-align: justify; line-height: normal;\">Y frente a todo esto, la llegada de la esperada vacuna finalmente. Los medios de informaci\u00f3n informan hora a hora el trayecto para su llegada. La pregunta que nos queda es, \u00bfes la vacuna la soluci\u00f3n a todas las crisis que el COVID 19 ha evidenciado en nuestra sociedad?&#8230; Vacunados todas\/os. tambi\u00e9n \u201cdespertaremos una ma\u00f1ana eterna, desayunados todos\u201d, como dir\u00eda el gran C\u00e9sar Vallejo?&#8230; A qu\u00e9 pa\u00eds, a que mundo nos proyectamos\u2026 a regresar a la misma \u201cnormalidad\u201d que nos ha llevado a la situaci\u00f3n en la que estamos\u2026 o buscamos una nueva convivencia, un nuevo orden de las cosas, despu\u00e9s de \u00e9sta gran crisis\u2026 Ser\u00e1 una nueva oportunidad de cambio o una nueva oportunidad perdida\u2026<\/p>\n<p class=\"MsoNormal\" style=\"text-align: justify; line-height: normal;\">En \u00e9ste momento de grandes decisiones sobre el futuro no es gratuito que los medios de comunicaci\u00f3n, radio, televisi\u00f3n, sean invadidos por los intereses econ\u00f3micos que invierten ingentes cantidades de recursos econ\u00f3micos en hacer ver que todas y todos debemos regresar a la \u201cnormalidad\u201d en la que hemos vivido, porque ha sido beneficiosa\u2026 \u00bfpara quienes?&#8230;<\/p>\n<p class=\"MsoNormal\" style=\"text-align: justify; line-height: normal;\">Es fundamental recordar las palabras de Papa Francisco en esta pandemia: <span style=\"color: #373737; background-image: initial; background-position: initial; background-size: initial; background-repeat: initial; background-attachment: initial; background-origin: initial; background-clip: initial;\">\u201cpodremos regenerar la sociedad y no volver a la llamada \u2018normalidad\u2019,\u00a0que es una normalidad enferma, de hecho, enferma antes de la pandemia: \u00a1la pandemia lo puso de relieve!&#8230; porque esta normalidad estaba enferma de injusticias, desigualdades y degrado ambiental\u201d.<\/span><\/p>\n<p class=\"MsoNormal\" style=\"text-align: justify; line-height: normal;\"><span style=\"color: #373737; background-image: initial; background-position: initial; background-size: initial; background-repeat: initial; background-attachment: initial; background-origin: initial; background-clip: initial;\">Papa Francisco nos invita a reflexionar: \u201cLa normalidad a la cual estamos llamados es la del Reino de Dios, donde \u00ablos ciegos ven y los cojos andan, los leprosos quedan limpios y los sordos oyen, los muertos resucitan y se anuncian a los pobres la Buena Nueva\u00bb (Mt 11, 5). En la normalidad del Reino de Dios el pan llega a todos y sobra, la organizaci\u00f3n social se basa en el contribuir, compartir y distribuir, no en el poseer, excluir y acumular.\u201d<\/span><\/p>\n<p class=\"MsoNormal\" style=\"text-align: justify; line-height: normal;\">Y sobre la vacuna y el futuro nos propone: <span style=\"color: #373737; background-image: initial; background-position: initial; background-size: initial; background-repeat: initial; background-attachment: initial; background-origin: initial; background-clip: initial;\">\u201cPara salir de la pandemia, tenemos que encontrar la cura no solamente para el coronavirus &#8211; \u00a1que es importante! &#8211; sino tambi\u00e9n para los grandes virus humanos y socioecon\u00f3micos. Y ciertamente no podemos esperar que el modelo econ\u00f3mico que est\u00e1 en la base de un desarrollo injusto e insostenible resuelva nuestros problemas.\u201d<\/span><\/p>\n<p><span style=\"font-size: 11pt; line-height: 107%; font-family: Calibri, sans-serif; color: #373737; background-image: initial; background-position: initial; background-size: initial; background-repeat: initial; background-attachment: initial; background-origin: initial; background-clip: initial;\">Estas reflexiones nos deben cuestionar sobre la necesidad de volver a la \u201cnormalidad\u201d o buscar aprovechar \u00e9sta crisis para apuntar una nueva convivencia, basada en un nuevo orden social, que genere un cambio estructural, que ponga nuevamente \u201ca la persona en el centro\u201d y no la econom\u00eda o las inversiones.<\/span><\/p>\n<p><a href=\"http:\/\/web.hilo.org.pe\/wp-content\/uploads\/vacuna.jpg\" target=\"_blank\" rel=\"noopener\">Ver archivo adjunto<\/a><\/p>\n","protected":false},"excerpt":{"rendered":"<p>La pandemia de COVID 19 sigue y seguir\u00e1 generando una profunda crisis sanitaria, econ\u00f3mica y social a nivel mundial y en particular en nuestro pa\u00eds. Ya hemos dicho hasta la saciedad que \u00e9sta pandemia ha sacado lo mejor y lo peor de la sociedad.<\/p>\n","protected":false},"author":1,"featured_media":8159,"comment_status":"closed","ping_status":"closed","sticky":false,"template":"","format":"standard","meta":{"footnotes":""},"categories":[9],"tags":[],"class_list":["post-3659","post","type-post","status-publish","format-standard","has-post-thumbnail","hentry","category-noticias"],"_links":{"self":[{"href":"https:\/\/ceas.org.pe\/index.php\/wp-json\/wp\/v2\/posts\/3659","targetHints":{"allow":["GET"]}}],"collection":[{"href":"https:\/\/ceas.org.pe\/index.php\/wp-json\/wp\/v2\/posts"}],"about":[{"href":"https:\/\/ceas.org.pe\/index.php\/wp-json\/wp\/v2\/types\/post"}],"author":[{"embeddable":true,"href":"https:\/\/ceas.org.pe\/index.php\/wp-json\/wp\/v2\/users\/1"}],"replies":[{"embeddable":true,"href":"https:\/\/ceas.org.pe\/index.php\/wp-json\/wp\/v2\/comments?post=3659"}],"version-history":[{"count":3,"href":"https:\/\/ceas.org.pe\/index.php\/wp-json\/wp\/v2\/posts\/3659\/revisions"}],"predecessor-version":[{"id":5555,"href":"https:\/\/ceas.org.pe\/index.php\/wp-json\/wp\/v2\/posts\/3659\/revisions\/5555"}],"wp:featuredmedia":[{"embeddable":true,"href":"https:\/\/ceas.org.pe\/index.php\/wp-json\/wp\/v2\/media\/8159"}],"wp:attachment":[{"href":"https:\/\/ceas.org.pe\/index.php\/wp-json\/wp\/v2\/media?parent=3659"}],"wp:term":[{"taxonomy":"category","embeddable":true,"href":"https:\/\/ceas.org.pe\/index.php\/wp-json\/wp\/v2\/categories?post=3659"},{"taxonomy":"post_tag","embeddable":true,"href":"https:\/\/ceas.org.pe\/index.php\/wp-json\/wp\/v2\/tags?post=3659"}],"curies":[{"name":"wp","href":"https:\/\/api.w.org\/{rel}","templated":true}]}}