{"id":3608,"date":"2020-08-08T13:44:37","date_gmt":"2020-08-08T13:44:37","guid":{"rendered":""},"modified":"2026-03-11T09:11:47","modified_gmt":"2026-03-11T14:11:47","slug":"fallece-monsenor-casaldaliga-escritor-y-poeta-entregado-a-los-mas-pobres","status":"publish","type":"post","link":"https:\/\/ceas.org.pe\/index.php\/2020\/08\/08\/fallece-monsenor-casaldaliga-escritor-y-poeta-entregado-a-los-mas-pobres\/","title":{"rendered":"Fallece Monse\u00f1or Casald\u00e1liga, escritor y poeta entregado a los m\u00e1s pobres"},"content":{"rendered":"<p style=\"margin: 0cm 0cm 12pt; text-align: justify; background-image: initial; background-position: initial; background-size: initial; background-repeat: initial; background-attachment: initial; background-origin: initial; background-clip: initial;\"><span style=\"font-size:11.0pt;\nfont-family:\"Calibri\",sans-serif;mso-ascii-theme-font:minor-latin;mso-hansi-theme-font:\nminor-latin;mso-bidi-theme-font:minor-latin;color:#373737\">Monse\u00f1or Pedro Casald\u00e1liga Pla, CMF, Obispo Em\u00e9rito de la Prelatura de San F\u00e9lix de Araguaia (Mato Grosso) y Misionero Claretiano parti\u00f3 a la Casa del Padre este s\u00e1bado 8 de agosto a las 9.40 hora de Brasilia, en la ciudad de Batatais, estado de S\u00e3o Paulo. El anuncio del deceso del pastor que lo dio todo en defensa de los derechos de los ind\u00edgenas de la Amazon\u00eda, fue dado por la Prelatura de San F\u00e9lix de Araguaia (Mato Grosso, Brasil), la Congregaci\u00f3n de los Misioneros Hijos del Inmaculado Coraz\u00f3n de Mar\u00eda (Claretianos) y la Orden de San Agust\u00edn (Agustinos).<o:p><\/o:p><\/span><\/p>\n<p style=\"margin: 0cm 0cm 12pt; background-image: initial; background-position: initial; background-size: initial; background-repeat: initial; background-attachment: initial; background-origin: initial; background-clip: initial; box-sizing: border-box; -webkit-tap-highlight-color: rgba(0, 0, 0, 0);\"><span style=\"font-size:11.0pt;\nfont-family:\"Calibri\",sans-serif;mso-ascii-theme-font:minor-latin;mso-hansi-theme-font:\nminor-latin;mso-bidi-theme-font:minor-latin;color:#373737\">Monse\u00f1or Casald\u00e1liga ingres\u00f3 en el hospital de S\u00e3o F\u00e9lix do Araguaia el pasado martes debido a problemas respiratorios. Estaba ya muy debilitado por el p\u00e1rkinson que sufr\u00eda desde hace a\u00f1os, pero tanto la familia claretiana como el equipo m\u00e9dico\u00a0confiaban en que no obstante su estado de salud y su avanzada edad, lograr\u00eda superar esta crisis.<o:p><\/o:p><\/span><\/p>\n<p style=\"margin: 0cm 0cm 12pt; background-image: initial; background-position: initial; background-size: initial; background-repeat: initial; background-attachment: initial; background-origin: initial; background-clip: initial; box-sizing: border-box; -webkit-tap-highlight-color: rgba(0, 0, 0, 0);\"><span style=\"font-size:11.0pt;\nfont-family:\"Calibri\",sans-serif;mso-ascii-theme-font:minor-latin;mso-hansi-theme-font:\nminor-latin;mso-bidi-theme-font:minor-latin;color:#373737\">\u201cEn las \u00faltimas 24 horas no hubo un empeoramiento en relaci\u00f3n al cuadro respiratorio, a pesar de ser considerado un paciente grave\u201d, inform\u00f3 el m\u00e9dico que lo atend\u00eda, el doctor Antonio Marcos Barbosa, comentando que estaba \u201cm\u00e1s despierto que cuando lleg\u00f3\u201d.<o:p><\/o:p><\/span><\/p>\n<h2 style=\"margin: 0cm 0cm 12pt; line-height: normal; background-image: initial; background-position: initial; background-size: initial; background-repeat: initial; background-attachment: initial; background-origin: initial; background-clip: initial; box-sizing: border-box; -webkit-tap-highlight-color: rgba(0, 0, 0, 0);\"><span style=\"font-size:11.0pt;font-family:\"Calibri\",sans-serif;mso-ascii-theme-font:\nminor-latin;mso-hansi-theme-font:minor-latin;mso-bidi-theme-font:minor-latin;\ncolor:#373737\"><br \/>\n<b>La lucha incansable por los m\u00e1s vulnerables<o:p><\/o:p><\/b><\/span><\/h2>\n<p style=\"margin: 0cm 0cm 12pt; background-image: initial; background-position: initial; background-size: initial; background-repeat: initial; background-attachment: initial; background-origin: initial; background-clip: initial; box-sizing: border-box; -webkit-tap-highlight-color: rgba(0, 0, 0, 0);\"><span style=\"font-size:11.0pt;\nfont-family:\"Calibri\",sans-serif;mso-ascii-theme-font:minor-latin;mso-hansi-theme-font:\nminor-latin;mso-bidi-theme-font:minor-latin;color:#373737\">El religioso catal\u00e1n de 92 a\u00f1os, luch\u00f3 sin desistir por los derechos de los campesinos sin tierra y los ind\u00edgenas del Brasil, enfrent\u00e1ndose a terratenientes y multinacionales. Fue voz de denuncia<b style=\"box-sizing: border-box;-webkit-tap-highlight-color: rgba(0, 0, 0, 0)\">\u00a0<\/b>frente a la corrupci\u00f3n de empresarios y pol\u00edticos y vivi\u00f3 amenazado de muerte en varios momentos de su vida,\u00a0por su defensa de los indios de Xavante y de los m\u00e1s pobres.\u00a0Fue un exponente de la Teolog\u00eda de la Liberaci\u00f3n. Recibi\u00f3 numerosos premios, entre ellos el Premio Internacional de Catalu\u00f1a en 2006, y ha publicado al menos diez vol\u00famenes de poes\u00eda. El Papa Francisco, en su exhortaci\u00f3n apost\u00f3lica post-sinodal Querida Amazon\u00eda, publicada el 12 de febrero de 2020, cit\u00f3 uno de sus poemas, \u00abCarta de navegar (Por el Tocantins amaz\u00f3nico)\u00bb y \u00abEl tiempo y la espera\u00bb, Santander, 1986.<o:p><\/o:p><\/span><\/p>\n<p style=\"margin: 0cm 0cm 12pt; background-image: initial; background-position: initial; background-size: initial; background-repeat: initial; background-attachment: initial; background-origin: initial; background-clip: initial; box-sizing: border-box; -webkit-tap-highlight-color: rgba(0, 0, 0, 0);\"><span style=\"font-size:11.0pt;\nfont-family:\"Calibri\",sans-serif;mso-ascii-theme-font:minor-latin;mso-hansi-theme-font:\nminor-latin;mso-bidi-theme-font:minor-latin;color:#373737\">Nacido el 16 de febrero de 1928 en Balsareny, Catalu\u00f1a, Espa\u00f1a, Monse\u00f1or Pedro Casald\u00e1liga Pla se uni\u00f3 a los claretianos el 8 de septiembre de 1945 y fue ordenado sacerdote en Barcelona el 31 de mayo de 1952. Se traslad\u00f3 al Brasil como misionero en 1968, el 27 de abril de 1970 fue nombrado por Pablo VI administrador apost\u00f3lico de la prelatura territorial de S\u00e3o F\u00e9lix y al a\u00f1o siguiente, el 27 de agosto de 1971, prelado de la misma jurisdicci\u00f3n y obispo titular de Altava<o:p><\/o:p><\/span><\/p>\n<h2 style=\"margin: 0cm 0cm 12pt; line-height: normal; background-image: initial; background-position: initial; background-size: initial; background-repeat: initial; background-attachment: initial; background-origin: initial; background-clip: initial; box-sizing: border-box; -webkit-tap-highlight-color: rgba(0, 0, 0, 0);\"><span style=\"font-size:11.0pt;font-family:\"Calibri\",sans-serif;mso-ascii-theme-font:\nminor-latin;mso-hansi-theme-font:minor-latin;mso-bidi-theme-font:minor-latin;\ncolor:#373737\"><br \/>\n<b>El adi\u00f3s al religioso poeta<o:p><\/o:p><\/b><\/span><\/h2>\n<p style=\"margin: 0cm 0cm 12pt; background-image: initial; background-position: initial; background-size: initial; background-repeat: initial; background-attachment: initial; background-origin: initial; background-clip: initial; box-sizing: border-box; -webkit-tap-highlight-color: rgba(0, 0, 0, 0);\"><span style=\"font-size:11.0pt;\nfont-family:\"Calibri\",sans-serif;mso-ascii-theme-font:minor-latin;mso-hansi-theme-font:\nminor-latin;mso-bidi-theme-font:minor-latin;color:#373737\">La misa f\u00fanebre de Monse\u00f1or Casald\u00e1liga se celebrar\u00e1 en Batatais, ma\u00f1ana 9 de agosto, a las 15.00 hora local en la capilla del Centro Universitario Claretiano y estar\u00e1 abierta al p\u00fablico. Adem\u00e1s, la celebraci\u00f3n ser\u00e1 transmitida en directo a trav\u00e9s de las\u00a0<a href=\"https:\/\/youtu.be\/spto8rbKye0\" target=\"_blank\" style=\"box-sizing: border-box;\n-webkit-tap-highlight-color: rgba(0, 0, 0, 0)\"><span style=\"color: rgb(102, 0, 153); text-decoration-line: none;\">redes sociales.<\/span><\/a><o:p><\/o:p><\/span><\/p>\n<p style=\"margin: 0cm 0cm 12pt; background-image: initial; background-position: initial; background-size: initial; background-repeat: initial; background-attachment: initial; background-origin: initial; background-clip: initial; box-sizing: border-box; -webkit-tap-highlight-color: rgba(0, 0, 0, 0);\"><span style=\"font-size:11.0pt;\nfont-family:\"Calibri\",sans-serif;mso-ascii-theme-font:minor-latin;mso-hansi-theme-font:\nminor-latin;mso-bidi-theme-font:minor-latin;color:#373737\">El lunes 10 de agosto, los restos del Obispo ser\u00e1n trasladados para su velatorio al Santuario de los M\u00e1rtires, en Ribeir\u00e3o Cascalheira. Seguidamente, ser\u00e1 velado tambi\u00e9n en S\u00e3o F\u00e9lix do Araguaia, donde ser\u00e1 saludado por amigos y vecinos. All\u00ed, finalmente, recibir\u00e1 sepultura.<o:p><\/o:p><\/span><\/p>\n<p class=\"MsoNormal\" style=\"margin-bottom:12.0pt;text-align:justify;line-height:\nnormal\"><o:p>\u00a0<\/o:p><\/p>\n<p><i style=\"text-align: justify;\">Tomado de: VATICAN NEWS. Ciudad del Vaticano. 8 de agosto de 2020.<\/i>\u00a0<\/p>\n<p><a href=\"http:\/\/web.hilo.org.pe\/wp-content\/uploads\/VATICAN NEWS 2085 web.jpg\" target=\"_blank\" rel=\"noopener\">Ver archivo adjunto<\/a><\/p>\n","protected":false},"excerpt":{"rendered":"<p>Desde CEAS expresamos nuestro profundo pesar por la partida a la casa del Padre de Monse\u00f1or Pedro Casald\u00e1liga, gran pastor que dedico su vida a la lucha incansable por los m\u00e1s vulnerables.<br \/>\n\u201cAquello que me hace es lo que doy, no lo que tengo. Cuanto m\u00e1s doy m\u00e1s tengo porque soy m\u00e1s. Cuanto m\u00e1s tengo y menos doy, tengo menos, porque soy menos\u201d.<\/p>\n","protected":false},"author":1,"featured_media":0,"comment_status":"closed","ping_status":"closed","sticky":false,"template":"","format":"standard","meta":{"footnotes":""},"categories":[9],"tags":[],"class_list":["post-3608","post","type-post","status-publish","format-standard","hentry","category-noticias"],"_links":{"self":[{"href":"https:\/\/ceas.org.pe\/index.php\/wp-json\/wp\/v2\/posts\/3608","targetHints":{"allow":["GET"]}}],"collection":[{"href":"https:\/\/ceas.org.pe\/index.php\/wp-json\/wp\/v2\/posts"}],"about":[{"href":"https:\/\/ceas.org.pe\/index.php\/wp-json\/wp\/v2\/types\/post"}],"author":[{"embeddable":true,"href":"https:\/\/ceas.org.pe\/index.php\/wp-json\/wp\/v2\/users\/1"}],"replies":[{"embeddable":true,"href":"https:\/\/ceas.org.pe\/index.php\/wp-json\/wp\/v2\/comments?post=3608"}],"version-history":[{"count":1,"href":"https:\/\/ceas.org.pe\/index.php\/wp-json\/wp\/v2\/posts\/3608\/revisions"}],"predecessor-version":[{"id":5610,"href":"https:\/\/ceas.org.pe\/index.php\/wp-json\/wp\/v2\/posts\/3608\/revisions\/5610"}],"wp:attachment":[{"href":"https:\/\/ceas.org.pe\/index.php\/wp-json\/wp\/v2\/media?parent=3608"}],"wp:term":[{"taxonomy":"category","embeddable":true,"href":"https:\/\/ceas.org.pe\/index.php\/wp-json\/wp\/v2\/categories?post=3608"},{"taxonomy":"post_tag","embeddable":true,"href":"https:\/\/ceas.org.pe\/index.php\/wp-json\/wp\/v2\/tags?post=3608"}],"curies":[{"name":"wp","href":"https:\/\/api.w.org\/{rel}","templated":true}]}}