{"id":3544,"date":"2020-07-07T00:57:44","date_gmt":"2020-07-07T00:57:44","guid":{"rendered":""},"modified":"2026-03-11T09:11:49","modified_gmt":"2026-03-11T14:11:49","slug":"diocesis-de-chimbote-organiza-colecta-virtual-para-instalar-planta-de-oxigeno","status":"publish","type":"post","link":"https:\/\/ceas.org.pe\/index.php\/2020\/07\/07\/diocesis-de-chimbote-organiza-colecta-virtual-para-instalar-planta-de-oxigeno\/","title":{"rendered":"Di\u00f3cesis de Chimbote organiza colecta virtual para instalar planta de ox\u00edgeno"},"content":{"rendered":"<p class=\"MsoNormal\" style=\"margin-bottom:12.0pt;text-align:justify;line-height:\nnormal\"><span style=\"background-image: initial; background-position: initial; background-size: initial; background-repeat: initial; background-attachment: initial; background-origin: initial; background-clip: initial;\">A trav\u00e9s de una telet\u00f3n virtual, la\u00a0<\/span><strong style=\"box-sizing: inherit;\"><span style=\"font-family:\"Calibri\",\"sans-serif\";\nmso-ascii-theme-font:minor-latin;mso-hansi-theme-font:minor-latin;mso-bidi-theme-font:\nminor-latin\">Di\u00f3cesis de Chimbote<\/span><\/strong>\u00a0busca recaudar\u00a0<strong style=\"box-sizing: inherit;\"><span style=\"font-family:\"Calibri\",\"sans-serif\";mso-ascii-theme-font:\nminor-latin;mso-hansi-theme-font:minor-latin;mso-bidi-theme-font:minor-latin\">1 mill\u00f3n 200 mil soles<\/span><\/strong>\u00a0para la instalaci\u00f3n de una\u00a0<strong style=\"box-sizing: inherit;\"><span style=\"font-family:\"Calibri\",\"sans-serif\";\nmso-ascii-theme-font:minor-latin;mso-hansi-theme-font:minor-latin;mso-bidi-theme-font:\nminor-latin\">planta productora de ox\u00edgeno medicinal\u00a0<\/span><\/strong>a favor de los pacientes con COVID-19 en Chimbote, Nuevo Chimbote y dem\u00e1s distritos de la zona costa de \u00c1ncash.<o:p><\/o:p><\/p>\n<p class=\"MsoNormal\" style=\"margin-bottom:12.0pt;text-align:justify;line-height:\nnormal\"><span style=\"background-image: initial; background-position: initial; background-size: initial; background-repeat: initial; background-attachment: initial; background-origin: initial; background-clip: initial;\">La colecta virtual denominada\u00a0<\/span><strong style=\"box-sizing: inherit;\"><span style=\"font-family:\"Calibri\",\"sans-serif\";\nmso-ascii-theme-font:minor-latin;mso-hansi-theme-font:minor-latin;mso-bidi-theme-font:\nminor-latin\">\u2018Chimbote es ox\u00edgeno\u2019<\/span><\/strong>\u00a0es impulsada por el\u00a0<strong style=\"box-sizing: inherit;\"><span style=\"font-family:\"Calibri\",\"sans-serif\";\nmso-ascii-theme-font:minor-latin;mso-hansi-theme-font:minor-latin;mso-bidi-theme-font:\nminor-latin\">sacerdote Giovanni Sabogal\u00a0<\/span><\/strong>junto a un colectivo ciudadano y el apoyo del Municipio de Nuevo Chimbote. Este evento se realizar\u00e1 el pr\u00f3ximo lunes 13 de julio desde las 9:00 a.m. hasta las 7:00 p.m., y ser\u00e1 transmitido en el fan page de\u00a0<strong style=\"box-sizing: inherit;\"><span style=\"font-family:\"Calibri\",\"sans-serif\";mso-ascii-theme-font:\nminor-latin;mso-hansi-theme-font:minor-latin;mso-bidi-theme-font:minor-latin\">\u201cO2 es vida\u201d<\/span><\/strong>.<o:p><\/o:p><\/p>\n<p style=\"margin-top:0cm;margin-right:0cm;margin-bottom:12.0pt;margin-left:\n0cm\"><span style=\"font-size:11.0pt;font-family:\"Calibri\",\"sans-serif\";\nmso-ascii-theme-font:minor-latin;mso-hansi-theme-font:minor-latin;mso-bidi-theme-font:\nminor-latin\">Ox\u00edgeno es Vida Chimbote<br \/>\nPor una #PlantaDeOx\u00edgeno para nuestros Hermanos Ancashinos, de nuestras Diferentes Provincias.<br \/>\n<!--[if !supportLineBreakNewLine]--><br \/>\n<!--[endif]--><o:p><\/o:p><\/span><\/p>\n<p style=\"margin-top:0cm;margin-right:0cm;margin-bottom:12.0pt;margin-left:\n0cm\"><span style=\"font-size:11.0pt;font-family:\"Calibri\",\"sans-serif\";\nmso-ascii-theme-font:minor-latin;mso-hansi-theme-font:minor-latin;mso-bidi-theme-font:\nminor-latin\">#Telet\u00f3nOxigenoEsVida<br \/>\n<!--[if !supportLineBreakNewLine]--><br \/>\n<!--[endif]--><o:p><\/o:p><\/span><\/p>\n<p style=\"margin-top:0cm;margin-right:0cm;margin-bottom:12.0pt;margin-left:\n0cm\"><span style=\"font-size:11.0pt;font-family:\"Calibri\",\"sans-serif\";\nmso-ascii-theme-font:minor-latin;mso-hansi-theme-font:minor-latin;mso-bidi-theme-font:\nminor-latin\">D\u00eda 13 de Julio del 2020<br \/>\nHora: 9:00am a 7:00pm<br \/>\n<span class=\"textexposedshow\">Transmisi\u00f3n en Vivo desde Nuestra P\u00e1gina.<\/span><o:p><\/o:p><\/span><\/p>\n<p style=\"margin-top:0cm;margin-right:0cm;margin-bottom:12.0pt;margin-left:\n0cm\"><span style=\"font-size:11.0pt;font-family:\"Calibri\",\"sans-serif\";\nmso-ascii-theme-font:minor-latin;mso-hansi-theme-font:minor-latin;mso-bidi-theme-font:\nminor-latin\"><span style=\"background-size: contain;color:transparent;\ndisplay:inline-block\"><br \/>\n<span style=\"background-size: contain; display: inline-block;\">Banco de Cr\u00e9dito &#8211; BCP:<o:p><\/o:p><\/span><\/span><\/span><\/p>\n<p style=\"margin-top:0cm;margin-right:0cm;margin-bottom:12.0pt;margin-left:\n0cm\"><span style=\"font-size:11.0pt;font-family:\"Calibri\",\"sans-serif\";\nmso-ascii-theme-font:minor-latin;mso-hansi-theme-font:minor-latin;mso-bidi-theme-font:\nminor-latin\"><span style=\"background-size: contain;color:transparent;\ndisplay:inline-block\">Soles N\u00b0 310-98994743-0-80<br \/>\n<span style=\"background-size: contain; display: inline-block;\">CCI: 00231019899474308010<o:p><\/o:p><\/span><\/span><\/span><\/p>\n<p style=\"margin-top:0cm;margin-right:0cm;margin-bottom:12.0pt;margin-left:\n0cm\"><span class=\"6qdm\"><span style=\"background-size: contain;color:transparent;\ndisplay:inline-block\"><span style=\"font-size:11.0pt;font-family:\"Helvetica\",\"sans-serif\";\nmso-bidi-font-family:Calibri;mso-bidi-theme-font:minor-latin\">\u00a0<\/span><\/span><\/span><\/p>\n<p style=\"margin-top:0cm;margin-right:0cm;margin-bottom:12.0pt;margin-left:\n0cm\"><span style=\"font-size:11.0pt;font-family:\"Calibri\",\"sans-serif\";\nmso-ascii-theme-font:minor-latin;mso-hansi-theme-font:minor-latin;mso-bidi-theme-font:\nminor-latin\">D\u00f3lares N\u00b0 310-98994750-1-87<br \/>\n<span style=\"background-size: contain;color:transparent;display:inline-block\">CCI: 00231019899475018713<o:p><\/o:p><\/span><\/span><\/p>\n<p style=\"margin-top:0cm;margin-right:0cm;margin-bottom:12.0pt;margin-left:\n0cm\"><span class=\"6qdm\"><span style=\"background-size: contain;color:transparent;\ndisplay:inline-block\"><span style=\"font-size:11.0pt;font-family:\"Helvetica\",\"sans-serif\";\nmso-bidi-font-family:Calibri;mso-bidi-theme-font:minor-latin\">\u00a0<\/span><\/span><\/span><\/p>\n<p style=\"margin-top:0cm;margin-right:0cm;margin-bottom:12.0pt;margin-left:\n0cm\"><span style=\"font-size:11.0pt;font-family:\"Calibri\",\"sans-serif\";\nmso-ascii-theme-font:minor-latin;mso-hansi-theme-font:minor-latin;mso-bidi-theme-font:\nminor-latin\">Banco Continental BBVA<o:p><\/o:p><\/span><\/p>\n<p style=\"margin-top:0cm;margin-right:0cm;margin-bottom:12.0pt;margin-left:\n0cm\"><span style=\"font-size:11.0pt;font-family:\"Calibri\",\"sans-serif\";\nmso-ascii-theme-font:minor-latin;mso-hansi-theme-font:minor-latin;mso-bidi-theme-font:\nminor-latin\"><span style=\"background-size: contain;color:transparent;\ndisplay:inline-block\">Soles N\u00b00011-0814-0207930313<br \/>\n<!--[if !supportLineBreakNewLine]--><br \/>\n<!--[endif]--><o:p><\/o:p><\/span><\/span><\/p>\n<p style=\"margin-top:0cm;margin-right:0cm;margin-bottom:12.0pt;margin-left:\n0cm\"><span style=\"font-size:11.0pt;font-family:\"Calibri\",\"sans-serif\";\nmso-ascii-theme-font:minor-latin;mso-hansi-theme-font:minor-latin;mso-bidi-theme-font:\nminor-latin\">A Nombre de Giovanni Daniel Sabogal Osorio<o:p><\/o:p><\/span><\/p>\n<p><span style=\"font-size:11.0pt;line-height:115%;font-family:\"Calibri\",\"sans-serif\";\nmso-ascii-theme-font:minor-latin;mso-fareast-font-family:Calibri;mso-fareast-theme-font:\nminor-latin;mso-hansi-theme-font:minor-latin;mso-bidi-theme-font:minor-latin;\nmso-ansi-language:ES-PE;mso-fareast-language:EN-US;mso-bidi-language:AR-SA\">Contactos:<br \/>\nR.P. Giovanni Sabogal Cel. 949880820<br \/>\nIng. Danilo Calder\u00f3n Cel. 945082523<\/p>\n<p>\u00a1\u00danete t\u00fa tambi\u00e9n!\u00a0<\/span><span class=\"6qdm\"><span style=\"background-size: contain;\ncolor:transparent;display:inline-block\"><span style=\"font-size:11.0pt;\nline-height:115%;font-family:\"Helvetica\",\"sans-serif\";mso-fareast-font-family:\nCalibri;mso-fareast-theme-font:minor-latin;mso-bidi-font-family:Calibri;\nmso-bidi-theme-font:minor-latin;mso-ansi-language:ES-PE;mso-fareast-language:\nEN-US;mso-bidi-language:AR-SA\">\u00f0\u0178\u02dc\u0160<\/span><\/span><\/span><span style=\"font-size:11.0pt;line-height:115%;font-family:\"Calibri\",\"sans-serif\";\nmso-ascii-theme-font:minor-latin;mso-fareast-font-family:Calibri;mso-fareast-theme-font:\nminor-latin;mso-hansi-theme-font:minor-latin;mso-bidi-theme-font:minor-latin;\nmso-ansi-language:ES-PE;mso-fareast-language:EN-US;mso-bidi-language:AR-SA\"><\/p>\n<p>Tu aporte es muy importante \u00a1Colabora!\u00a0<\/span><span class=\"6qdm\"><span style=\"background-size: contain;color:transparent;display:inline-block\"><span style=\"font-size:11.0pt;line-height:115%;font-family:\"Helvetica\",\"sans-serif\";\nmso-fareast-font-family:Calibri;mso-fareast-theme-font:minor-latin;mso-bidi-font-family:\nCalibri;mso-bidi-theme-font:minor-latin;mso-ansi-language:ES-PE;mso-fareast-language:\nEN-US;mso-bidi-language:AR-SA\">\u00f0\u0178\u2019\u00b0<\/span><\/span><\/span><span style=\"font-size:11.0pt;line-height:115%;font-family:\"Calibri\",\"sans-serif\";\nmso-ascii-theme-font:minor-latin;mso-fareast-font-family:Calibri;mso-fareast-theme-font:\nminor-latin;mso-hansi-theme-font:minor-latin;mso-bidi-theme-font:minor-latin;\nmso-ansi-language:ES-PE;mso-fareast-language:EN-US;mso-bidi-language:AR-SA\"><br \/>\n<\/span>\u00a0<\/p>\n<p><a href=\"http:\/\/web.hilo.org.pe\/wp-content\/uploads\/CHIMBOTE 000688434W-1200x1200 web.jpg\" target=\"_blank\" rel=\"noopener\">Ver archivo adjunto<\/a><\/p>\n","protected":false},"excerpt":{"rendered":"<p>La telet\u00f3n virtual denominada \u00abChimbote es ox\u00edgeno\u00bb es impulsada por el sacerdote Giovanni Sabogal junto a un colectivo ciudadano y el apoyo del Municipio de Nuevo Chimbote. Esta colecta se realizar\u00e1 el pr\u00f3ximo lunes 13 de julio desde las 9:00 a.m. hasta las 7:00 p.m., y ser\u00e1 transmitida en el fan page de \u201cO2 es vida\u201d.<\/p>\n","protected":false},"author":1,"featured_media":7906,"comment_status":"closed","ping_status":"closed","sticky":false,"template":"","format":"standard","meta":{"footnotes":""},"categories":[9],"tags":[],"class_list":["post-3544","post","type-post","status-publish","format-standard","has-post-thumbnail","hentry","category-noticias"],"_links":{"self":[{"href":"https:\/\/ceas.org.pe\/index.php\/wp-json\/wp\/v2\/posts\/3544","targetHints":{"allow":["GET"]}}],"collection":[{"href":"https:\/\/ceas.org.pe\/index.php\/wp-json\/wp\/v2\/posts"}],"about":[{"href":"https:\/\/ceas.org.pe\/index.php\/wp-json\/wp\/v2\/types\/post"}],"author":[{"embeddable":true,"href":"https:\/\/ceas.org.pe\/index.php\/wp-json\/wp\/v2\/users\/1"}],"replies":[{"embeddable":true,"href":"https:\/\/ceas.org.pe\/index.php\/wp-json\/wp\/v2\/comments?post=3544"}],"version-history":[{"count":1,"href":"https:\/\/ceas.org.pe\/index.php\/wp-json\/wp\/v2\/posts\/3544\/revisions"}],"predecessor-version":[{"id":5675,"href":"https:\/\/ceas.org.pe\/index.php\/wp-json\/wp\/v2\/posts\/3544\/revisions\/5675"}],"wp:featuredmedia":[{"embeddable":true,"href":"https:\/\/ceas.org.pe\/index.php\/wp-json\/wp\/v2\/media\/7906"}],"wp:attachment":[{"href":"https:\/\/ceas.org.pe\/index.php\/wp-json\/wp\/v2\/media?parent=3544"}],"wp:term":[{"taxonomy":"category","embeddable":true,"href":"https:\/\/ceas.org.pe\/index.php\/wp-json\/wp\/v2\/categories?post=3544"},{"taxonomy":"post_tag","embeddable":true,"href":"https:\/\/ceas.org.pe\/index.php\/wp-json\/wp\/v2\/tags?post=3544"}],"curies":[{"name":"wp","href":"https:\/\/api.w.org\/{rel}","templated":true}]}}