{"id":3476,"date":"2020-05-06T21:15:23","date_gmt":"2020-05-06T21:15:23","guid":{"rendered":""},"modified":"2026-03-11T09:11:50","modified_gmt":"2026-03-11T14:11:50","slug":"el-papa-reza-por-quienes-trabajan-en-los-medios-de-comunicacion","status":"publish","type":"post","link":"https:\/\/ceas.org.pe\/index.php\/2020\/05\/06\/el-papa-reza-por-quienes-trabajan-en-los-medios-de-comunicacion\/","title":{"rendered":"El Papa reza por quienes trabajan en los medios de comunicaci\u00f3n"},"content":{"rendered":"<p style=\"margin: 0cm 0cm 12pt; background-image: initial; background-position: initial; background-size: initial; background-repeat: initial; background-attachment: initial; background-origin: initial; background-clip: initial;\"><span style=\"font-size:11.0pt;font-family:\"Calibri\",sans-serif;\nmso-ascii-theme-font:minor-latin;mso-hansi-theme-font:minor-latin;mso-bidi-theme-font:\nminor-latin\">En la Misa matutina celebrada \u2013 y\u00a0<a href=\"https:\/\/youtu.be\/XZVK7KtdRs4\" style=\"box-sizing: border-box;-webkit-tap-highlight-color: rgba(0, 0, 0, 0)\"><span style=\"color:windowtext\">transmitida en vivo<\/span><\/a>\u00a0\u2013 en la Capilla de la Casa Santa Marta, este mi\u00e9rcoles de la IV Semana de Pascua, el Papa Francisco pidi\u00f3 por todos aquellos que trabajan en los medios de comunicaci\u00f3n:<o:p><\/o:p><\/span><\/p>\n<p style=\"margin: 0cm 0cm 12pt; background-image: initial; background-position: initial; background-size: initial; background-repeat: initial; background-attachment: initial; background-origin: initial; background-clip: initial; box-sizing: border-box; -webkit-tap-highlight-color: rgba(0, 0, 0, 0);\"><i style=\"box-sizing: border-box;\n-webkit-tap-highlight-color: rgba(0, 0, 0, 0)\"><span style=\"font-size:11.0pt;\nfont-family:\"Calibri\",sans-serif;mso-ascii-theme-font:minor-latin;mso-hansi-theme-font:\nminor-latin;mso-bidi-theme-font:minor-latin\">\u201cOremos hoy por los hombres y mujeres que trabajan en los medios de comunicaci\u00f3n. En este tiempo de pandemia arriesgan mucho y el trabajo es mucho. Que el Se\u00f1or los ayude en este trabajo de transmitir, siempre, la verdad\u201d.<\/span><\/i><span style=\"font-size:11.0pt;\nfont-family:\"Calibri\",sans-serif;mso-ascii-theme-font:minor-latin;mso-hansi-theme-font:\nminor-latin;mso-bidi-theme-font:minor-latin\"><o:p><\/o:p><\/span><\/p>\n<h2 style=\"margin: 0cm 0cm 12pt; line-height: normal; background-image: initial; background-position: initial; background-size: initial; background-repeat: initial; background-attachment: initial; background-origin: initial; background-clip: initial; box-sizing: border-box; -webkit-tap-highlight-color: rgba(0, 0, 0, 0);\"><span style=\"font-size:11.0pt;\nfont-family:\"Calibri\",sans-serif;mso-ascii-theme-font:minor-latin;mso-hansi-theme-font:\nminor-latin;mso-bidi-theme-font:minor-latin;color:windowtext\">\u00a0<\/span><\/h2>\n<h2 style=\"margin: 0cm 0cm 12pt; line-height: normal; background-image: initial; background-position: initial; background-size: initial; background-repeat: initial; background-attachment: initial; background-origin: initial; background-clip: initial;\"><b><span style=\"font-size:11.0pt;font-family:\"Calibri\",sans-serif;mso-ascii-theme-font:\nminor-latin;mso-hansi-theme-font:minor-latin;mso-bidi-theme-font:minor-latin;\ncolor:windowtext\">Homil\u00eda: \u201cQue la luz de Jes\u00fas ilumine nuestra oscuridad\u201d<o:p><\/o:p><\/span><\/b><\/h2>\n<p style=\"margin: 0cm 0cm 12pt; background-image: initial; background-position: initial; background-size: initial; background-repeat: initial; background-attachment: initial; background-origin: initial; background-clip: initial; box-sizing: border-box; -webkit-tap-highlight-color: rgba(0, 0, 0, 0);\"><span style=\"font-size:11.0pt;\nfont-family:\"Calibri\",sans-serif;mso-ascii-theme-font:minor-latin;mso-hansi-theme-font:\nminor-latin;mso-bidi-theme-font:minor-latin\">En su homil\u00eda, el Papa Francisco comentando el Evangelio del d\u00eda (Jn 12, 44-50), recuerda que Jes\u00fas se presenta como la luz, la luz que ha venido al mundo y no ha venido a condenar, sino a salvarlo. De aqu\u00ed deriva la misi\u00f3n de Jes\u00fas que es iluminar: \u00c9l es la luz del mundo. La misi\u00f3n de los ap\u00f3stoles tambi\u00e9n es llevar esta luz, la luz de Jes\u00fas, porque el mundo est\u00e1 en la oscuridad. El drama de la luz de Jes\u00fas, se\u00f1al\u00f3 el Papa, es que fue rechazado: su pueblo no lo acogi\u00f3, amaron m\u00e1s las tinieblas que la luz, son esclavos de las tinieblas. Y este tambi\u00e9n es nuestro drama, porque el pecado nos hace vivir en la oscuridad y no nos gusta ver la luz porque nos hace ver las cosas como son, nos hace ver la verdad. Precisamente la luz de Jes\u00fas nos hace ver la libertad, y la verdad.<o:p><\/o:p><\/span><\/p>\n<p style=\"margin: 0cm 0cm 12pt; background-image: initial; background-position: initial; background-size: initial; background-repeat: initial; background-attachment: initial; background-origin: initial; background-clip: initial; box-sizing: border-box; -webkit-tap-highlight-color: rgba(0, 0, 0, 0);\"><span style=\"font-size:11.0pt;\nfont-family:\"Calibri\",sans-serif;mso-ascii-theme-font:minor-latin;mso-hansi-theme-font:\nminor-latin;mso-bidi-theme-font:minor-latin\">San Pablo tuvo esta experiencia del paso de la oscuridad a la luz. Con el bautismo Pablo recuper\u00f3 la luz: \u00abTuvo esta experiencia del paso de las tinieblas, en la que estaba, a la luz. Tambi\u00e9n es nuestro pasaje, que lo recibimos sacramentalmente en el bautismo: por eso el bautismo fue llamado, en los primeros siglos, \u2018iluminaci\u00f3n\u2019, porque te daba luz\u00bb y por eso en el bautismo se da una vela encendida a los padres porque el ni\u00f1o, la ni\u00f1a, es iluminado: \u00abJes\u00fas trae la luz\u00bb.<o:p><\/o:p><\/span><\/p>\n<p style=\"margin: 0cm 0cm 12pt; background-image: initial; background-position: initial; background-size: initial; background-repeat: initial; background-attachment: initial; background-origin: initial; background-clip: initial; box-sizing: border-box; -webkit-tap-highlight-color: rgba(0, 0, 0, 0);\"><span style=\"font-size:11.0pt;\nfont-family:\"Calibri\",sans-serif;mso-ascii-theme-font:minor-latin;mso-hansi-theme-font:\nminor-latin;mso-bidi-theme-font:minor-latin\">Esta experiencia es la experiencia de la conversi\u00f3n, que no es otra cosa que pasar de la oscuridad a la luz. Pero, el Papa se pregunta: \u00bfQu\u00e9 es lo que nos ciega? Lo que nos enceguece, afirm\u00f3 el Pont\u00edfice, es el pecado, el pecado no tolera la luz. Los vicios, el esp\u00edritu mundano, el orgullo. Nos llevan a asociarnos con otros en el mal; hay mafias espirituales que permanecen en la oscuridad. No es f\u00e1cil vivir en la luz porque nos hace ver cosas malas que no queremos ver: pecados. Jes\u00fas no vino a condenar sino a salvar: debemos dejarnos iluminar en nuestra oscuridad diaria. El Se\u00f1or nos salva, pero nos pide que veamos nuestra oscuridad. El Se\u00f1or es bueno, es gentil, no debemos temer la luz de Jes\u00fas.<o:p><\/o:p><\/span><\/p>\n<p style=\"margin: 0cm 0cm 12pt; background-image: initial; background-position: initial; background-size: initial; background-repeat: initial; background-attachment: initial; background-origin: initial; background-clip: initial; box-sizing: border-box; -webkit-tap-highlight-color: rgba(0, 0, 0, 0);\"><span style=\"font-size:11.0pt;\nfont-family:\"Calibri\",sans-serif;mso-ascii-theme-font:minor-latin;mso-hansi-theme-font:\nminor-latin;mso-bidi-theme-font:minor-latin\">Estas tres cosas \u2013 observ\u00f3 el Papa \u2013 te empujan a asociarte con otros \u00abpara permanecer a salvo en la oscuridad\u00bb. A menudo hablamos de las mafias: es esto. Pero hay mafias espirituales, hay mafias dom\u00e9sticas\u00bb: es una \u00abb\u00fasqueda de alguien m\u00e1s para cubrirse y permanecer en la oscuridad\u00bb. No es f\u00e1cil vivir en la luz. La luz nos hace ver tantas cosas feas dentro de nosotros que no queremos ver: vicios, pecados&#8230; Pensamos en nuestros vicios, pensamos en nuestro orgullo, pensamos en nuestro esp\u00edritu mundano: estas cosas nos ciegan, nos alejan de la luz de Jes\u00fas\u00bb.<o:p><\/o:p><\/span><\/p>\n<p style=\"margin: 0cm 0cm 12pt; background-image: initial; background-position: initial; background-size: initial; background-repeat: initial; background-attachment: initial; background-origin: initial; background-clip: initial; box-sizing: border-box; -webkit-tap-highlight-color: rgba(0, 0, 0, 0);\"><span style=\"font-size:11.0pt;\nfont-family:\"Calibri\",sans-serif;mso-ascii-theme-font:minor-latin;mso-hansi-theme-font:\nminor-latin;mso-bidi-theme-font:minor-latin\">Pero si pensamos en estas cosas \u2013 a\u00f1adi\u00f3 el Papa \u2013 \u00abno encontraremos un muro, no: encontraremos una salida\u00bb, porque el propio Jes\u00fas dice que \u00c9l es la luz: \u00abNo he venido al mundo para condenar al mundo, sino para salvarlo\u00bb. El mismo Jes\u00fas, la luz, dice: \u00abTen valor: d\u00e9jate iluminar, d\u00e9jate ver por lo que tienes dentro, porque soy yo quien te lleva adelante, quien te salva. No te condeno. Yo te salvo\u00bb. Es \u00abel Se\u00f1or que nos salva de la oscuridad que tenemos dentro, de la oscuridad de la vida cotidiana, de la vida social, de la vida pol\u00edtica, de la vida nacional e internacional&#8230; tanta oscuridad\u00bb y \u00abel Se\u00f1or nos salva\u00bb. Pero nos pide que los veamos primero; que tengamos el coraje de ver nuestra oscuridad para que la luz del Se\u00f1or entre y nos salve. No tememos al Se\u00f1or \u2013 concluy\u00f3 el Papa \u2013 es muy bueno, es amable, est\u00e1 cerca de nosotros. Ha venido a salvarnos. No tengamos miedo de la luz de Jes\u00fas\u00bb.<o:p><\/o:p><\/span><\/p>\n<p class=\"MsoNormal\" style=\"margin-bottom:12.0pt;line-height:normal\"><o:p>\u00a0<\/o:p><\/p>\n<h2 style=\"margin: 0cm 0cm 12pt; line-height: normal; background-image: initial; background-position: initial; background-size: initial; background-repeat: initial; background-attachment: initial; background-origin: initial; background-clip: initial;\"><b><span style=\"font-size:11.0pt;font-family:\"Calibri\",sans-serif;mso-ascii-theme-font:\nminor-latin;mso-hansi-theme-font:minor-latin;mso-bidi-theme-font:minor-latin;\ncolor:windowtext\">La comuni\u00f3n espiritual, adoraci\u00f3n y bendici\u00f3n Eucar\u00edstica<o:p><\/o:p><\/span><\/b><\/h2>\n<p style=\"margin: 0cm 0cm 12pt; background-image: initial; background-position: initial; background-size: initial; background-repeat: initial; background-attachment: initial; background-origin: initial; background-clip: initial; box-sizing: border-box; -webkit-tap-highlight-color: rgba(0, 0, 0, 0);\"><span style=\"font-size:11.0pt;\nfont-family:\"Calibri\",sans-serif;mso-ascii-theme-font:minor-latin;mso-hansi-theme-font:\nminor-latin;mso-bidi-theme-font:minor-latin\">Finalmente, el Papa termin\u00f3 la celebraci\u00f3n con la adoraci\u00f3n y la bendici\u00f3n Eucar\u00edstica, invitando a todos a realizar la comuni\u00f3n espiritual con esta oraci\u00f3n:<o:p><\/o:p><\/span><\/p>\n<p style=\"margin: 0cm 0cm 12pt; background-image: initial; background-position: initial; background-size: initial; background-repeat: initial; background-attachment: initial; background-origin: initial; background-clip: initial; box-sizing: border-box; -webkit-tap-highlight-color: rgba(0, 0, 0, 0);\"><i style=\"box-sizing: border-box;\n-webkit-tap-highlight-color: rgba(0, 0, 0, 0)\"><span style=\"font-size:11.0pt;\nfont-family:\"Calibri\",sans-serif;mso-ascii-theme-font:minor-latin;mso-hansi-theme-font:\nminor-latin;mso-bidi-theme-font:minor-latin\">\u201cCreo, Jes\u00fas m\u00edo, que est\u00e1s realmente presente en el Sant\u00edsimo Sacramento del Altar. Te amo sobre todas las cosas y deseo recibirte en mi alma. Pero como ahora no puedo recibirte sacramentalmente, ven al menos espiritualmente a mi coraz\u00f3n. Como si ya te hubiese recibido, te abrazo y me uno todo a Ti. No permitas, Se\u00f1or, que jam\u00e1s me separe de Ti. Am\u00e9n\u201d.<\/span><\/i><span style=\"font-size:11.0pt;font-family:\n\"Calibri\",sans-serif;mso-ascii-theme-font:minor-latin;mso-hansi-theme-font:\nminor-latin;mso-bidi-theme-font:minor-latin\"><o:p><\/o:p><\/span><\/p>\n<p style=\"margin: 0cm 0cm 12pt; background-image: initial; background-position: initial; background-size: initial; background-repeat: initial; background-attachment: initial; background-origin: initial; background-clip: initial; box-sizing: border-box; -webkit-tap-highlight-color: rgba(0, 0, 0, 0);\"><span style=\"font-size:11.0pt;\nfont-family:\"Calibri\",sans-serif;mso-ascii-theme-font:minor-latin;mso-hansi-theme-font:\nminor-latin;mso-bidi-theme-font:minor-latin\">Antes de salir de la Capilla dedicada al Esp\u00edritu Santo, se enton\u00f3 la ant\u00edfona mariana que se canta en el tiempo pascual, el\u00a0<i style=\"box-sizing: border-box;-webkit-tap-highlight-color: rgba(0, 0, 0, 0)\">Regina Coeli<\/i>.<o:p><\/o:p><\/span><\/p>\n<p style=\"margin: 0cm 0cm 12pt; background-image: initial; background-position: initial; background-size: initial; background-repeat: initial; background-attachment: initial; background-origin: initial; background-clip: initial; box-sizing: border-box; -webkit-tap-highlight-color: rgba(0, 0, 0, 0);\"><i style=\"box-sizing: border-box;\n-webkit-tap-highlight-color: rgba(0, 0, 0, 0)\"><span style=\"font-size:11.0pt;\nfont-family:\"Calibri\",sans-serif;mso-ascii-theme-font:minor-latin;mso-hansi-theme-font:\nminor-latin;mso-bidi-theme-font:minor-latin\">Reg\u00edna caeli laet\u00e1re, allel\u00faia.<br style=\"box-sizing: border-box;-webkit-tap-highlight-color: rgba(0, 0, 0, 0)\" \/><br \/>\nQuia quem mer\u00faisti port\u00e1re, allel\u00faia.<br style=\"box-sizing: border-box;\n-webkit-tap-highlight-color: rgba(0, 0, 0, 0)\" \/><br \/>\nResurr\u00e9xit, sicut dixit, allel\u00faia.<br style=\"box-sizing: border-box;-webkit-tap-highlight-color: rgba(0, 0, 0, 0)\" \/><br \/>\nOra pro nobis Deum, allel\u00faia.<\/span><\/i><span style=\"font-size:11.0pt;\nfont-family:\"Calibri\",sans-serif;mso-ascii-theme-font:minor-latin;mso-hansi-theme-font:\nminor-latin;mso-bidi-theme-font:minor-latin\"><o:p><\/o:p><\/span><\/p>\n<p class=\"MsoNormal\" style=\"margin-bottom:12.0pt;line-height:normal\"><o:p>\u00a0<\/o:p><\/p>\n<p class=\"MsoNormal\" style=\"margin-bottom:12.0pt;line-height:normal\"><o:p><\/o:p><\/p>\n<p>Tomado de: VATICAN NEWS. Ciudad del Vaticano. 6 de mayo de 2020.\u00a0<\/p>\n<p><a href=\"http:\/\/web.hilo.org.pe\/wp-content\/uploads\/VATICAN 2052 web.jpg\" target=\"_blank\" rel=\"noopener\">Ver archivo adjunto<\/a><\/p>\n","protected":false},"excerpt":{"rendered":"<p>Este 6 de mayo, en la Misa en la Casa Santa Marta, el Santo Padre pidi\u00f3 por todos aquellos que trabajan en los medios de comunicaci\u00f3n que en este tiempo de pandemia han trabajado y arriesgado mucho. En su homil\u00eda, el Pont\u00edfice invit\u00f3 a acoger la luz de Cristo y a dejarnos iluminar por su luz, para vencer lo que nos tiene atados a la oscuridad: los vicios, la soberbia y el esp\u00edritu de mundanidad.<\/p>\n","protected":false},"author":1,"featured_media":7931,"comment_status":"closed","ping_status":"closed","sticky":false,"template":"","format":"standard","meta":{"footnotes":""},"categories":[9],"tags":[],"class_list":["post-3476","post","type-post","status-publish","format-standard","has-post-thumbnail","hentry","category-noticias"],"_links":{"self":[{"href":"https:\/\/ceas.org.pe\/index.php\/wp-json\/wp\/v2\/posts\/3476","targetHints":{"allow":["GET"]}}],"collection":[{"href":"https:\/\/ceas.org.pe\/index.php\/wp-json\/wp\/v2\/posts"}],"about":[{"href":"https:\/\/ceas.org.pe\/index.php\/wp-json\/wp\/v2\/types\/post"}],"author":[{"embeddable":true,"href":"https:\/\/ceas.org.pe\/index.php\/wp-json\/wp\/v2\/users\/1"}],"replies":[{"embeddable":true,"href":"https:\/\/ceas.org.pe\/index.php\/wp-json\/wp\/v2\/comments?post=3476"}],"version-history":[{"count":1,"href":"https:\/\/ceas.org.pe\/index.php\/wp-json\/wp\/v2\/posts\/3476\/revisions"}],"predecessor-version":[{"id":5742,"href":"https:\/\/ceas.org.pe\/index.php\/wp-json\/wp\/v2\/posts\/3476\/revisions\/5742"}],"wp:featuredmedia":[{"embeddable":true,"href":"https:\/\/ceas.org.pe\/index.php\/wp-json\/wp\/v2\/media\/7931"}],"wp:attachment":[{"href":"https:\/\/ceas.org.pe\/index.php\/wp-json\/wp\/v2\/media?parent=3476"}],"wp:term":[{"taxonomy":"category","embeddable":true,"href":"https:\/\/ceas.org.pe\/index.php\/wp-json\/wp\/v2\/categories?post=3476"},{"taxonomy":"post_tag","embeddable":true,"href":"https:\/\/ceas.org.pe\/index.php\/wp-json\/wp\/v2\/tags?post=3476"}],"curies":[{"name":"wp","href":"https:\/\/api.w.org\/{rel}","templated":true}]}}