{"id":3453,"date":"2020-04-11T23:07:09","date_gmt":"2020-04-11T23:07:09","guid":{"rendered":""},"modified":"2026-03-11T09:11:50","modified_gmt":"2026-03-11T14:11:50","slug":"el-papa-francisco-en-vigilia-pascual-animo-con-dios-nada-esta-perdido","status":"publish","type":"post","link":"https:\/\/ceas.org.pe\/index.php\/2020\/04\/11\/el-papa-francisco-en-vigilia-pascual-animo-con-dios-nada-esta-perdido\/","title":{"rendered":"El Papa Francisco en Vigilia Pascual: \u00c1nimo, con Dios nada est\u00e1 perdido\u00bb"},"content":{"rendered":"<p style=\"margin: 0cm 0cm 12pt; background-image: initial; background-position: initial; background-size: initial; background-repeat: initial; background-attachment: initial; background-origin: initial; background-clip: initial;\"><span style=\"font-size:11.0pt;font-family:\"Calibri\",\"sans-serif\";\nmso-ascii-theme-font:minor-latin;mso-hansi-theme-font:minor-latin;mso-bidi-theme-font:\nminor-latin;color:#373737\">La Vigilia Pascual es una celebraci\u00f3n llena de s\u00edmbolos. La luz, la Palabra de Dios, el agua, la renovaci\u00f3n de las promesas bautismales y la recitaci\u00f3n y aceptaci\u00f3n de los rasgos fundamentales del Dios en quien creemos.<o:p><\/o:p><\/span><\/p>\n<h2 style=\"margin: 0cm 0cm 12pt; line-height: normal; background-image: initial; background-position: initial; background-size: initial; background-repeat: initial; background-attachment: initial; background-origin: initial; background-clip: initial;\"><span style=\"font-size:11.0pt;\nfont-family:\"Calibri\",\"sans-serif\";mso-ascii-theme-font:minor-latin;mso-hansi-theme-font:\nminor-latin;mso-bidi-theme-font:minor-latin;color:#373737;mso-bidi-font-weight:\nnormal\">La hora m\u00e1s oscura<o:p><\/o:p><\/span><\/h2>\n<p style=\"margin: 0cm 0cm 12pt; background-image: initial; background-position: initial; background-size: initial; background-repeat: initial; background-attachment: initial; background-origin: initial; background-clip: initial; box-sizing: border-box; -webkit-tap-highlight-color: rgba(0, 0, 0, 0);\"><span style=\"font-size:11.0pt;\nfont-family:\"Calibri\",\"sans-serif\";mso-ascii-theme-font:minor-latin;mso-hansi-theme-font:\nminor-latin;mso-bidi-theme-font:minor-latin;color:#373737\">El Papa Francisco en su homil\u00eda se ha referido a la lectura del evangelio (Mt, 28,1-10) y refiri\u00e9ndose a los primeros personajes que aparecen en el relato afirma: \u201cNos vemos reflejados en los sentimientos de las mujeres durante aquel d\u00eda\u201d. Y contin\u00faa: \u201cVieron la muerte y ten\u00edan la muerte en el coraz\u00f3n. Al dolor se un\u00eda el miedo, \u00bftendr\u00edan tambi\u00e9n ellas el mismo fin que el Maestro?\u201d (\u2026) \u201cLa memoria herida, la esperanza sofocada. Para ellas, como para nosotros, era la hora m\u00e1s oscura\u201d.<o:p><\/o:p><\/span><\/p>\n<p style=\"margin: 0cm 0cm 12pt; background-image: initial; background-position: initial; background-size: initial; background-repeat: initial; background-attachment: initial; background-origin: initial; background-clip: initial; box-sizing: border-box; -webkit-tap-highlight-color: rgba(0, 0, 0, 0);\"><span style=\"font-size:11.0pt;\nfont-family:\"Calibri\",\"sans-serif\";mso-ascii-theme-font:minor-latin;mso-hansi-theme-font:\nminor-latin;mso-bidi-theme-font:minor-latin;color:#373737\">Ante esta escena, el Papa afirma con fuerza: \u201clas mujeres no se quedaron paralizadas\u201d. Por esta raz\u00f3n, \u201cNo renunciaron al amor: la misericordia ilumin\u00f3 la oscuridad del coraz\u00f3n\u201d. Por eso, Mar\u00eda \u201crezaba y esperaba\u201d; las otras mujeres se preparaban para ir al sepulcro al d\u00eda siguiente:\u201d esas mujeres preparaban en la oscuridad de aquel s\u00e1bado el amanecer del \u00abprimer d\u00eda de la semana\u00bb, d\u00eda que cambiar\u00eda la historia\u201d.<o:p><\/o:p><\/span><\/p>\n<h2 style=\"margin: 0cm 0cm 12pt; line-height: normal; background-image: initial; background-position: initial; background-size: initial; background-repeat: initial; background-attachment: initial; background-origin: initial; background-clip: initial; box-sizing: border-box; -webkit-tap-highlight-color: rgba(0, 0, 0, 0);\"><span style=\"font-size:11.0pt;\nfont-family:\"Calibri\",\"sans-serif\";mso-ascii-theme-font:minor-latin;mso-hansi-theme-font:\nminor-latin;mso-bidi-theme-font:minor-latin;color:#373737;mso-bidi-font-weight:\nnormal\">El anuncio pascual: ante una tumba escucharon palabras de vida<o:p><\/o:p><\/span><\/h2>\n<p style=\"margin: 0cm 0cm 12pt; background-image: initial; background-position: initial; background-size: initial; background-repeat: initial; background-attachment: initial; background-origin: initial; background-clip: initial; box-sizing: border-box; -webkit-tap-highlight-color: rgba(0, 0, 0, 0);\"><span style=\"font-size:11.0pt;\nfont-family:\"Calibri\",\"sans-serif\";mso-ascii-theme-font:minor-latin;mso-hansi-theme-font:\nminor-latin;mso-bidi-theme-font:minor-latin;color:#373737\">En ese contexto, ante el sepulcro, dice el Papa: \u201cencontraron a Jes\u00fas, el autor de la esperanza, que confirm\u00f3 el anuncio y les dijo: \u00abNo teman\u00bb (v. 10).\u00a0<i style=\"box-sizing: border-box;-webkit-tap-highlight-color: rgba(0, 0, 0, 0)\">No teman, no tengan miedo<\/i>:\u00a0<i style=\"box-sizing: border-box;-webkit-tap-highlight-color: rgba(0, 0, 0, 0)\">He aqu\u00ed<\/i>\u00a0<i style=\"box-sizing: border-box;-webkit-tap-highlight-color: rgba(0, 0, 0, 0)\">el anuncio de la esperanza<\/i>. Que es tambi\u00e9n para nosotros, hoy. Son las palabras que Dios nos repite en la noche que estamos atravesando\u201d; y prosigue: \u201cEn esta noche conquistamos un derecho fundamental, que no nos ser\u00e1 arrebatado:\u00a0<i style=\"box-sizing: border-box;-webkit-tap-highlight-color: rgba(0, 0, 0, 0)\">el derecho a la esperanza<\/i>; es una esperanza nueva, viva, que viene de Dios\u201d.<o:p><\/o:p><\/span><\/p>\n<p style=\"margin: 0cm 0cm 12pt; background-image: initial; background-position: initial; background-size: initial; background-repeat: initial; background-attachment: initial; background-origin: initial; background-clip: initial;\"><span style=\"font-size:11.0pt;font-family:\"Calibri\",\"sans-serif\";\nmso-ascii-theme-font:minor-latin;mso-hansi-theme-font:minor-latin;mso-bidi-theme-font:\nminor-latin;color:#373737\">Las esperanzas superficiales se evaporan con el pasar de los d\u00edas, por eso el Papa afirma: \u201cLa esperanza de Jes\u00fas es distinta, infunde en el coraz\u00f3n la certeza de que Dios conduce todo hacia el bien, porque incluso hace salir de la tumba la vida. El sepulcro es el lugar donde quien entra no sale. Pero Jes\u00fas sali\u00f3 por nosotros, resucit\u00f3 por nosotros, para llevar vida donde hab\u00eda muerte, para comenzar una nueva historia que hab\u00eda sido clausurada, tap\u00e1ndola con una piedra\u201d.<o:p><\/o:p><\/span><\/p>\n<h2 style=\"margin: 0cm 0cm 12pt; line-height: normal; background-image: initial; background-position: initial; background-size: initial; background-repeat: initial; background-attachment: initial; background-origin: initial; background-clip: initial; box-sizing: border-box; -webkit-tap-highlight-color: rgba(0, 0, 0, 0);\"><span style=\"font-size:11.0pt;\nfont-family:\"Calibri\",\"sans-serif\";mso-ascii-theme-font:minor-latin;mso-hansi-theme-font:\nminor-latin;mso-bidi-theme-font:minor-latin;color:#373737;mso-bidi-font-weight:\nnormal\">No depositemos la esperanza bajo una piedra<o:p><\/o:p><\/span><\/h2>\n<p style=\"margin: 0cm 0cm 12pt; background-image: initial; background-position: initial; background-size: initial; background-repeat: initial; background-attachment: initial; background-origin: initial; background-clip: initial; box-sizing: border-box; -webkit-tap-highlight-color: rgba(0, 0, 0, 0);\"><span style=\"font-size:11.0pt;\nfont-family:\"Calibri\",\"sans-serif\";mso-ascii-theme-font:minor-latin;mso-hansi-theme-font:\nminor-latin;mso-bidi-theme-font:minor-latin;color:#373737\">Francisco nos invita a no ceder a la resignaci\u00f3n, a creer que todo est\u00e1 perdido: \u201cno cedamos a la resignaci\u00f3n, no depositemos la esperanza bajo una piedra. Podemos y debemos esperar, porque Dios es fiel, no nos ha dejado solos\u201d; y reafirma con fuerza: \u201cLa oscuridad y la muerte no tienen la \u00faltima palabra. \u00c1nimo, con Dios nada est\u00e1 perdido\u201d.<o:p><\/o:p><\/span><\/p>\n<h2 style=\"margin: 0cm 0cm 12pt; line-height: normal; background-image: initial; background-position: initial; background-size: initial; background-repeat: initial; background-attachment: initial; background-origin: initial; background-clip: initial; box-sizing: border-box; -webkit-tap-highlight-color: rgba(0, 0, 0, 0);\"><span style=\"font-size:11.0pt;\nfont-family:\"Calibri\",\"sans-serif\";mso-ascii-theme-font:minor-latin;mso-hansi-theme-font:\nminor-latin;mso-bidi-theme-font:minor-latin;color:#373737;mso-bidi-font-weight:\nnormal\">Si eres d\u00e9bil y caes, Dios te dice: \u00e1nimo<o:p><\/o:p><\/span><\/h2>\n<p style=\"margin: 0cm 0cm 12pt; background-image: initial; background-position: initial; background-size: initial; background-repeat: initial; background-attachment: initial; background-origin: initial; background-clip: initial; box-sizing: border-box; -webkit-tap-highlight-color: rgba(0, 0, 0, 0);\"><span style=\"font-size:11.0pt;\nfont-family:\"Calibri\",\"sans-serif\";mso-ascii-theme-font:minor-latin;mso-hansi-theme-font:\nminor-latin;mso-bidi-theme-font:minor-latin;color:#373737\">Francisco recordando el texto de Marcos, 10,49, afirma que tampoco son nuestras flaquezas las que tienen la \u00faltima palabra: \u201cSi en el camino eres d\u00e9bil y fr\u00e1gil, si caes, no temas, Dios te tiende la mano y te dice: \u00ab\u00c1nimo\u201d y nos invita a decirle a Jes\u00fas, para superar nuestros miedos: \u201cVen, Jes\u00fas, en medio de mis miedos, y dime tambi\u00e9n:\u00a0<i style=\"box-sizing: border-box;-webkit-tap-highlight-color: rgba(0, 0, 0, 0)\">\u00c1nimo<\/i>\u201d. Contigo, Se\u00f1or, seremos probados, pero no turbados\u201d (\u2026) \u201cporque T\u00fa est\u00e1s con nosotros en la oscuridad de nuestras noches, eres certeza en nuestras incertidumbres, Palabra en nuestros silencios, y nada podr\u00e1 nunca robarnos el amor que nos tienes\u201d.<o:p><\/o:p><\/span><\/p>\n<h2 style=\"margin: 0cm 0cm 12pt; line-height: normal; background-image: initial; background-position: initial; background-size: initial; background-repeat: initial; background-attachment: initial; background-origin: initial; background-clip: initial; box-sizing: border-box; -webkit-tap-highlight-color: rgba(0, 0, 0, 0);\"><span style=\"font-size:11.0pt;\nfont-family:\"Calibri\",\"sans-serif\";mso-ascii-theme-font:minor-latin;mso-hansi-theme-font:\nminor-latin;mso-bidi-theme-font:minor-latin;color:#373737;mso-bidi-font-weight:\nnormal\">La segunda parte del anuncio pascual: el env\u00edo<o:p><\/o:p><\/span><\/h2>\n<p style=\"margin: 0cm 0cm 12pt; background-image: initial; background-position: initial; background-size: initial; background-repeat: initial; background-attachment: initial; background-origin: initial; background-clip: initial; box-sizing: border-box; -webkit-tap-highlight-color: rgba(0, 0, 0, 0);\"><span style=\"font-size:11.0pt;\nfont-family:\"Calibri\",\"sans-serif\";mso-ascii-theme-font:minor-latin;mso-hansi-theme-font:\nminor-latin;mso-bidi-theme-font:minor-latin;color:#373737\">El obispo de Roma cita Mt 28,10: \u201cComuniquen a mis hermanos que vayan a Galilea\u00bb y nos recuerda: \u201cEs hermoso saber que camina delante de nosotros, que visit\u00f3 nuestra vida y nuestra muerte para precedernos en Galilea; es decir, el lugar que para \u00c9l y para sus disc\u00edpulos evocaba la vida cotidiana, la familia, el trabajo. Jes\u00fas desea que llevemos la esperanza all\u00ed, a la vida de cada d\u00eda\u201d.<o:p><\/o:p><\/span><\/p>\n<p style=\"margin: 0cm 0cm 12pt; background-image: initial; background-position: initial; background-size: initial; background-repeat: initial; background-attachment: initial; background-origin: initial; background-clip: initial;\"><span style=\"font-size:11.0pt;font-family:\"Calibri\",\"sans-serif\";\nmso-ascii-theme-font:minor-latin;mso-hansi-theme-font:minor-latin;mso-bidi-theme-font:\nminor-latin;color:#373737\">Ir a Galilea, afirma el Papa es ir a donde todo comenz\u00f3, es el lugar de los recuerdos, el lugar de la llamada: \u201cVolver a Galilea es acordarnos de que hemos sido amados y llamados por Dios. Necesitamos retomar el camino, recordando que nacemos y renacemos de una llamada de amor gratuita. Este es el punto de partida siempre, sobre todo en las crisis y en los tiempos de prueba\u00bb (&#8230;) \u00abCada uno tenemos nuestra propia Galilea\u00bb.<o:p><\/o:p><\/span><\/p>\n<p style=\"margin: 0cm 0cm 12pt; background-image: initial; background-position: initial; background-size: initial; background-repeat: initial; background-attachment: initial; background-origin: initial; background-clip: initial; box-sizing: border-box; -webkit-tap-highlight-color: rgba(0, 0, 0, 0);\"><span style=\"font-size:11.0pt;\nfont-family:\"Calibri\",\"sans-serif\";mso-ascii-theme-font:minor-latin;mso-hansi-theme-font:\nminor-latin;mso-bidi-theme-font:minor-latin;color:#373737\">Pero tambi\u00e9n, insiste el Papa, Galilea es el sitio m\u00e1s alejado de Jerusal\u00e9n, sitio donde conviven otras creencias, la \u00abGalilea de los gentiles\u00bb (<i style=\"box-sizing: border-box;\n-webkit-tap-highlight-color: rgba(0, 0, 0, 0)\">Mt\u00a0<\/i>4,15). Y nos dice: \u201c\u00bfQu\u00e9 nos dice esto? Que el anuncio de la esperanza no se tiene que confinar en nuestros recintos sagrados, sino que hay que llevarlo a todos. Porque todos necesitan ser reconfortados\u201d y prosigue: \u201cQu\u00e9 hermoso es ser cristianos que consuelan, que llevan las cargas de los dem\u00e1s, que animan, que son mensajeros de vida en tiempos de muerte. Llevemos el canto de la vida a cada Galilea, a cada regi\u00f3n de esa humanidad a la que pertenecemos\u201d.<o:p><\/o:p><\/span><\/p>\n<h2 style=\"margin: 0cm 0cm 12pt; line-height: normal; background-image: initial; background-position: initial; background-size: initial; background-repeat: initial; background-attachment: initial; background-origin: initial; background-clip: initial;\"><span style=\"font-size:11.0pt;\nfont-family:\"Calibri\",\"sans-serif\";mso-ascii-theme-font:minor-latin;mso-hansi-theme-font:\nminor-latin;mso-bidi-theme-font:minor-latin;color:#373737;mso-bidi-font-weight:\nnormal\">Acallar los gritos de muerte<o:p><\/o:p><\/span><\/h2>\n<p style=\"margin: 0cm 0cm 12pt; background-image: initial; background-position: initial; background-size: initial; background-repeat: initial; background-attachment: initial; background-origin: initial; background-clip: initial; box-sizing: border-box; -webkit-tap-highlight-color: rgba(0, 0, 0, 0);\"><span style=\"font-size:11.0pt;\nfont-family:\"Calibri\",\"sans-serif\";mso-ascii-theme-font:minor-latin;mso-hansi-theme-font:\nminor-latin;mso-bidi-theme-font:minor-latin;color:#373737\">Francisco insiste en que un servicio grande que todos los cristianos podemos hacer por la humanidad y enumera cuatro acciones a emprender: \u201cAcallemos los gritos de muerte, que terminen las guerras. Que se acabe la producci\u00f3n y el comercio de armas, porque necesitamos pan y no fusiles. Que cesen los abortos, que matan la vida inocente. Que se abra el coraz\u00f3n del que tiene, para llenar las manos vac\u00edas del que carece de lo necesario\u201d.<o:p><\/o:p><\/span><\/p>\n<p style=\"margin: 0cm 0cm 12pt; background-image: initial; background-position: initial; background-size: initial; background-repeat: initial; background-attachment: initial; background-origin: initial; background-clip: initial; box-sizing: border-box; -webkit-tap-highlight-color: rgba(0, 0, 0, 0);\"><span style=\"font-size:11.0pt;\nfont-family:\"Calibri\",\"sans-serif\";mso-ascii-theme-font:minor-latin;mso-hansi-theme-font:\nminor-latin;mso-bidi-theme-font:minor-latin;color:#373737\">El Papa finaliz\u00f3 la homil\u00eda volviendo a los personajes con que comienza el relato evang\u00e9lico de Mateo: las mujeres, \u201cAbrazaron los pies que pisaron la muerte y abrieron el camino de la esperanza. Nosotros, peregrinos en busca de esperanza, hoy nos aferramos a Ti, Jes\u00fas Resucitado. Le damos la espalda a la muerte y te abrimos el coraz\u00f3n a Ti, que eres la Vida\u201d.<o:p><\/o:p><\/span><\/p>\n<p><i>Tomado de: VATICAN NEWS. Por <span style=\"color: rgb(55, 55, 55); background-image: initial; background-position: initial; background-size: initial; background-repeat: initial; background-attachment: initial; background-origin: initial; background-clip: initial;\">Manuel Cub\u00edas. Ciudad del Vaticano. 11 de abril de 2020.<\/span><\/i>\u00a0<\/p>\n<p><a href=\"http:\/\/web.hilo.org.pe\/wp-content\/uploads\/VATICAN 2051web.jpg\" target=\"_blank\" rel=\"noopener\">Ver archivo adjunto<\/a><\/p>\n","protected":false},"excerpt":{"rendered":"<p>La noche del S\u00e1bado Santo, el Papa Francisco ha celebrado la Vigilia Pascual. Con esta fiesta lit\u00fargica se rompe el silencio, el luto por la muerte de Jes\u00fas y se anuncia nuevamente el triunfo de la vida y de que la muerte no tiene la \u00faltima palabra.<\/p>\n","protected":false},"author":1,"featured_media":7855,"comment_status":"closed","ping_status":"closed","sticky":false,"template":"","format":"standard","meta":{"footnotes":""},"categories":[9],"tags":[],"class_list":["post-3453","post","type-post","status-publish","format-standard","has-post-thumbnail","hentry","category-noticias"],"_links":{"self":[{"href":"https:\/\/ceas.org.pe\/index.php\/wp-json\/wp\/v2\/posts\/3453","targetHints":{"allow":["GET"]}}],"collection":[{"href":"https:\/\/ceas.org.pe\/index.php\/wp-json\/wp\/v2\/posts"}],"about":[{"href":"https:\/\/ceas.org.pe\/index.php\/wp-json\/wp\/v2\/types\/post"}],"author":[{"embeddable":true,"href":"https:\/\/ceas.org.pe\/index.php\/wp-json\/wp\/v2\/users\/1"}],"replies":[{"embeddable":true,"href":"https:\/\/ceas.org.pe\/index.php\/wp-json\/wp\/v2\/comments?post=3453"}],"version-history":[{"count":1,"href":"https:\/\/ceas.org.pe\/index.php\/wp-json\/wp\/v2\/posts\/3453\/revisions"}],"predecessor-version":[{"id":5765,"href":"https:\/\/ceas.org.pe\/index.php\/wp-json\/wp\/v2\/posts\/3453\/revisions\/5765"}],"wp:featuredmedia":[{"embeddable":true,"href":"https:\/\/ceas.org.pe\/index.php\/wp-json\/wp\/v2\/media\/7855"}],"wp:attachment":[{"href":"https:\/\/ceas.org.pe\/index.php\/wp-json\/wp\/v2\/media?parent=3453"}],"wp:term":[{"taxonomy":"category","embeddable":true,"href":"https:\/\/ceas.org.pe\/index.php\/wp-json\/wp\/v2\/categories?post=3453"},{"taxonomy":"post_tag","embeddable":true,"href":"https:\/\/ceas.org.pe\/index.php\/wp-json\/wp\/v2\/tags?post=3453"}],"curies":[{"name":"wp","href":"https:\/\/api.w.org\/{rel}","templated":true}]}}