{"id":3447,"date":"2020-04-04T21:24:36","date_gmt":"2020-04-04T21:24:36","guid":{"rendered":""},"modified":"2026-03-11T09:11:50","modified_gmt":"2026-03-11T14:11:50","slug":"mensaje-del-papa-francisco-para-la-semana-santa-2020","status":"publish","type":"post","link":"https:\/\/ceas.org.pe\/index.php\/2020\/04\/04\/mensaje-del-papa-francisco-para-la-semana-santa-2020\/","title":{"rendered":"Mensaje del Papa Francisco para la Semana Santa 2020"},"content":{"rendered":"<div style=\"text-align: start;\"><span style=\"text-align: justify;\"><span style=\"font-weight: bold; font-size: 11pt; font-family: Calibri, sans-serif;\">Mensaje completo del Papa Francisco:\u00a0<\/span><\/span><\/div>\n<p style=\"margin:0cm;margin-bottom:.0001pt;text-align:justify;background:white;\nbox-sizing: inherit;margin-bottom:3rem;font-size:1.8rem;font-variant-ligatures: normal;\nfont-variant-caps: normal;orphans: 2;widows: 2;-webkit-text-stroke-width: 0px;\ntext-decoration-style: initial;text-decoration-color: initial;word-spacing:\n0px\"><i><span style=\"font-size:11.0pt;font-family:\"Calibri\",\"sans-serif\";mso-ascii-theme-font:\nminor-latin;mso-hansi-theme-font:minor-latin;mso-bidi-theme-font:minor-latin;\ncolor:black\"><br \/>\nQueridos amigos, buenas noches,<\/span><\/i><span style=\"font-size:11.0pt;font-family:\"Calibri\",\"sans-serif\";mso-ascii-theme-font:\nminor-latin;mso-hansi-theme-font:minor-latin;mso-bidi-theme-font:minor-latin;\ncolor:#494E51\"><o:p><\/o:p><\/span><br \/>\n<i><span style=\"font-size:11.0pt;font-family:\"Calibri\",\"sans-serif\";mso-ascii-theme-font:\nminor-latin;mso-hansi-theme-font:minor-latin;mso-bidi-theme-font:minor-latin;\ncolor:black\"><br \/>\nEsta noche tengo la oportunidad de entrar en vuestras casas de una manera diferente a la habitual. Si me lo permit\u00eds, me gustar\u00eda hablar con vosotros unos momentos en este per\u00edodo de dificultad y de sufrimientos. Os imagino en medio de vuestras familias, mientras viv\u00eds una vida inusual para evitar el contagio. Pienso en la vivacidad de los ni\u00f1os y los j\u00f3venes, que no pueden salir, ir a la escuela, hacer su vida. Llevo en mi coraz\u00f3n a todas las familias, especialmente a las que tienen alg\u00fan ser querido enfermo o a las que desgraciadamente est\u00e1n de luto por el coronavirus u otras causas. En estos d\u00edas pienso a menudo en las personas solas para las que es m\u00e1s dif\u00edcil afrontar estos momentos. Sobre todo pienso en los ancianos, a los que quiero tanto.<\/span><\/i><span style=\"font-size:11.0pt;font-family:\"Calibri\",\"sans-serif\";mso-ascii-theme-font:\nminor-latin;mso-hansi-theme-font:minor-latin;mso-bidi-theme-font:minor-latin;\ncolor:#494E51\"><o:p><\/o:p><\/span><br \/>\n<i><br \/>\n<span style=\"font-size:11.0pt;font-family:\"Calibri\",\"sans-serif\";mso-ascii-theme-font:\nminor-latin;mso-hansi-theme-font:minor-latin;mso-bidi-theme-font:minor-latin;\ncolor:black\">No puedo olvidar a los que est\u00e1n enfermos a causa del coronavirus, a las personas ingresadas en los hospitales. Tengo presente la generosidad de los que se exponen al peligro para curar esta pandemia o para garantizar los servicios esenciales a la sociedad. \u00a1Cu\u00e1ntos h\u00e9roes, de todos los d\u00edas, a todas las horas! Tambi\u00e9n recuerdo a los que pasan apuros econ\u00f3micos y est\u00e1n preocupados por el trabajo y el futuro. Pienso adem\u00e1s en los presos en las c\u00e1rceles, a cuyo dolor se suma el miedo a la epidemia, por ellos y por sus seres queridos, pienso en los que carecen de domicilio, que no tienen un hogar que los proteja.<\/span><\/i><span style=\"font-size:11.0pt;font-family:\n\"Calibri\",\"sans-serif\";mso-ascii-theme-font:minor-latin;mso-hansi-theme-font:\nminor-latin;mso-bidi-theme-font:minor-latin;color:#494E51\"><o:p><\/o:p><\/span><br \/>\n<i><br \/>\n<span style=\"font-size:11.0pt;font-family:\"Calibri\",\"sans-serif\";mso-ascii-theme-font:\nminor-latin;mso-hansi-theme-font:minor-latin;mso-bidi-theme-font:minor-latin;\ncolor:black\">Es un momento dif\u00edcil para todos. Para muchos, muy dif\u00edcil. El Papa lo sabe y, con estas palabras, quiere expresar a todos su cercan\u00eda y su afecto. Intentemos, si podemos, aprovechar este tiempo lo mejor posible: seamos generosos; ayudemos a quien lo necesita en nuestro entorno; busquemos, a lo mejor por tel\u00e9fono o en las redes sociales, a las personas que est\u00e1n m\u00e1s solas; recemos al Se\u00f1or por los que pasan por esta prueba en Italia y en el mundo. Aunque estemos aislados, el pensamiento y el esp\u00edritu pueden llegar lejos con la creatividad del amor. Es lo que hace falta hoy: la creatividad del amor.<\/span><o:p><\/o:p><\/i><br \/>\n<span style=\"box-sizing: inherit\"><br \/>\n<i style=\"box-sizing: inherit\"><span style=\"font-size:11.0pt;font-family:\"Calibri\",\"sans-serif\";mso-ascii-theme-font:\nminor-latin;mso-hansi-theme-font:minor-latin;mso-bidi-theme-font:minor-latin;\ncolor:black\">Celebramos la Semana Santa de una manera verdaderamente inusual, que manifiesta y resume el mensaje del Evangelio, el del amor ilimitado de Dios. Y en el silencio de nuestras ciudades, resonar\u00e1 el Evangelio de Pascua. Dice el ap\u00f3stol Pablo: \u00abY muri\u00f3 por todos, para que ya no vivan para s\u00ed los que viven, sino para aquel que muri\u00f3 y resucit\u00f3 por ellos\u00bb (2 Cor 5, 15). En Jes\u00fas resucitado, la vida ha vencido a la muerte. Esta fe pascual alimenta nuestra esperanza. Me gustar\u00eda compartirla con vosotros esta noche. Es la esperanza de un tiempo mejor, en el que tambi\u00e9n nosotros podamos ser mejores, finalmente liberados del mal y de esta pandemia. Es una esperanza: la esperanza no defrauda; no es una ilusi\u00f3n, es una esperanza.<\/span><\/i><\/span><span style=\"font-size:11.0pt;font-family:\"Calibri\",\"sans-serif\";mso-ascii-theme-font:\nminor-latin;mso-hansi-theme-font:minor-latin;mso-bidi-theme-font:minor-latin;\ncolor:#494E51\"><o:p><\/o:p><\/span><br \/>\n<i><br \/>\n<span style=\"font-size:11.0pt;font-family:\"Calibri\",\"sans-serif\";mso-ascii-theme-font:\nminor-latin;mso-hansi-theme-font:minor-latin;mso-bidi-theme-font:minor-latin;\ncolor:black\">Los unos al lado de los otros, en el amor y la paciencia, podemos preparar en estos d\u00edas un tiempo mejor. Gracias por dejarme entrar en vuestras casas. Tened un gesto de ternura con los que sufren, con los ni\u00f1os, con los ancianos. Decidles que el Papa est\u00e1 cerca y reza para que el Se\u00f1or nos libre pronto del mal a todos. Y vosotros, rezad por m\u00ed \u00a1Buena cena, hasta pronto!<\/span><\/i><span style=\"font-size:11.0pt;font-family:\"Calibri\",\"sans-serif\";mso-ascii-theme-font:\nminor-latin;mso-hansi-theme-font:minor-latin;mso-bidi-theme-font:minor-latin;\ncolor:#494E51\"><o:p><\/o:p><\/span><\/p>\n<p class=\"has-text-color\" style=\"margin:0cm;margin-bottom:.0001pt;text-align:\njustify;background:white\"><span style=\"mso-bidi-font-family:Calibri;\nmso-bidi-theme-font:minor-latin\">Ciudad del Vaticano. 3 de abril de 2020.<o:p><\/o:p><\/span><\/p>\n<p><a href=\"http:\/\/web.hilo.org.pe\/wp-content\/uploads\/PAPA FRANCISCO.jpg\" target=\"_blank\" rel=\"noopener\">Ver archivo adjunto<\/a><\/p>\n","protected":false},"excerpt":{"rendered":"<p>\u00abSer\u00e1 una Semana Santa inusual, pero en el silencio de nuestras ciudades resonar\u00e1 el Evangelio de Pascua\u00bb. A trav\u00e9s de un video mensaje, el Papa Francisco expres\u00f3 su cercan\u00eda y afecto por todas las personas que est\u00e1n viviendo estos momentos dif\u00edciles debido a la pandemia del coronavirus COVID-19. Al mismo tiempo, el Santo Padre invit\u00f3 a todos a aprovechar este tiempo lo mejor posible y rez\u00f3 para que el Se\u00f1or nos libre pronto del mal.<\/p>\n","protected":false},"author":1,"featured_media":7973,"comment_status":"closed","ping_status":"closed","sticky":false,"template":"","format":"standard","meta":{"footnotes":""},"categories":[9],"tags":[],"class_list":["post-3447","post","type-post","status-publish","format-standard","has-post-thumbnail","hentry","category-noticias"],"_links":{"self":[{"href":"https:\/\/ceas.org.pe\/index.php\/wp-json\/wp\/v2\/posts\/3447","targetHints":{"allow":["GET"]}}],"collection":[{"href":"https:\/\/ceas.org.pe\/index.php\/wp-json\/wp\/v2\/posts"}],"about":[{"href":"https:\/\/ceas.org.pe\/index.php\/wp-json\/wp\/v2\/types\/post"}],"author":[{"embeddable":true,"href":"https:\/\/ceas.org.pe\/index.php\/wp-json\/wp\/v2\/users\/1"}],"replies":[{"embeddable":true,"href":"https:\/\/ceas.org.pe\/index.php\/wp-json\/wp\/v2\/comments?post=3447"}],"version-history":[{"count":1,"href":"https:\/\/ceas.org.pe\/index.php\/wp-json\/wp\/v2\/posts\/3447\/revisions"}],"predecessor-version":[{"id":5771,"href":"https:\/\/ceas.org.pe\/index.php\/wp-json\/wp\/v2\/posts\/3447\/revisions\/5771"}],"wp:featuredmedia":[{"embeddable":true,"href":"https:\/\/ceas.org.pe\/index.php\/wp-json\/wp\/v2\/media\/7973"}],"wp:attachment":[{"href":"https:\/\/ceas.org.pe\/index.php\/wp-json\/wp\/v2\/media?parent=3447"}],"wp:term":[{"taxonomy":"category","embeddable":true,"href":"https:\/\/ceas.org.pe\/index.php\/wp-json\/wp\/v2\/categories?post=3447"},{"taxonomy":"post_tag","embeddable":true,"href":"https:\/\/ceas.org.pe\/index.php\/wp-json\/wp\/v2\/tags?post=3447"}],"curies":[{"name":"wp","href":"https:\/\/api.w.org\/{rel}","templated":true}]}}