{"id":3334,"date":"2019-10-10T11:56:55","date_gmt":"2019-10-10T11:56:55","guid":{"rendered":""},"modified":"2026-03-11T09:11:53","modified_gmt":"2026-03-11T14:11:53","slug":"sinodoamazonico-la-iglesia-promueve-el-ministerio-laico-de-las-mujeres","status":"publish","type":"post","link":"https:\/\/ceas.org.pe\/index.php\/2019\/10\/10\/sinodoamazonico-la-iglesia-promueve-el-ministerio-laico-de-las-mujeres\/","title":{"rendered":"#S\u00ednodoAmazonico. La Iglesia promueve el ministerio laico de las mujeres"},"content":{"rendered":"<p class=\"MsoNormal\" style=\"margin-bottom:0cm;margin-bottom:.0001pt;line-height:\nnormal\"><span style=\"mso-fareast-font-family:\"Times New Roman\";mso-bidi-font-family:\nCalibri;mso-bidi-theme-font:minor-latin;color:#373737;mso-fareast-language:\nES-PE\">La salud integral de la Amazon\u00eda, es una de las preocupaciones expuestas esta ma\u00f1ana en el aula por los padres sinodales. El modelo de desarrollo del capitalismo que devora la naturaleza, los incendios que est\u00e1n destruyendo la regi\u00f3n, la corrupci\u00f3n, la deforestaci\u00f3n y los cultivos ilegales amenazan tanto la salud de las personas como la del territorio y la de todo el planeta.<o:p><\/o:p><\/span><\/p>\n<p class=\"MsoNormal\" style=\"margin-bottom:0cm;margin-bottom:.0001pt;line-height:\nnormal;mso-outline-level:2\"><span style=\"mso-fareast-font-family:\"Times New Roman\";\nmso-bidi-font-family:Calibri;mso-bidi-theme-font:minor-latin;color:#373737;\nmso-fareast-language:ES-PE\">\u00a0<\/span><\/p>\n<p class=\"MsoNormal\" style=\"margin-bottom:0cm;margin-bottom:.0001pt;line-height:\nnormal;mso-outline-level:2\"><b><span style=\"mso-fareast-font-family:\"Times New Roman\";mso-bidi-font-family:Calibri;\nmso-bidi-theme-font:minor-latin;color:#373737;mso-fareast-language:ES-PE\">Proteger a las poblaciones en aislamiento voluntario<o:p><\/o:p><\/span><\/b><\/p>\n<p class=\"MsoNormal\" style=\"margin-bottom:0cm;margin-bottom:.0001pt;line-height:\nnormal\"><span style=\"mso-fareast-font-family:\"Times New Roman\";mso-bidi-font-family:\nCalibri;mso-bidi-theme-font:minor-latin;color:#373737;mso-fareast-language:\nES-PE\">Se ha puesto la mirada sobre los pueblos ind\u00edgenas en aislamiento voluntario, particularmente vulnerables y expuestos al genocidio. Para mantener la atenci\u00f3n sobre este tema, es necesario establecer un observatorio eclesial internacional para la protecci\u00f3n de los derechos humanos y las necesidades de estas comunidades.<o:p><\/o:p><\/span><\/p>\n<p class=\"MsoNormal\" style=\"margin-bottom:0cm;margin-bottom:.0001pt;line-height:\nnormal\"><span style=\"mso-fareast-font-family:\"Times New Roman\";mso-bidi-font-family:\nCalibri;mso-bidi-theme-font:minor-latin;color:#373737;mso-fareast-language:\nES-PE\">\u00a0<\/span><\/p>\n<p class=\"MsoNormal\" style=\"margin-bottom:0cm;margin-bottom:.0001pt;line-height:\nnormal;mso-outline-level:2\"><b><span style=\"mso-fareast-font-family:\"Times New Roman\";mso-bidi-font-family:Calibri;\nmso-bidi-theme-font:minor-latin;color:#373737;mso-fareast-language:ES-PE\">M\u00e1s di\u00e1logo: la Iglesia se dirige a las poblaciones locales<o:p><\/o:p><\/span><\/b><\/p>\n<p class=\"MsoNormal\" style=\"margin-bottom:0cm;margin-bottom:.0001pt;line-height:\nnormal\"><span style=\"mso-fareast-font-family:\"Times New Roman\";mso-bidi-font-family:\nCalibri;mso-bidi-theme-font:minor-latin;color:#373737;mso-fareast-language:\nES-PE\">Destaca la lentitud con la que la Iglesia Cat\u00f3lica ha ido respondiendo a las necesidades de la poblaci\u00f3n. A veces, de hecho, est\u00e1 lejos de la gente local y este vac\u00edo se llena con la propuesta de las iglesias neopentecostales.<o:p><\/o:p><\/span><\/p>\n<p class=\"MsoNormal\" style=\"margin-bottom:0cm;margin-bottom:.0001pt;line-height:\nnormal\"><span style=\"mso-fareast-font-family:\"Times New Roman\";mso-bidi-font-family:\nCalibri;mso-bidi-theme-font:minor-latin;color:#373737;mso-fareast-language:\nES-PE\">\u00a0<\/span><\/p>\n<p class=\"MsoNormal\" style=\"margin-bottom:0cm;margin-bottom:.0001pt;line-height:\nnormal\"><span style=\"mso-fareast-font-family:\"Times New Roman\";mso-bidi-font-family:\nCalibri;mso-bidi-theme-font:minor-latin;color:#373737;mso-fareast-language:\nES-PE\">El di\u00e1logo ecum\u00e9nico e interreligioso sigue siendo urgente e indispensable: debe ser respetuoso y fecundo, una dimensi\u00f3n fundamental para la Iglesia que sale de la regi\u00f3n panamaz\u00f3nica, caracterizada por un contexto multicultural. La interculturalidad es m\u00e1s que un reto. No a una imposici\u00f3n desde arriba de la propia cultura. S\u00ed a la aceptaci\u00f3n del otro y a una sana descentralizaci\u00f3n desde una perspectiva sinodal. Que la Iglesia, sin ocultar las dificultades, sea misionera, tenga un rostro ind\u00edgena y favorezca una l\u00f3gica seg\u00fan la cual la periferia se convierte en el centro y el centro en la periferia, en un rico movimiento de transformaci\u00f3n mutua.<o:p><\/o:p><\/span><\/p>\n<p class=\"MsoNormal\" style=\"margin-bottom:0cm;margin-bottom:.0001pt;line-height:\nnormal;mso-outline-level:2\"><span style=\"mso-fareast-font-family:\"Times New Roman\";\nmso-bidi-font-family:Calibri;mso-bidi-theme-font:minor-latin;color:#373737;\nmso-fareast-language:ES-PE\">\u00a0<\/span><\/p>\n<p class=\"MsoNormal\" style=\"margin-bottom:0cm;margin-bottom:.0001pt;line-height:\nnormal;mso-outline-level:2\"><b><span style=\"mso-fareast-font-family:\"Times New Roman\";mso-bidi-font-family:Calibri;\nmso-bidi-theme-font:minor-latin;color:#373737;mso-fareast-language:ES-PE\">Ministerios para responder a las necesidades de los pueblos amaz\u00f3nicos<o:p><\/o:p><\/span><\/b><\/p>\n<p class=\"MsoNormal\" style=\"margin-bottom:0cm;margin-bottom:.0001pt;line-height:\nnormal\"><span style=\"mso-fareast-font-family:\"Times New Roman\";mso-bidi-font-family:\nCalibri;mso-bidi-theme-font:minor-latin;color:#373737;mso-fareast-language:\nES-PE\">La llamada a una mayor participaci\u00f3n de los laicos en la creaci\u00f3n de nuevos ministerios que respondan a las necesidades de los pueblos amaz\u00f3nicos es tambi\u00e9n parte de una perspectiva sinodal: la Iglesia debe ser creativa al proponer un ministerio multiforme entre los pueblos de la selva. Desde el Concilio Vaticano II, se han pedido mayores esfuerzos en favor de la inculturaci\u00f3n de la liturgia, con celebraciones que respeten tanto las tradiciones y lenguas de los pueblos locales como el mensaje integral del Evangelio.\u00a0 Es necesario un cuidadoso discernimiento por parte de los obispos para que no se excluya a priori ninguna soluci\u00f3n, ni siquiera la de la ordenaci\u00f3n de los hombres casados. Reson\u00f3 entonces la petici\u00f3n de muchos seminaristas de una formaci\u00f3n afectiva para curar las heridas causadas por la revoluci\u00f3n sexual: hoy muchos desean redescubrir y conocer el valor del celibato y la castidad. La Iglesia no se queda callada al respecto, sino que ofrece su tesoro: la doctrina que transforma los corazones.<o:p><\/o:p><\/span><\/p>\n<p class=\"MsoNormal\" style=\"margin-bottom:0cm;margin-bottom:.0001pt;line-height:\nnormal;mso-outline-level:2\"><span style=\"mso-fareast-font-family:\"Times New Roman\";\nmso-bidi-font-family:Calibri;mso-bidi-theme-font:minor-latin;color:#373737;\nmso-fareast-language:ES-PE\">\u00a0<\/span><\/p>\n<p class=\"MsoNormal\" style=\"margin-bottom:0cm;margin-bottom:.0001pt;line-height:\nnormal;mso-outline-level:2\"><b><span style=\"mso-fareast-font-family:\"Times New Roman\";mso-bidi-font-family:Calibri;\nmso-bidi-theme-font:minor-latin;color:#373737;mso-fareast-language:ES-PE\">Un ministerio laico femenino<o:p><\/o:p><\/span><\/b><\/p>\n<p class=\"MsoNormal\" style=\"margin-bottom:0cm;margin-bottom:.0001pt;line-height:\nnormal\"><span style=\"mso-fareast-font-family:\"Times New Roman\";mso-bidi-font-family:\nCalibri;mso-bidi-theme-font:minor-latin;color:#373737;mso-fareast-language:\nES-PE\">Al mismo tiempo, debemos combatir la violencia generalizada contra las mujeres. Se lanz\u00f3 la idea de establecer un ministerio laico de mujeres para la evangelizaci\u00f3n. Es necesario promover una participaci\u00f3n m\u00e1s activa de las mujeres en la vida de la Iglesia desde una perspectiva samaritana.<o:p><\/o:p><\/span><\/p>\n<p class=\"MsoNormal\" style=\"margin-bottom:0cm;margin-bottom:.0001pt;line-height:\nnormal;mso-outline-level:2\"><b><span style=\"mso-fareast-font-family:\"Times New Roman\";mso-bidi-font-family:Calibri;\nmso-bidi-theme-font:minor-latin;color:#373737;mso-fareast-language:ES-PE\">Unidad en la diversidad<o:p><\/o:p><\/span><\/b><\/p>\n<p class=\"MsoNormal\" style=\"margin-bottom:0cm;margin-bottom:.0001pt;line-height:\nnormal\"><span style=\"mso-fareast-font-family:\"Times New Roman\";mso-bidi-font-family:\nCalibri;mso-bidi-theme-font:minor-latin;color:#373737;mso-fareast-language:\nES-PE\">La unidad en la diversidad debe perseguirse seg\u00fan la imagen del poliedro sugerida repetidamente por el Papa. En la escuela de Jes\u00fas se nos pide pasar de la pastoral de la visita a la pastoral de la presencia y de la escucha, proclamando la ternura divina y promoviendo el cuidado de la Casa com\u00fan no s\u00f3lo entre los amigos, sino tambi\u00e9n entre los que est\u00e1n lejos y piensan diferente. Los valores de la fraternidad universal, de la ecolog\u00eda integral y de los estilos de vida inspirados en el \u00abbuen vivir\u00bb deben estar enraizados en Jes\u00fas como respuesta a las muchas propuestas ego\u00edstas de nuestro tiempo.<o:p><\/o:p><\/span><\/p>\n<p class=\"MsoNormal\" style=\"margin-bottom:0cm;margin-bottom:.0001pt;line-height:\nnormal\"><span style=\"mso-fareast-font-family:\"Times New Roman\";mso-bidi-font-family:\nCalibri;mso-bidi-theme-font:minor-latin;color:#373737;mso-fareast-language:\nES-PE\">\u00a0<\/span><\/p>\n<p class=\"MsoNormal\" style=\"margin-bottom:0cm;margin-bottom:.0001pt;line-height:\nnormal\"><span style=\"mso-fareast-font-family:\"Times New Roman\";mso-bidi-font-family:\nCalibri;mso-bidi-theme-font:minor-latin;color:#373737;mso-fareast-language:\nES-PE\">Ante la tragedia clim\u00e1tica denunciada a nivel mundial, el S\u00ednodo es un momento de gracia y una gran oportunidad para que la Iglesia promueva la conversi\u00f3n ecol\u00f3gica y la educaci\u00f3n integral.<o:p><\/o:p><\/span><\/p>\n<p class=\"MsoNormal\" style=\"margin-bottom:0cm;margin-bottom:.0001pt;line-height:\nnormal;mso-outline-level:2\"><span style=\"mso-fareast-font-family:\"Times New Roman\";\nmso-bidi-font-family:Calibri;mso-bidi-theme-font:minor-latin;color:#373737;\nmso-fareast-language:ES-PE\">\u00a0<\/span><\/p>\n<p class=\"MsoNormal\" style=\"margin-bottom:0cm;margin-bottom:.0001pt;line-height:\nnormal;mso-outline-level:2\"><b><span style=\"mso-fareast-font-family:\"Times New Roman\";mso-bidi-font-family:Calibri;\nmso-bidi-theme-font:minor-latin;color:#373737;mso-fareast-language:ES-PE\">Migraci\u00f3n y pastoral urbana<o:p><\/o:p><\/span><\/b><\/p>\n<p class=\"MsoNormal\" style=\"margin-bottom:0cm;margin-bottom:.0001pt;line-height:\nnormal\"><span style=\"mso-fareast-font-family:\"Times New Roman\";mso-bidi-font-family:\nCalibri;mso-bidi-theme-font:minor-latin;color:#373737;mso-fareast-language:\nES-PE\">Tambi\u00e9n se ha llamado la atenci\u00f3n de los Padres sinodales sobre el tema de las migraciones, cuyas causas principales son las persecuciones sociopol\u00edticas, clim\u00e1ticas, econ\u00f3micas o \u00e9tnicas, que requieren un enfoque pastoral espec\u00edfico. La imposici\u00f3n de un modelo occidental extractivo afecta a las familias y obliga a los j\u00f3venes a desplazarse por las ciudades. La Iglesia debe promover la pastoral urbana.<o:p><\/o:p><\/span><\/p>\n<p class=\"MsoNormal\" style=\"margin-bottom:0cm;margin-bottom:.0001pt;line-height:\nnormal\"><span style=\"mso-fareast-font-family:\"Times New Roman\";mso-bidi-font-family:\nCalibri;mso-bidi-theme-font:minor-latin;color:#373737;mso-fareast-language:\nES-PE\">\u00a0<\/span><\/p>\n<p class=\"MsoNormal\" style=\"margin-bottom:0cm;margin-bottom:.0001pt;line-height:\nnormal;mso-outline-level:2\"><b><span style=\"mso-fareast-font-family:\"Times New Roman\";mso-bidi-font-family:Calibri;\nmso-bidi-theme-font:minor-latin;color:#373737;mso-fareast-language:ES-PE\">Teolog\u00eda india y tradiciones locales<o:p><\/o:p><\/span><\/b><\/p>\n<p class=\"MsoNormal\" style=\"margin-bottom:0cm;margin-bottom:.0001pt;line-height:\nnormal\"><span style=\"mso-fareast-font-family:\"Times New Roman\";mso-bidi-font-family:\nCalibri;mso-bidi-theme-font:minor-latin;color:#373737;mso-fareast-language:\nES-PE\">El debate abord\u00f3 el valor de la teolog\u00eda india, con referencia a la llamada del Papa a formar una Iglesia con rostro ind\u00edgena, capaz de releer los elementos esenciales del universo cat\u00f3lico en clave ind\u00edgena. Tambi\u00e9n se destac\u00f3 el valor de la medicina tradicional, una alternativa v\u00e1lida a la medicina occidental. Propone la creaci\u00f3n de mayores reservas naturales para preservar tanto la biodiversidad como la pluralidad de las culturas amaz\u00f3nicas. Desde la Congregaci\u00f3n de esta ma\u00f1ana, abierta como de costumbre con el rezo de la tercera hora, se elev\u00f3 finalmente una oraci\u00f3n especial por la dif\u00edcil situaci\u00f3n en Ecuador.<o:p><\/o:p><\/span><\/p>\n<p class=\"MsoNormal\" style=\"margin-bottom:0cm;margin-bottom:.0001pt;text-align:\njustify;line-height:normal\"><o:p>\u00a0<\/o:p><o:p>\u00a0<\/o:p><\/p>\n<p class=\"MsoNormal\" style=\"margin-bottom:0cm;margin-bottom:.0001pt;text-align:\njustify;line-height:normal\"><i>Tomado de: Vatican News &#8211; Ciudad del Vaticano. 9 de octubre de 2019.<o:p><\/o:p><\/i><\/p>\n<p><span style=\"text-align: justify;\">\u00a0<\/span>\u00a0<\/p>\n<p><a href=\"http:\/\/web.hilo.org.pe\/wp-content\/uploads\/vatican 10 web.jpg\" target=\"_blank\" rel=\"noopener\">Ver archivo adjunto<\/a><\/p>\n","protected":false},"excerpt":{"rendered":"<p>El trabajo de la Asamblea Especial Panamaz\u00f3nica del S\u00ednodo de los Obispos en el Vaticano contin\u00faa. Esta ma\u00f1ana 174 padres estuvieron presentes en el aula durante la quinta congregaci\u00f3n general. La salud integral de la Amazon\u00eda, es una de las preocupaciones expuestas esta ma\u00f1ana en el aula por los padres sinodales.<\/p>\n","protected":false},"author":1,"featured_media":7857,"comment_status":"closed","ping_status":"closed","sticky":false,"template":"","format":"standard","meta":{"footnotes":""},"categories":[9],"tags":[],"class_list":["post-3334","post","type-post","status-publish","format-standard","has-post-thumbnail","hentry","category-noticias"],"_links":{"self":[{"href":"https:\/\/ceas.org.pe\/index.php\/wp-json\/wp\/v2\/posts\/3334","targetHints":{"allow":["GET"]}}],"collection":[{"href":"https:\/\/ceas.org.pe\/index.php\/wp-json\/wp\/v2\/posts"}],"about":[{"href":"https:\/\/ceas.org.pe\/index.php\/wp-json\/wp\/v2\/types\/post"}],"author":[{"embeddable":true,"href":"https:\/\/ceas.org.pe\/index.php\/wp-json\/wp\/v2\/users\/1"}],"replies":[{"embeddable":true,"href":"https:\/\/ceas.org.pe\/index.php\/wp-json\/wp\/v2\/comments?post=3334"}],"version-history":[{"count":1,"href":"https:\/\/ceas.org.pe\/index.php\/wp-json\/wp\/v2\/posts\/3334\/revisions"}],"predecessor-version":[{"id":5884,"href":"https:\/\/ceas.org.pe\/index.php\/wp-json\/wp\/v2\/posts\/3334\/revisions\/5884"}],"wp:featuredmedia":[{"embeddable":true,"href":"https:\/\/ceas.org.pe\/index.php\/wp-json\/wp\/v2\/media\/7857"}],"wp:attachment":[{"href":"https:\/\/ceas.org.pe\/index.php\/wp-json\/wp\/v2\/media?parent=3334"}],"wp:term":[{"taxonomy":"category","embeddable":true,"href":"https:\/\/ceas.org.pe\/index.php\/wp-json\/wp\/v2\/categories?post=3334"},{"taxonomy":"post_tag","embeddable":true,"href":"https:\/\/ceas.org.pe\/index.php\/wp-json\/wp\/v2\/tags?post=3334"}],"curies":[{"name":"wp","href":"https:\/\/api.w.org\/{rel}","templated":true}]}}