{"id":3333,"date":"2019-10-10T11:05:59","date_gmt":"2019-10-10T11:05:59","guid":{"rendered":""},"modified":"2026-03-11T09:11:53","modified_gmt":"2026-03-11T14:11:53","slug":"sinodoamazonico-el-drama-del-narcotrafico-y-la-llamada-a-la-conversion-ecologica","status":"publish","type":"post","link":"https:\/\/ceas.org.pe\/index.php\/2019\/10\/10\/sinodoamazonico-el-drama-del-narcotrafico-y-la-llamada-a-la-conversion-ecologica\/","title":{"rendered":"#SinodoAmazonico. El drama del narcotr\u00e1fico y la llamada a la conversi\u00f3n ecol\u00f3gica"},"content":{"rendered":"<p class=\"MsoNormal\" style=\"margin-bottom:0cm;margin-bottom:.0001pt;text-align:\njustify;line-height:normal\">La tragedia del narcotr\u00e1fico y sus consecuencias: este fue uno de los discursos de esta tarde en el Aula del S\u00ednodo durante la 6\u00aa Congregaci\u00f3n General. En algunas zonas que conforman la regi\u00f3n panamaz\u00f3nica, el cultivo de coca ha aumentado de 12.000 a 23.000 hect\u00e1reas, con efectos devastadores debido al aumento de la delincuencia y a la alteraci\u00f3n del equilibrio natural del territorio, cada vez m\u00e1s desierto. La construcci\u00f3n de centrales hidroel\u00e9ctricas, que implica la deforestaci\u00f3n de grandes reservas ambientales ricas en biodiversidad, as\u00ed como incendios autorizados que destruyen millones de hect\u00e1reas de tierra, tienen un impacto muy fuerte en el medio ambiente de algunas regiones, alterando el ecosistema. Por eso es necesaria una llamada a la conversi\u00f3n ecol\u00f3gica: la Iglesia, se dice en la sala, debe ser una voz prof\u00e9tica para que el tema de la ecolog\u00eda integral pueda entrar en la agenda de los organismos internacionales.<o:p><\/o:p><\/p>\n<p class=\"MsoNormal\" style=\"margin-bottom:0cm;margin-bottom:.0001pt;text-align:\njustify;line-height:normal;mso-outline-level:2\"><o:p>\u00a0<\/o:p><\/p>\n<p class=\"MsoNormal\" style=\"margin-bottom:0cm;margin-bottom:.0001pt;text-align:\njustify;line-height:normal;mso-outline-level:2\"><b>Inculturaci\u00f3n y evangelizaci\u00f3n<o:p><\/o:p><\/b><\/p>\n<p class=\"MsoNormal\" style=\"margin-bottom:0cm;margin-bottom:.0001pt;text-align:\njustify;line-height:normal\">En las otras intervenciones de los Padres sinodales, volvemos a reflexionar sobre el equilibrio entre inculturaci\u00f3n y evangelizaci\u00f3n e invitaron a mirar el ejemplo tan elocuente de Jes\u00fas. La Encarnaci\u00f3n misma, en efecto, es el signo m\u00e1s grande de la inculturaci\u00f3n, porque el Verbo de Dios ha asumido la naturaleza humana para hacerse visible en su amor. Y esta es la tarea de la Iglesia, llamada a encarnarse en la vida concreta de las personas, como lo han hecho los misioneros en la Amazon\u00eda.<o:p><\/o:p><\/p>\n<p class=\"MsoNormal\" style=\"margin-bottom:0cm;margin-bottom:.0001pt;text-align:\njustify;line-height:normal\"><o:p>\u00a0<\/o:p><\/p>\n<p class=\"MsoNormal\" style=\"margin-bottom:0cm;margin-bottom:.0001pt;text-align:\njustify;line-height:normal;mso-outline-level:2\"><b>S\u00ednodo misionero<o:p><\/o:p><\/b><\/p>\n<p class=\"MsoNormal\" style=\"margin-bottom:0cm;margin-bottom:.0001pt;text-align:\njustify;line-height:normal\">En una de las intervenciones, en particular, se expres\u00f3 la idea de que la Amazon\u00eda se convertir\u00eda en un laboratorio permanente de sinodalidad misionera, tanto para el bien de los pueblos que viven en la regi\u00f3n como para el bien de la Iglesia. Tambi\u00e9n se destaca la importancia de la interculturalidad y la valorizaci\u00f3n de las culturas y poblaciones originarias, cuya cosmovisi\u00f3n ayuda en el cuidado de la casa com\u00fan.<o:p><\/o:p><\/p>\n<p class=\"MsoNormal\" style=\"margin-bottom:0cm;margin-bottom:.0001pt;text-align:\njustify;line-height:normal\"><o:p>\u00a0<\/o:p><\/p>\n<p class=\"MsoNormal\" style=\"margin-bottom:0cm;margin-bottom:.0001pt;text-align:\njustify;line-height:normal;mso-outline-level:2\"><b>La dificultad de la vocaci\u00f3n y el camino de los viri probati<o:p><\/o:p><\/b><\/p>\n<p class=\"MsoNormal\" style=\"margin-bottom:0cm;margin-bottom:.0001pt;text-align:\njustify;line-height:normal\">Tambi\u00e9n en el tema de la evangelizaci\u00f3n, hablamos de la dificultad de las vocaciones sacerdotales y religiosas, y nos detenemos en el camino de las viri probati: esto, como se afirma en una intervenci\u00f3n, vendr\u00eda a debilitar el impulso de los sacerdotes de salir de un continente a otro y tambi\u00e9n de una di\u00f3cesis a otra. El sacerdote, en efecto, no es \u00abde la comunidad\u00bb, sino \u00abde la Iglesia\u00bb y, como tal, puede ser \u00abpara cualquier comunidad\u00bb. Otra intervenci\u00f3n subraya que no son tanto los ministerios de lo sagrado los que se necesitan, sino los di\u00e1conos de la fe. A continuaci\u00f3n, reiter\u00f3 la necesidad de una mayor y mejor formaci\u00f3n de los sacerdotes, y record\u00f3 la valoraci\u00f3n, lejos del clericalismo, de las responsabilidades de los laicos.<o:p><\/o:p><\/p>\n<p class=\"MsoNormal\" style=\"margin-bottom:0cm;margin-bottom:.0001pt;text-align:\njustify;line-height:normal\"><o:p>\u00a0<\/o:p><\/p>\n<p class=\"MsoNormal\" style=\"margin-bottom:0cm;margin-bottom:.0001pt;text-align:\njustify;line-height:normal;mso-outline-level:2\"><b>Piedad popular<o:p><\/o:p><\/b><\/p>\n<p class=\"MsoNormal\" style=\"margin-bottom:0cm;margin-bottom:.0001pt;text-align:\njustify;line-height:normal\">Otra intervenci\u00f3n se centra en el tema de la piedad popular, un aspecto de la evangelizaci\u00f3n ante el que no se puede permanecer indiferente: es una caracter\u00edstica fundamental de los pueblos de la Amazon\u00eda y, por tanto, hay que cuidarla, como un tesoro en el que resplandece Jesucristo. De ah\u00ed la idea de que las manifestaciones de la piedad popular son cada vez m\u00e1s acompa\u00f1adas, promovidas y valoradas por la Iglesia.\u00a0<o:p><\/o:p><\/p>\n<p class=\"MsoNormal\" style=\"margin-bottom:0cm;margin-bottom:.0001pt;text-align:\njustify;line-height:normal\"><o:p>\u00a0<\/o:p><\/p>\n<p class=\"MsoNormal\" style=\"margin-bottom:0cm;margin-bottom:.0001pt;text-align:\njustify;line-height:normal;mso-outline-level:2\"><b>Teolog\u00eda de la Creaci\u00f3n<o:p><\/o:p><\/b><\/p>\n<p class=\"MsoNormal\" style=\"margin-bottom:0cm;margin-bottom:.0001pt;text-align:\njustify;line-height:normal\">La Sala del S\u00ednodo se ocupa tambi\u00e9n de la teolog\u00eda de la creaci\u00f3n, en la que la Palabra de Dios reside para la humanidad. De ah\u00ed la reflexi\u00f3n de los Padres sobre la importancia de un mayor di\u00e1logo entre esta teolog\u00eda y las ciencias positivas, ya que olvidar la creaci\u00f3n significar\u00eda olvidar al Creador mismo. Tambi\u00e9n hay espacio para el tema de la defensa de los derechos de los pueblos originarios de la Amazon\u00eda: el di\u00e1logo con ellos, se dice en la sala, es importante y ayuda a valorarlos como interlocutores dignos, dotados de la capacidad de autodeterminaci\u00f3n. Tambi\u00e9n se debe prestar especial atenci\u00f3n al cuidado pastoral de los j\u00f3venes ind\u00edgenas, divididos como est\u00e1n entre el conocimiento tradicional y el occidental.<o:p><\/o:p><\/p>\n<p class=\"MsoNormal\" style=\"margin-bottom:0cm;margin-bottom:.0001pt;text-align:\njustify;line-height:normal\"><o:p>\u00a0<\/o:p><\/p>\n<p class=\"MsoNormal\" style=\"margin-bottom:0cm;margin-bottom:.0001pt;text-align:\njustify;line-height:normal;mso-outline-level:2\"><b>El papel de la mujer en la Iglesia y en la sociedad<o:p><\/o:p><\/b><\/p>\n<p class=\"MsoNormal\" style=\"margin-bottom:0cm;margin-bottom:.0001pt;text-align:\njustify;line-height:normal\">La 6\u00aa Congregaci\u00f3n tiene tambi\u00e9n algunos oyentes, delegados fraternos e invitados especiales que toman la palabra: en particular, se les insta a promover el papel de la mujer, a reforzar su liderazgo en la familia, la sociedad y la Iglesia. La mujer es la guardiana de la vida, la evangelizadora, la artesana de la esperanza -se dice en la Sala- es la brisa suave de Dios, el rostro materno y misericordioso de la Iglesia. Es importante, por tanto, reconocer el estilo del anuncio del Evangelio realizado por las mujeres amaz\u00f3nicas, a menudo silenciosas, pero muy participativas en la sociedad. Y es necesario fortalecer -dice de nuevo- una sinodalidad de g\u00e9nero en la Iglesia.<o:p><\/o:p><\/p>\n<p class=\"MsoNormal\" style=\"margin-bottom:0cm;margin-bottom:.0001pt;text-align:\njustify;line-height:normal\"><o:p>\u00a0<\/o:p><\/p>\n<p class=\"MsoNormal\" style=\"margin-bottom:0cm;margin-bottom:.0001pt;text-align:\njustify;line-height:normal;mso-outline-level:2\"><b>Di\u00e1logo interreligioso y ecum\u00e9nico<o:p><\/o:p><\/b><\/p>\n<p class=\"MsoNormal\" style=\"margin-bottom:0cm;margin-bottom:.0001pt;text-align:\njustify;line-height:normal\">El Aula del S\u00ednodo tambi\u00e9n reflexiona sobre la importancia del di\u00e1logo interreligioso, que se centra en la confianza, en ver las diferencias como una oportunidad, lejos de la colonizaci\u00f3n religiosa y cerca de la escucha y la conciencia de la alteridad. A continuaci\u00f3n, se examina el di\u00e1logo ecum\u00e9nico, destacando la importancia de un camino com\u00fan tambi\u00e9n para la protecci\u00f3n de los derechos de los pueblos ind\u00edgenas, que a menudo son v\u00edctimas de la violencia, y de los territorios amaz\u00f3nicos destruidos por m\u00e9todos de extracci\u00f3n depredadores o por cultivos ven\u00e9fi cosechas ven\u00e9fi cos. Una proclamaci\u00f3n com\u00fan del Evangelio puede ser una forma de combatir estos horrendos cr\u00edmenes. Los cristianos -a\u00f1ade- no pueden permanecer en silencio ante la violencia y las injusticias sufridas por la Amazon\u00eda y sus pueblos: anunciar el amor de Dios en los rincones m\u00e1s remotos de la regi\u00f3n significa denunciar toda forma de opresi\u00f3n sobre la belleza de la Creaci\u00f3n.<o:p><\/o:p><\/p>\n<p class=\"MsoNormal\" style=\"margin-bottom:0cm;margin-bottom:.0001pt;text-align:\njustify;line-height:normal\"><o:p>\u00a0<\/o:p><\/p>\n<p class=\"MsoNormal\" style=\"margin-bottom:0cm;margin-bottom:.0001pt;text-align:\njustify;line-height:normal;mso-outline-level:2\"><b>Amazon\u00eda, un lugar concreto que concierne a todos<o:p><\/o:p><\/b><\/p>\n<p class=\"MsoNormal\" style=\"margin-bottom:0cm;margin-bottom:.0001pt;text-align:\njustify;line-height:normal\">La Amazon\u00eda es un lugar concreto\u00bb, a\u00f1ade, \u00abdonde se manifiestan muchos desaf\u00edos globales de nuestro tiempo, desaf\u00edos que afectan a todos\u00bb. Los sufrimientos de los pueblos amaz\u00f3nicos, de hecho, derivan de un modo de vida \u00abimperial\u00bb, en el que la vida es considerada una simple mercanc\u00eda y las desigualdades acaban siendo cada vez m\u00e1s reforzadas. En cambio, los pueblos ind\u00edgenas pueden ayudar a comprender la interconexi\u00f3n de las cosas: la cooperaci\u00f3n mundial es posible y urgente.<o:p><\/o:p><\/p>\n<p class=\"MsoNormal\" style=\"margin-bottom:0cm;margin-bottom:.0001pt;text-align:\njustify;line-height:normal\"><o:p>\u00a0<\/o:p><\/p>\n<p class=\"MsoNormal\" style=\"margin-bottom:0cm;margin-bottom:.0001pt;text-align:\njustify;line-height:normal;mso-outline-level:2\"><b>El ejemplo del Papa<o:p><\/o:p><\/b><\/p>\n<p class=\"MsoNormal\" style=\"margin-bottom:0cm;margin-bottom:.0001pt;text-align:\njustify;line-height:normal\">Al comienzo de la libertad de expresi\u00f3n, el Papa quiso tambi\u00e9n contribuir a la relectura del camino recorrido hasta ahora, subrayando lo que m\u00e1s le ha impresionado de lo que hab\u00eda o\u00eddo. Francisco, que hab\u00eda abierto la jornada rezando por los \u00abhermanos jud\u00edos\u00bb el d\u00eda de Yom Kippur, al final de la Congregaci\u00f3n record\u00f3 tambi\u00e9n en su oraci\u00f3n a las v\u00edctimas del ataque a la sinagoga de Halle en Alemania.<o:p><\/o:p><\/p>\n<p class=\"MsoNormal\" style=\"margin-bottom:0cm;margin-bottom:.0001pt;text-align:\njustify;line-height:normal\"><o:p>\u00a0<\/o:p><\/p>\n<p><i style=\"text-align: justify;\">Tomado de: Vatican News &#8211; Ciudad del Vaticano. 9 de octubre de 2019.<\/i>\u00a0<\/p>\n<p><a href=\"http:\/\/web.hilo.org.pe\/wp-content\/uploads\/vatican 09 web.jpg\" target=\"_blank\" rel=\"noopener\">Ver archivo adjunto<\/a><\/p>\n","protected":false},"excerpt":{"rendered":"<p>La tragedia del narcotr\u00e1fico y sus consecuencias: este fue uno de los discursos de esta tarde con la presencia del Papa Francisco, durante la sexta Congregaci\u00f3n General del S\u00ednodo Especial de los Obispos para la Regi\u00f3n Panamaz\u00f3nica tuvo lugar en la tarde del 9 de octubre, y se prolongar\u00e1 hasta el 27 de octubre. 180 Padres sinodales en la sala.<\/p>\n","protected":false},"author":1,"featured_media":8139,"comment_status":"closed","ping_status":"closed","sticky":false,"template":"","format":"standard","meta":{"footnotes":""},"categories":[9],"tags":[],"class_list":["post-3333","post","type-post","status-publish","format-standard","has-post-thumbnail","hentry","category-noticias"],"_links":{"self":[{"href":"https:\/\/ceas.org.pe\/index.php\/wp-json\/wp\/v2\/posts\/3333","targetHints":{"allow":["GET"]}}],"collection":[{"href":"https:\/\/ceas.org.pe\/index.php\/wp-json\/wp\/v2\/posts"}],"about":[{"href":"https:\/\/ceas.org.pe\/index.php\/wp-json\/wp\/v2\/types\/post"}],"author":[{"embeddable":true,"href":"https:\/\/ceas.org.pe\/index.php\/wp-json\/wp\/v2\/users\/1"}],"replies":[{"embeddable":true,"href":"https:\/\/ceas.org.pe\/index.php\/wp-json\/wp\/v2\/comments?post=3333"}],"version-history":[{"count":1,"href":"https:\/\/ceas.org.pe\/index.php\/wp-json\/wp\/v2\/posts\/3333\/revisions"}],"predecessor-version":[{"id":5885,"href":"https:\/\/ceas.org.pe\/index.php\/wp-json\/wp\/v2\/posts\/3333\/revisions\/5885"}],"wp:featuredmedia":[{"embeddable":true,"href":"https:\/\/ceas.org.pe\/index.php\/wp-json\/wp\/v2\/media\/8139"}],"wp:attachment":[{"href":"https:\/\/ceas.org.pe\/index.php\/wp-json\/wp\/v2\/media?parent=3333"}],"wp:term":[{"taxonomy":"category","embeddable":true,"href":"https:\/\/ceas.org.pe\/index.php\/wp-json\/wp\/v2\/categories?post=3333"},{"taxonomy":"post_tag","embeddable":true,"href":"https:\/\/ceas.org.pe\/index.php\/wp-json\/wp\/v2\/tags?post=3333"}],"curies":[{"name":"wp","href":"https:\/\/api.w.org\/{rel}","templated":true}]}}