{"id":3284,"date":"2019-07-17T12:13:42","date_gmt":"2019-07-17T12:13:42","guid":{"rendered":""},"modified":"2026-03-11T09:11:54","modified_gmt":"2026-03-11T14:11:54","slug":"hacia-el-sinodo-sobre-la-amazonia-proceso-de-consulta-de-la-repam","status":"publish","type":"post","link":"https:\/\/ceas.org.pe\/index.php\/2019\/07\/17\/hacia-el-sinodo-sobre-la-amazonia-proceso-de-consulta-de-la-repam\/","title":{"rendered":"Hacia el S\u00ednodo sobre la Amazon\u00eda: proceso de consulta de la REPAM"},"content":{"rendered":"<p style=\"margin: 0cm 0cm 0.0001pt; text-align: justify; background-image: initial; background-position: initial; background-size: initial; background-repeat: initial; background-attachment: initial; background-origin: initial; background-clip: initial;\"><span style=\"font-size: 11pt; font-family: Calibri, sans-serif;\">De acuerdo con el anuncio del Papa Francisco, el d\u00eda 15 de octubre de 2017 se convoca a la Asamblea Especial del S\u00ednodo de los Obispos para reflexionar sobre el tema:<i style=\"box-sizing: border-box;\n-webkit-tap-highlight-color: rgba(0, 0, 0, 0)\">\u00a0Amazon\u00eda, Nuevos caminos para la Iglesia y para una ecolog\u00eda integral<\/i>, a llevarse a cabo en octubre de 2019. El principal objetivo de este S\u00ednodo es \u00abencontrar nuevos caminos para la evangelizaci\u00f3n de este Pueblo de Dios, especialmente de los ind\u00edgenas, a menudo olvidados y sin perspectivas de un futuro sereno, tambi\u00e9n debido a la crisis de la foresta Amaz\u00f3nica, pulm\u00f3n de capital importancia para nuestro planeta\u201d.<o:p><\/o:p><\/span><\/p>\n<h2 style=\"margin-top: 0cm; background-image: initial; background-position: initial; background-size: initial; background-repeat: initial; background-attachment: initial; background-origin: initial; background-clip: initial; box-sizing: border-box; -webkit-tap-highlight-color: rgba(0, 0, 0, 0);\"><span style=\"font-size: 11pt; line-height: 115%; font-family: Calibri, sans-serif;\">\u00a0<\/span><\/h2>\n<h2 style=\"margin-top: 0cm; background-image: initial; background-position: initial; background-size: initial; background-repeat: initial; background-attachment: initial; background-origin: initial; background-clip: initial;\"><span style=\"font-size: 11pt; line-height: 115%; font-family: Calibri, sans-serif;\">Proceso de escucha activa y directa<\/span><span style=\"font-size: 11pt; line-height: 115%; font-family: Calibri, sans-serif; font-weight: normal;\"><o:p><\/o:p><\/span><\/h2>\n<p style=\"margin: 0cm 0cm 0.0001pt; background-image: initial; background-position: initial; background-size: initial; background-repeat: initial; background-attachment: initial; background-origin: initial; background-clip: initial; box-sizing: border-box; -webkit-tap-highlight-color: rgba(0, 0, 0, 0);\"><span style=\"font-size: 11pt; font-family: Calibri, sans-serif;\">Para ello, es necesario una mayor cercan\u00eda. En este contexto, la Red Eclesial Panamaz\u00f3nica, REPAM, ha sido encomendada formalmente para apoyar a la Secretar\u00eda del S\u00ednodo y al Consejo Pre Sinodal, presidido por el Papa Francisco, en el proceso de escucha activa y directa en la amplitud del territorio Panamaz\u00f3nico, en el levantamiento de la informaci\u00f3n de manera adecuada para ayudar en la elaboraci\u00f3n del Documento Preparatorio (Lineamenta) y del Documento de Trabajo (Instrumentum Laboris) que se ha elaborado considerando los diversos aportes del proceso de escucha, con el fin de animar la mayor participaci\u00f3n posible de los diversos actores en la Amazon\u00eda.\u00a0<o:p><\/o:p><\/span><\/p>\n<h2 style=\"margin-top: 0cm; background-image: initial; background-position: initial; background-size: initial; background-repeat: initial; background-attachment: initial; background-origin: initial; background-clip: initial; box-sizing: border-box; -webkit-tap-highlight-color: rgba(0, 0, 0, 0);\"><span style=\"font-size: 11pt; line-height: 115%; font-family: Calibri, sans-serif;\">\u00a0<\/span><\/h2>\n<h2 style=\"margin-top: 0cm; background-image: initial; background-position: initial; background-size: initial; background-repeat: initial; background-attachment: initial; background-origin: initial; background-clip: initial;\"><span style=\"font-size: 11pt; line-height: 115%; font-family: Calibri, sans-serif;\">Continuar tejiendo red como Iglesia<\/span><span style=\"font-size: 11pt; line-height: 115%; font-family: Calibri, sans-serif; font-weight: normal;\"><o:p><\/o:p><\/span><\/h2>\n<p style=\"margin: 0cm 0cm 0.0001pt; background-image: initial; background-position: initial; background-size: initial; background-repeat: initial; background-attachment: initial; background-origin: initial; background-clip: initial; box-sizing: border-box; -webkit-tap-highlight-color: rgba(0, 0, 0, 0);\"><span style=\"font-size: 11pt; font-family: Calibri, sans-serif;\">Asimismo, la REPAM ha publicado un informe que recoge los detalles sobre c\u00f3mo se desarroll\u00f3 el proceso de consulta Sinodal animado en los 9 pa\u00edses de la Panamazon\u00eda, y sobre todo plantea los pasos pr\u00f3ximos que consideramos esenciales para continuar tejiendo red como Iglesia en la Panamazon\u00eda.\u00a0<o:p><\/o:p><\/span><\/p>\n<p style=\"margin: 0cm 0cm 0.0001pt; text-align: justify; background-image: initial; background-position: initial; background-size: initial; background-repeat: initial; background-attachment: initial; background-origin: initial; background-clip: initial;\"><span style=\"font-size: 11pt; font-family: Calibri, sans-serif;\">\u00a0<\/span><\/p>\n<p style=\"margin: 0cm 0cm 0.0001pt; text-align: justify; background-image: initial; background-position: initial; background-size: initial; background-repeat: initial; background-attachment: initial; background-origin: initial; background-clip: initial;\"><span style=\"font-size: 11pt; font-family: Calibri, sans-serif;\">Dicho proceso de consulta, super\u00f3 las fronteras geogr\u00e1ficas del bioma Panamaz\u00f3nico, realizando eventos donde se recogieron aportes y reflexiones regionales de Am\u00e9rica Latina en Honduras (Asamblea C\u00e1ritas), Alemania, Estados Unidos y Roma. Estas actividades confirman que el S\u00ednodo Amaz\u00f3nico invita a un di\u00e1logo a nivel mundial para la corresponsabilidad en el cuidado de la casa com\u00fan y para la b\u00fasqueda de nuevos caminos para la Iglesia.\u00a0<o:p><\/o:p><\/span><\/p>\n<h2 style=\"margin-top: 0cm; background-image: initial; background-position: initial; background-size: initial; background-repeat: initial; background-attachment: initial; background-origin: initial; background-clip: initial; box-sizing: border-box; -webkit-tap-highlight-color: rgba(0, 0, 0, 0);\"><span style=\"font-size: 11pt; line-height: 115%; font-family: Calibri, sans-serif;\">\u00a0<\/span><\/h2>\n<h2 style=\"margin-top: 0cm; text-align: justify; background-image: initial; background-position: initial; background-size: initial; background-repeat: initial; background-attachment: initial; background-origin: initial; background-clip: initial;\"><span style=\"font-size: 11pt; line-height: 115%; font-family: Calibri, sans-serif;\">Caracter\u00edsticas de la poblaci\u00f3n consultada<\/span><span style=\"font-size: 11pt; line-height: 115%; font-family: Calibri, sans-serif; font-weight: normal;\"><o:p><\/o:p><\/span><\/h2>\n<p style=\"margin: 0cm 0cm 0.0001pt; text-align: justify; background-image: initial; background-position: initial; background-size: initial; background-repeat: initial; background-attachment: initial; background-origin: initial; background-clip: initial;\"><span style=\"font-size: 11pt; font-family: Calibri, sans-serif;\">En la consulta sinodal animada por la REPAM participaron 21.943 personas, de los cuales el 53%\u00a0son mujeres y el 47% hombres. Tal como revela el informe, del total de participantes se pudo distinguir las siguientes caracter\u00edsticas de su poblaci\u00f3n: 6.337 laicos (3.601 mujeres y 2.736 hombres); 477 religiosos, 1.973 j\u00f3venes, 492 sacerdotes y 12.664 obispos.<o:p><\/o:p><\/span><\/p>\n<p style=\"margin: 0cm 0cm 0.0001pt; background-image: initial; background-position: initial; background-size: initial; background-repeat: initial; background-attachment: initial; background-origin: initial; background-clip: initial; box-sizing: border-box; -webkit-tap-highlight-color: rgba(0, 0, 0, 0);\"><span style=\"font-size: 11pt; font-family: Calibri, sans-serif;\">Igualmente, se ha logrado hacer una estimaci\u00f3n de todas las personas que, aunque no participaron de los espacios formales de escucha, estuvieron involucrados en los espacios preparatorios en sus comunidades, aldeas o parroquias: un total aproximado de 65.000\u00a0<o:p><\/o:p><\/span><\/p>\n<h2 style=\"margin-top: 0cm; background-image: initial; background-position: initial; background-size: initial; background-repeat: initial; background-attachment: initial; background-origin: initial; background-clip: initial; box-sizing: border-box; -webkit-tap-highlight-color: rgba(0, 0, 0, 0);\"><span style=\"font-size: 11pt; line-height: 115%; font-family: Calibri, sans-serif;\">\u00a0<\/span><\/h2>\n<h2 style=\"margin-top: 0cm; background-image: initial; background-position: initial; background-size: initial; background-repeat: initial; background-attachment: initial; background-origin: initial; background-clip: initial;\"><span style=\"font-size: 11pt; line-height: 115%; font-family: Calibri, sans-serif;\">Camino hacia octubre 2019<\/span><span style=\"font-size: 11pt; line-height: 115%; font-family: Calibri, sans-serif; font-weight: normal;\"><o:p><\/o:p><\/span><\/h2>\n<p style=\"margin: 0cm 0cm 0.0001pt; background-image: initial; background-position: initial; background-size: initial; background-repeat: initial; background-attachment: initial; background-origin: initial; background-clip: initial; box-sizing: border-box; -webkit-tap-highlight-color: rgba(0, 0, 0, 0);\"><span style=\"font-size: 11pt; font-family: Calibri, sans-serif;\">Aunque la fase de Consulta Sinodal haya finalizado continuamos avanzando con los siguientes pasos:<o:p><\/o:p><\/span><\/p>\n<p style=\"margin: 0cm 0cm 0.0001pt 36pt; text-indent: -18pt; background-image: initial; background-position: initial; background-size: initial; background-repeat: initial; background-attachment: initial; background-origin: initial; background-clip: initial; box-sizing: border-box; -webkit-tap-highlight-color: rgba(0, 0, 0, 0);\"><!--[if !supportLists]--><span style=\"font-size: 11pt; font-family: Calibri, sans-serif;\">1.<span style=\"font-variant-numeric: normal; font-variant-east-asian: normal; font-stretch: normal; font-size: 7pt; line-height: normal; font-family: \"Times New Roman\";\">\u00a0\u00a0\u00a0\u00a0\u00a0\u00a0 <\/span><\/span><!--[endif]--><span style=\"font-size: 11pt; font-family: Calibri, sans-serif;\">El 17 de Junio se publica el Documento \u201cInstrumentum Laboris\u201d.<o:p><\/o:p><\/span><\/p>\n<p style=\"margin: 0cm 0cm 0.0001pt 36pt; text-indent: -18pt; background-image: initial; background-position: initial; background-size: initial; background-repeat: initial; background-attachment: initial; background-origin: initial; background-clip: initial; box-sizing: border-box; -webkit-tap-highlight-color: rgba(0, 0, 0, 0);\"><!--[if !supportLists]--><span style=\"font-size: 11pt; font-family: Calibri, sans-serif;\">2.<span style=\"font-variant-numeric: normal; font-variant-east-asian: normal; font-stretch: normal; font-size: 7pt; line-height: normal; font-family: \"Times New Roman\";\">\u00a0\u00a0\u00a0\u00a0\u00a0\u00a0 <\/span><\/span><!--[endif]--><span style=\"font-size: 11pt; font-family: Calibri, sans-serif;\">La REPAM elabora una versi\u00f3n sintetizada del \u201cInstrumentum Laboris\u201d para socializarlo en toda la Panamazon\u00eda y otros espacios asociados a la RED.<o:p><\/o:p><\/span><\/p>\n<p style=\"margin: 0cm 0cm 0.0001pt 36pt; text-indent: -18pt; background-image: initial; background-position: initial; background-size: initial; background-repeat: initial; background-attachment: initial; background-origin: initial; background-clip: initial; box-sizing: border-box; -webkit-tap-highlight-color: rgba(0, 0, 0, 0);\"><!--[if !supportLists]--><span style=\"font-size: 11pt; font-family: Calibri, sans-serif;\">3.<span style=\"font-variant-numeric: normal; font-variant-east-asian: normal; font-stretch: normal; font-size: 7pt; line-height: normal; font-family: \"Times New Roman\";\">\u00a0\u00a0\u00a0\u00a0\u00a0\u00a0 <\/span><\/span><!--[endif]--><span style=\"font-size: 11pt; font-family: Calibri, sans-serif;\">Se revisan los documentos, y se dan espacios de reflexi\u00f3n con quienes hayan participado de la consulta y otros que tengan relaci\u00f3n con el proceso.\u00a0<o:p><\/o:p><\/span><\/p>\n<p style=\"margin: 0cm 0cm 0.0001pt 36pt; text-indent: -18pt; background-image: initial; background-position: initial; background-size: initial; background-repeat: initial; background-attachment: initial; background-origin: initial; background-clip: initial; box-sizing: border-box; -webkit-tap-highlight-color: rgba(0, 0, 0, 0);\"><!--[if !supportLists]--><span style=\"font-size: 11pt; font-family: Calibri, sans-serif;\">4.<span style=\"font-variant-numeric: normal; font-variant-east-asian: normal; font-stretch: normal; font-size: 7pt; line-height: normal; font-family: \"Times New Roman\";\">\u00a0\u00a0\u00a0\u00a0\u00a0\u00a0 <\/span><\/span><!--[endif]--><span style=\"font-size: 11pt; font-family: Calibri, sans-serif;\">Conferencias Episcopales y las REPAM Nacionales, con apoyo de la REPAM, realizan procesos de devoluci\u00f3n y realizan eventos de reflexi\u00f3n con los Obispos y participantes de la consulta sinodal (entre Julio y Sept, 2019).\u00a0<o:p><\/o:p><\/span><\/p>\n<p style=\"margin: 0cm 0cm 0.0001pt 36pt; text-indent: -18pt; background-image: initial; background-position: initial; background-size: initial; background-repeat: initial; background-attachment: initial; background-origin: initial; background-clip: initial; box-sizing: border-box; -webkit-tap-highlight-color: rgba(0, 0, 0, 0);\"><!--[if !supportLists]--><span style=\"font-size: 11pt; font-family: Calibri, sans-serif;\">5.<span style=\"font-variant-numeric: normal; font-variant-east-asian: normal; font-stretch: normal; font-size: 7pt; line-height: normal; font-family: \"Times New Roman\";\">\u00a0\u00a0\u00a0\u00a0\u00a0\u00a0 <\/span><\/span><!--[endif]--><span style=\"font-size: 11pt; font-family: Calibri, sans-serif;\">Realizaci\u00f3n de la Asamblea del S\u00ednodo de la Amazon\u00eda del 6 al 2 de Octubre en Roma. Mantenernos involucrados, realizar vigilias, ruedas de conversaci\u00f3n, encuentros, etc. que permitan al territorio estar asociado y participando de la Asamblea en Roma.\u00a0<o:p><\/o:p><\/span><\/p>\n<h2 style=\"margin-top: 0cm; background-image: initial; background-position: initial; background-size: initial; background-repeat: initial; background-attachment: initial; background-origin: initial; background-clip: initial; box-sizing: border-box; -webkit-tap-highlight-color: rgba(0, 0, 0, 0);\"><span style=\"font-size: 11pt; line-height: 115%; font-family: Calibri, sans-serif;\">\u00a0<\/span><\/h2>\n<h2 style=\"margin-top: 0cm; background-image: initial; background-position: initial; background-size: initial; background-repeat: initial; background-attachment: initial; background-origin: initial; background-clip: initial;\"><span style=\"font-size: 11pt; line-height: 115%; font-family: Calibri, sans-serif;\">\u00bfDespu\u00e9s de la Asamblea sinodal qu\u00e9 sigue?<\/span><span style=\"font-size: 11pt; line-height: 115%; font-family: Calibri, sans-serif; font-weight: normal;\"><o:p><\/o:p><\/span><\/h2>\n<p style=\"margin: 0cm 0cm 0.0001pt; background-image: initial; background-position: initial; background-size: initial; background-repeat: initial; background-attachment: initial; background-origin: initial; background-clip: initial; box-sizing: border-box; -webkit-tap-highlight-color: rgba(0, 0, 0, 0);\"><span style=\"font-size: 11pt; font-family: Calibri, sans-serif;\">Por \u00faltimo, el informe destaca que luego de la Asamblea de Octubre posiblemente el Papa elabore una carta (Exhortaci\u00f3n Pastoral) que establezca las orientaciones prioritarias y d\u00e9 cuenta de todo lo vivido en el proceso sinodal, con el objetivo de contar con esa confirmaci\u00f3n del Pont\u00edfice que impulse la misi\u00f3n en el territorio, ya viva y latente en la regi\u00f3n panamaz\u00f3nica, pero esta vez con fuerzas renovadas y m\u00e1s claridades.<o:p><\/o:p><\/span><\/p>\n<p class=\"MsoNormal\" style=\"line-height:15.85pt\"><b>\u00a0<\/b><\/p>\n<p><i>Tomado de: VATICAN NEWS. Ciudad del Vaticano. 16 de julio de 2019.<\/i>\u00a0<\/p>\n<p><a href=\"http:\/\/web.hilo.org.pe\/wp-content\/uploads\/REPAM SINODO.jpeg\" target=\"_blank\" rel=\"noopener\">Ver archivo adjunto<\/a><\/p>\n","protected":false},"excerpt":{"rendered":"<p>La Red Eclesial Panamaz\u00f3nica ha sido encomendada formalmente para apoyar a la Secretar\u00eda del S\u00ednodo y al Consejo Pre Sinodal, presidido por el Papa Francisco, en el proceso de escucha activa y directa en la amplitud del territorio Panamaz\u00f3nico, en el levantamiento de la informaci\u00f3n de manera adecuada para ayudar en la elaboraci\u00f3n del Documento Preparatorio y del Documento de Trabajo (Instrumentum Laboris) que se ha elaborado considerando los diversos aportes del proceso de escucha, con el fin de animar la mayor participaci\u00f3n posible de los diversos actores en la Amazon\u00eda.<\/p>\n","protected":false},"author":1,"featured_media":8122,"comment_status":"closed","ping_status":"closed","sticky":false,"template":"","format":"standard","meta":{"footnotes":""},"categories":[9],"tags":[],"class_list":["post-3284","post","type-post","status-publish","format-standard","has-post-thumbnail","hentry","category-noticias"],"_links":{"self":[{"href":"https:\/\/ceas.org.pe\/index.php\/wp-json\/wp\/v2\/posts\/3284","targetHints":{"allow":["GET"]}}],"collection":[{"href":"https:\/\/ceas.org.pe\/index.php\/wp-json\/wp\/v2\/posts"}],"about":[{"href":"https:\/\/ceas.org.pe\/index.php\/wp-json\/wp\/v2\/types\/post"}],"author":[{"embeddable":true,"href":"https:\/\/ceas.org.pe\/index.php\/wp-json\/wp\/v2\/users\/1"}],"replies":[{"embeddable":true,"href":"https:\/\/ceas.org.pe\/index.php\/wp-json\/wp\/v2\/comments?post=3284"}],"version-history":[{"count":1,"href":"https:\/\/ceas.org.pe\/index.php\/wp-json\/wp\/v2\/posts\/3284\/revisions"}],"predecessor-version":[{"id":5934,"href":"https:\/\/ceas.org.pe\/index.php\/wp-json\/wp\/v2\/posts\/3284\/revisions\/5934"}],"wp:featuredmedia":[{"embeddable":true,"href":"https:\/\/ceas.org.pe\/index.php\/wp-json\/wp\/v2\/media\/8122"}],"wp:attachment":[{"href":"https:\/\/ceas.org.pe\/index.php\/wp-json\/wp\/v2\/media?parent=3284"}],"wp:term":[{"taxonomy":"category","embeddable":true,"href":"https:\/\/ceas.org.pe\/index.php\/wp-json\/wp\/v2\/categories?post=3284"},{"taxonomy":"post_tag","embeddable":true,"href":"https:\/\/ceas.org.pe\/index.php\/wp-json\/wp\/v2\/tags?post=3284"}],"curies":[{"name":"wp","href":"https:\/\/api.w.org\/{rel}","templated":true}]}}