{"id":3283,"date":"2019-07-17T12:02:48","date_gmt":"2019-07-17T12:02:48","guid":{"rendered":""},"modified":"2026-03-11T09:11:54","modified_gmt":"2026-03-11T14:11:54","slug":"tia-maria-el-dialogo-es-el-unico-camino-para-solucionar-las-diferencias","status":"publish","type":"post","link":"https:\/\/ceas.org.pe\/index.php\/2019\/07\/17\/tia-maria-el-dialogo-es-el-unico-camino-para-solucionar-las-diferencias\/","title":{"rendered":"T\u00cdA MAR\u00cdA: EL DI\u00c1LOGO ES EL \u00daNICO CAMINO PARA SOLUCIONAR LAS DIFERENCIAS"},"content":{"rendered":"<p>La Presidencia de la Conferencia Episcopal Peruana ante las reacciones suscitadas por el Proyecto T\u00eda Mar\u00eda, expresa su preocupaci\u00f3n ante el posible crecimiento de esta situaci\u00f3n y comparte su esperanza que un di\u00e1logo oportuno pueda evitar un nuevo conflicto social.<\/p>\n<p><span style=\"background-image: initial; background-position: initial; background-size: initial; background-repeat: initial; background-attachment: initial; background-origin: initial; background-clip: initial; color: rgb(34, 34, 34);\">En este contexto, saludamos los pronunciamientos de la Asamblea Nacional<\/span><span style=\"color: rgb(34, 34, 34);\"> <span style=\"background-image: initial; background-position: initial; background-size: initial; background-repeat: initial; background-attachment: initial; background-origin: initial; background-clip: initial;\">de Gobiernos Regionales y otros sectores sociales, quienes han pedido<\/span> que se imponga el di\u00e1logo en T\u00eda Mar\u00eda, antes de que se desarrolle<\/span> cualquier acci\u00f3n de la mina.<\/p>\n<p class=\"MsoNormal\">\n<span style=\"background-image: initial; background-position: initial; background-size: initial; background-repeat: initial; background-attachment: initial; background-origin: initial; background-clip: initial;\">El di\u00e1logo es el mejor medio para alcanzar y garantizar la paz social,<\/span> <span style=\"background-image: initial; background-position: initial; background-size: initial; background-repeat: initial; background-attachment: initial; background-origin: initial; background-clip: initial;\">con equidad, honestidad y justicia. El Papa Francisco recordaba que el<\/span> di\u00e1logo \u201ces un intercambio rec\u00edproco de confianza\u2026 que desea el bien de las partes y estrecha v\u00ednculos de fraternidad y amistad para <span style=\"background-image: initial; background-position: initial; background-size: initial; background-repeat: initial; background-attachment: initial; background-origin: initial; background-clip: initial;\">avanzar por caminos de justicia y de paz\u201d.<\/span><\/p>\n<p><span style=\"background-image: initial; background-position: initial; background-size: initial; background-repeat: initial; background-attachment: initial; background-origin: initial; background-clip: initial;\">Invocamos a todos los actores vinculados a esta controversia a establecer mecanismos de di\u00e1logo que permitan superar cualquier<\/span> diferencia o inter\u00e9s personal para buscar siempre el bien com\u00fan, el bien del Per\u00fa.<\/p>\n<p><span style=\"background-image: initial; background-position: initial; background-size: initial; background-repeat: initial; background-attachment: initial; background-origin: initial; background-clip: initial;\">LA PRESIDENCIA<\/span> <span style=\"background-image: initial; background-position: initial; background-size: initial; background-repeat: initial; background-attachment: initial; background-origin: initial; background-clip: initial;\">DE LA CONFERENCIA EPISCOPAL PERUANA<\/span><\/p>\n<p><i>Conferencia Episcopal Peruana. Oficina de Prensa. Lima, 12 de julio de 2019.<\/i><br \/>\n<!--[if !supportLineBreakNewLine]--><br \/>\n<!--[endif]--><o:p><\/o:p><\/p>\n<p><a href=\"http:\/\/web.hilo.org.pe\/wp-content\/uploads\/CEP.jpg\" target=\"_blank\" rel=\"noopener\">Ver archivo adjunto<\/a><\/p>\n","protected":false},"excerpt":{"rendered":"<p>La Presidencia de la Conferencia Episcopal Peruana ante las reacciones suscitadas por el Proyecto T\u00eda Mar\u00eda, expresa su preocupaci\u00f3n ante el posible crecimiento de esta situaci\u00f3n y comparte su esperanza que un di\u00e1logo oportuno pueda evitar un nuevo conflicto social.<\/p>\n","protected":false},"author":1,"featured_media":7864,"comment_status":"closed","ping_status":"closed","sticky":false,"template":"","format":"standard","meta":{"footnotes":""},"categories":[9],"tags":[],"class_list":["post-3283","post","type-post","status-publish","format-standard","has-post-thumbnail","hentry","category-noticias"],"_links":{"self":[{"href":"https:\/\/ceas.org.pe\/index.php\/wp-json\/wp\/v2\/posts\/3283","targetHints":{"allow":["GET"]}}],"collection":[{"href":"https:\/\/ceas.org.pe\/index.php\/wp-json\/wp\/v2\/posts"}],"about":[{"href":"https:\/\/ceas.org.pe\/index.php\/wp-json\/wp\/v2\/types\/post"}],"author":[{"embeddable":true,"href":"https:\/\/ceas.org.pe\/index.php\/wp-json\/wp\/v2\/users\/1"}],"replies":[{"embeddable":true,"href":"https:\/\/ceas.org.pe\/index.php\/wp-json\/wp\/v2\/comments?post=3283"}],"version-history":[{"count":1,"href":"https:\/\/ceas.org.pe\/index.php\/wp-json\/wp\/v2\/posts\/3283\/revisions"}],"predecessor-version":[{"id":5935,"href":"https:\/\/ceas.org.pe\/index.php\/wp-json\/wp\/v2\/posts\/3283\/revisions\/5935"}],"wp:featuredmedia":[{"embeddable":true,"href":"https:\/\/ceas.org.pe\/index.php\/wp-json\/wp\/v2\/media\/7864"}],"wp:attachment":[{"href":"https:\/\/ceas.org.pe\/index.php\/wp-json\/wp\/v2\/media?parent=3283"}],"wp:term":[{"taxonomy":"category","embeddable":true,"href":"https:\/\/ceas.org.pe\/index.php\/wp-json\/wp\/v2\/categories?post=3283"},{"taxonomy":"post_tag","embeddable":true,"href":"https:\/\/ceas.org.pe\/index.php\/wp-json\/wp\/v2\/tags?post=3283"}],"curies":[{"name":"wp","href":"https:\/\/api.w.org\/{rel}","templated":true}]}}