{"id":3282,"date":"2019-07-11T14:19:21","date_gmt":"2019-07-11T14:19:21","guid":{"rendered":""},"modified":"2026-03-11T09:11:54","modified_gmt":"2026-03-11T14:11:54","slug":"monsenor-cabrejos-participo-en-inauguracion-de-congreso-internacional-organizado-por-centrum-pucp","status":"publish","type":"post","link":"https:\/\/ceas.org.pe\/index.php\/2019\/07\/11\/monsenor-cabrejos-participo-en-inauguracion-de-congreso-internacional-organizado-por-centrum-pucp\/","title":{"rendered":"Monse\u00f1or Cabrejos particip\u00f3 en inauguraci\u00f3n de congreso internacional organizado por CENTRUM PUCP"},"content":{"rendered":"<p style=\"margin: 0cm 0cm 0.0001pt; text-align: justify; background-image: initial; background-position: initial; background-size: initial; background-repeat: initial; background-attachment: initial; background-origin: initial; background-clip: initial;\"><span style=\"font-size: 11pt; font-family: Calibri, sans-serif;\">En la ceremonia de apertura tambi\u00e9n participaron el D<strong style=\"box-sizing: inherit\"><span style=\"font-family:\"Calibri\",\"sans-serif\";\nmso-ascii-theme-font:minor-latin;mso-hansi-theme-font:minor-latin;mso-bidi-theme-font:\nminor-latin\">r. Carlos Garatea Grau,<\/span><\/strong>\u00a0Rector de la Pontificia Universidad Cat\u00f3lica del Per\u00fa (PUCP), el\u00a0<strong style=\"box-sizing: inherit\"><span style=\"font-family:\"Calibri\",\"sans-serif\";\nmso-ascii-theme-font:minor-latin;mso-hansi-theme-font:minor-latin;mso-bidi-theme-font:\nminor-latin\">Dr. Percy Marquina<\/span><\/strong>, Director General de CENTRUM PUCP Business School, y\u00a0<strong style=\"box-sizing: inherit\"><span style=\"font-family:\"Calibri\",\"sans-serif\";mso-ascii-theme-font:minor-latin;\nmso-hansi-theme-font:minor-latin;mso-bidi-theme-font:minor-latin\">Mons. Carlos Castillo<\/span><\/strong>, Arzobispo de Lima y Primado del Per\u00fa.<o:p><\/o:p><\/span><\/p>\n<p style=\"margin: 0cm 0cm 0.0001pt; text-align: justify; background-image: initial; background-position: initial; background-size: initial; background-repeat: initial; background-attachment: initial; background-origin: initial; background-clip: initial; box-sizing: inherit;\"><span style=\"font-size: 11pt; font-family: Calibri, sans-serif;\">Este congreso reuni\u00f3 a los l\u00edderes empresariales del pa\u00eds y el mundo para hablar, desde sus experiencias, sobre c\u00f3mo vivir los valores en su d\u00eda a d\u00eda como empresarios.<o:p><\/o:p><\/span><\/p>\n<p style=\"margin: 0cm 0cm 0.0001pt; text-align: justify; background-image: initial; background-position: initial; background-size: initial; background-repeat: initial; background-attachment: initial; background-origin: initial; background-clip: initial;\"><span style=\"font-size: 11pt; font-family: Calibri, sans-serif;\">\u00a0<\/span><\/p>\n<p style=\"margin: 0cm 0cm 0.0001pt; text-align: justify; background-image: initial; background-position: initial; background-size: initial; background-repeat: initial; background-attachment: initial; background-origin: initial; background-clip: initial;\"><span style=\"font-size: 11pt; font-family: Calibri, sans-serif;\">\u201cEste Congreso Internacional constituye un valioso foro para el intercambio de ideas y experiencias relacionadas al quehacer empresarial en nuestra regi\u00f3n, poniendo un particular \u00e9nfasis en las personas que asumen un rol de liderazgo y que est\u00e1n llamados a participar en el mundo econ\u00f3mico y financiero, educativo, de salud, de servicios, y de tantos otros rubros\u201d, resalt\u00f3 Mons. Cabrejos, Arzobispo de Trujillo, en su intervenci\u00f3n.<o:p><\/o:p><\/span><\/p>\n<p style=\"margin: 0cm 0cm 0.0001pt; text-align: justify; background-image: initial; background-position: initial; background-size: initial; background-repeat: initial; background-attachment: initial; background-origin: initial; background-clip: initial; box-sizing: inherit;\"><span style=\"font-size: 11pt; font-family: Calibri, sans-serif;\">\u00a0<\/span><\/p>\n<p style=\"margin: 0cm 0cm 0.0001pt; text-align: justify; background-image: initial; background-position: initial; background-size: initial; background-repeat: initial; background-attachment: initial; background-origin: initial; background-clip: initial;\"><span style=\"font-size: 11pt; font-family: Calibri, sans-serif;\">Destacaron de manera especial las conferencias de empresarios como Rolando Medeiros, Presidente de la Uni\u00f3n Cristiana Internacional de Ejecutivos de Negocios\u00a0(UNIAPAC); Luis Carlos Mozzato, Consultor en Desarrollo Humano y Coach (Brasil); Angel A\u00f1a\u00f1os, Presidente AJE Group, y Jos\u00e9 Garrido-Lecca, Vicepresidente Corporativo del Grupo TDM, por citar algunos.<o:p><\/o:p><\/span><\/p>\n<p style=\"margin: 0cm 0cm 0.0001pt; text-align: justify; background-image: initial; background-position: initial; background-size: initial; background-repeat: initial; background-attachment: initial; background-origin: initial; background-clip: initial; box-sizing: inherit;\"><span style=\"font-size: 11pt; font-family: Calibri, sans-serif;\">\u00a0<\/span><\/p>\n<p style=\"margin: 0cm 0cm 0.0001pt; text-align: justify; background-image: initial; background-position: initial; background-size: initial; background-repeat: initial; background-attachment: initial; background-origin: initial; background-clip: initial;\"><span style=\"font-size: 11pt; font-family: Calibri, sans-serif;\">Las conferencias del Congreso giraron en torno a tres ejes: la vocaci\u00f3n del l\u00edder empresarial; el camino personal de ser empresario, y los impactos que las organizaciones tienen para un aut\u00e9ntico cambio social.<o:p><\/o:p><\/span><\/p>\n<p style=\"margin: 0cm 0cm 0.0001pt; text-align: justify; background-image: initial; background-position: initial; background-size: initial; background-repeat: initial; background-attachment: initial; background-origin: initial; background-clip: initial;\"><span style=\"font-size: 11pt; font-family: Calibri, sans-serif;\">\u00a0<\/span><\/p>\n<p style=\"margin: 0cm 0cm 0.0001pt; text-align: justify; background-image: initial; background-position: initial; background-size: initial; background-repeat: initial; background-attachment: initial; background-origin: initial; background-clip: initial;\"><span style=\"font-size: 11pt; font-family: Calibri, sans-serif;\">Seg\u00fan, Mons. Cabrejos todas estas reflexiones tienen mayor relevancia y urgencia \u201csobre todo a la luz de los acontecimientos recientes de los que hemos sido testigos, no s\u00f3lo en nuestro querido Per\u00fa, sino en el mundo entero, con casos de corrupci\u00f3n, de desequilibrio creciente, de polarizaci\u00f3n pol\u00edtica, de desastres ecol\u00f3gicos, de falta de di\u00e1logo, de fanatismos intransigentes, de violencia, de ausencia de valores, del utilitarismo m\u00e1s fr\u00edo, de cerraz\u00f3n al pr\u00f3jimo\u201d, indic\u00f3.<o:p><\/o:p><\/span><\/p>\n<p style=\"margin: 0cm 0cm 0.0001pt; text-align: justify; background-image: initial; background-position: initial; background-size: initial; background-repeat: initial; background-attachment: initial; background-origin: initial; background-clip: initial; box-sizing: inherit;\"><span style=\"font-size: 11pt; font-family: Calibri, sans-serif;\">Para finalizar, el Vice Gran Canciller de la PUCP felicit\u00f3 y agradeci\u00f3 a CENTRUM PUCP por haber organizado este congreso, el cual se enmarca en las celebraciones por su vig\u00e9simo aniversario de vida institucional.<o:p><\/o:p><\/span><\/p>\n<p class=\"MsoNormal\" style=\"margin-bottom:0cm;margin-bottom:.0001pt;line-height:\nnormal\"><o:p>\u00a0<\/o:p><\/p>\n<p><i>Tomado de: CONFERENCIA EPISCOPAL PERUANA. 11 de julio de 2019.<\/i>\u00a0<\/p>\n<p><a href=\"http:\/\/web.hilo.org.pe\/wp-content\/uploads\/seleccionadas-28.jpg\" target=\"_blank\" rel=\"noopener\">Ver archivo adjunto<\/a><\/p>\n","protected":false},"excerpt":{"rendered":"<p>El Presidente del Episcopado Peruano y del Consejo Episcopal Latinoamericano (CELAM), Mons. Miguel Cabrejos, en su calidad de Vice Gran Canciller de la PUCP, particip\u00f3 de la inauguraci\u00f3n del Congreso Internacional \u201cEl l\u00edder empresarial: vocaci\u00f3n que transforma\u201d, realizado el martes 10 de julio por CENTRUM PUCP Business School y la Uni\u00f3n Nacional de Directivos Empresariales Cat\u00f3licos (Undec).<\/p>\n","protected":false},"author":1,"featured_media":8083,"comment_status":"closed","ping_status":"closed","sticky":false,"template":"","format":"standard","meta":{"footnotes":""},"categories":[9],"tags":[],"class_list":["post-3282","post","type-post","status-publish","format-standard","has-post-thumbnail","hentry","category-noticias"],"_links":{"self":[{"href":"https:\/\/ceas.org.pe\/index.php\/wp-json\/wp\/v2\/posts\/3282","targetHints":{"allow":["GET"]}}],"collection":[{"href":"https:\/\/ceas.org.pe\/index.php\/wp-json\/wp\/v2\/posts"}],"about":[{"href":"https:\/\/ceas.org.pe\/index.php\/wp-json\/wp\/v2\/types\/post"}],"author":[{"embeddable":true,"href":"https:\/\/ceas.org.pe\/index.php\/wp-json\/wp\/v2\/users\/1"}],"replies":[{"embeddable":true,"href":"https:\/\/ceas.org.pe\/index.php\/wp-json\/wp\/v2\/comments?post=3282"}],"version-history":[{"count":1,"href":"https:\/\/ceas.org.pe\/index.php\/wp-json\/wp\/v2\/posts\/3282\/revisions"}],"predecessor-version":[{"id":5936,"href":"https:\/\/ceas.org.pe\/index.php\/wp-json\/wp\/v2\/posts\/3282\/revisions\/5936"}],"wp:featuredmedia":[{"embeddable":true,"href":"https:\/\/ceas.org.pe\/index.php\/wp-json\/wp\/v2\/media\/8083"}],"wp:attachment":[{"href":"https:\/\/ceas.org.pe\/index.php\/wp-json\/wp\/v2\/media?parent=3282"}],"wp:term":[{"taxonomy":"category","embeddable":true,"href":"https:\/\/ceas.org.pe\/index.php\/wp-json\/wp\/v2\/categories?post=3282"},{"taxonomy":"post_tag","embeddable":true,"href":"https:\/\/ceas.org.pe\/index.php\/wp-json\/wp\/v2\/tags?post=3282"}],"curies":[{"name":"wp","href":"https:\/\/api.w.org\/{rel}","templated":true}]}}