{"id":3281,"date":"2019-07-09T16:34:23","date_gmt":"2019-07-09T16:34:23","guid":{"rendered":""},"modified":"2026-03-11T09:11:54","modified_gmt":"2026-03-11T14:11:54","slug":"mons-david-martinez-las-poblaciones-vulnerables-viven-en-cautiverio-pero-en-libertad","status":"publish","type":"post","link":"https:\/\/ceas.org.pe\/index.php\/2019\/07\/09\/mons-david-martinez-las-poblaciones-vulnerables-viven-en-cautiverio-pero-en-libertad\/","title":{"rendered":"Mons. David Mart\u00ednez: Las poblaciones vulnerables viven en cautiverio pero en libertad"},"content":{"rendered":"<p style=\"margin: 0cm 0cm 0.0001pt; background-image: initial; background-position: initial; background-size: initial; background-repeat: initial; background-attachment: initial; background-origin: initial; background-clip: initial;\"><em><span style=\"font-size: 11pt; font-family: Calibri, sans-serif;\">Desde hace unos d\u00edas la comunidad nativa del distrito de Manseriche, en la provincia del Mara\u00f1\u00f3n, en la selva del Per\u00fa vive en riesgo al consumir agua contaminada. Y es que se produjo un derrame de petr\u00f3leo en el r\u00edo Mara\u00f1\u00f3n, situaci\u00f3n que afecta alrededor de mil personas asentadas en las quebradas de los pueblos Numpagkaim y Saramiriza.<o:p><\/o:p><\/span><\/em><\/p>\n<p style=\"margin: 0cm 0cm 0.0001pt; background-image: initial; background-position: initial; background-size: initial; background-repeat: initial; background-attachment: initial; background-origin: initial; background-clip: initial;\"><span style=\"font-size: 11pt; font-family: Calibri, sans-serif;\">\u00a0<\/span><\/p>\n<p style=\"margin: 0cm 0cm 0.0001pt; background-image: initial; background-position: initial; background-size: initial; background-repeat: initial; background-attachment: initial; background-origin: initial; background-clip: initial; box-sizing: border-box;\"><em style=\"box-sizing: border-box\"><span style=\"font-size: 11pt; font-family: Calibri, sans-serif;\">La Amazon\u00eda sufre. \u201cEl r\u00edo Amazonas es considerado como una arteria del continente y del mundo\u201d. \u201cNo es solo un pedazo de tierra\u201d, as\u00ed lo precisa el reciente\u00a0<a href=\"https:\/\/es.zenit.org\/articles\/sinodo-de-la-amazonia-publicacion-del-instrumentum-laboris\/\" style=\"box-sizing: border-box;outline: none;transition: all 0.3s ease-in-out 0s\"><span style=\"color:black;mso-themecolor:text1\">documento de trabajo<\/span><\/a>\u00a0para el S\u00ednodo Panamaz\u00f3nico, denominado \u201cInstrumentum Laboris\u201d, que se realizar\u00e1 del 6 al 27 de octubre en el Vaticano, con la presencia de obispos de la regi\u00f3n, expertos invitados, as\u00ed como del Papa Francisco.<\/span><\/em><span style=\"font-size: 11pt; font-family: Calibri, sans-serif;\"><o:p><\/o:p><\/span><\/p>\n<p style=\"margin: 0cm 0cm 0.0001pt; background-image: initial; background-position: initial; background-size: initial; background-repeat: initial; background-attachment: initial; background-origin: initial; background-clip: initial; box-sizing: border-box;\"><span style=\"font-size: 11pt; font-family: Calibri, sans-serif;\">\u00a0<\/span><\/p>\n<p class=\"MsoNormal\" style=\"margin-bottom: 0.0001pt; line-height: normal; background-image: initial; background-position: initial; background-size: initial; background-repeat: initial; background-attachment: initial; background-origin: initial; background-clip: initial;\"><o:p>\u00a0<\/o:p><\/p>\n<p class=\"MsoNormal\" style=\"margin-bottom: 0.0001pt; line-height: normal; background-image: initial; background-position: initial; background-size: initial; background-repeat: initial; background-attachment: initial; background-origin: initial; background-clip: initial;\"><a href=\"https:\/\/es.zenit.org\/articles\/peru-el-papa-ha-almorzado-con-9-indigenas-en-puerto-maldonado\/\"><span style=\"color: black; text-decoration-line: none;\">Monse\u00f1or David Mart\u00ednez de Aguirre Guinea<\/span><\/a>, Obispo del Vicariato apost\u00f3lico de Puerto Maldonado, secretario especial del S\u00ednodo para la Amazon\u00eda explic\u00f3 a\u00a0<i>Zenit<\/i>\u00a0c\u00f3mo la Iglesia a partir del\u00a0<i>Instrumentus Laboris<\/i>\u00a0dise\u00f1a un nuevo plan pastoral de acompa\u00f1amiento, protecci\u00f3n y defensa del medio ambiente ante los proyectos extractivos que explotan la tierra. Los pueblos originarios amaz\u00f3nicos nunca han estado tan amenazados en sus territorios como lo est\u00e1n ahora, puntualiza el documento en el cap\u00edtulo 1 de la segunda parte denominada \u201cEcolog\u00eda integral: El clamor de la tierra y de los pobres\u201d.<o:p><\/o:p><\/p>\n<p class=\"MsoNormal\" style=\"margin-bottom: 0.0001pt; line-height: normal; background-image: initial; background-position: initial; background-size: initial; background-repeat: initial; background-attachment: initial; background-origin: initial; background-clip: initial;\"><o:p>\u00a0<\/o:p><\/p>\n<p class=\"MsoNormal\" style=\"margin-bottom: 0.0001pt; line-height: normal; background-image: initial; background-position: initial; background-size: initial; background-repeat: initial; background-attachment: initial; background-origin: initial; background-clip: initial;\">Bi\u00f3logo de profesi\u00f3n y espa\u00f1ol de nacimiento conoce muy bien las ra\u00edces de estos pueblos. \u201cLos nativos eran raptados por sus propias gentes dirigidos por los hombres blancos. En el Urubamba \u2013precisa monse\u00f1or David\u2013 a\u00fan se recuerda el precio de un ni\u00f1o o un adulto. En ocasiones eran intercambiados por tocuyo, sal, entre otros. Gran parte de ellos conservan en su memoria aquella \u00e9poca de persecuci\u00f3n\u201d.<o:p><\/o:p><\/p>\n<p class=\"MsoNormal\" style=\"margin-bottom: 0.0001pt; line-height: normal; background-image: initial; background-position: initial; background-size: initial; background-repeat: initial; background-attachment: initial; background-origin: initial; background-clip: initial;\"><o:p>\u00a0<\/o:p><\/p>\n<p class=\"MsoNormal\" style=\"margin-bottom: 0.0001pt; line-height: normal; background-image: initial; background-position: initial; background-size: initial; background-repeat: initial; background-attachment: initial; background-origin: initial; background-clip: initial;\">Cuando el caucho se encontraba disperso por toda la Amazon\u00eda, la industria europea explotaba a las poblaciones ind\u00edgenas. Imper\u00f3 el genocidio sobre todo en la zona sur de la Selva. En la memoria de los pueblos ind\u00edgenas en aislamiento voluntario (PIAV) a\u00fan perduran estos recuerdos. Es por eso que los PIAV y los no contactados viven en \u201ccautiverio pero en libertad\u201d, ha explicado el Papa Francisco en el\u00a0<i>Instrumentus Laboris<\/i>, presentado el 17 de junio como el documento de trabajo para la Asamblea Especial del S\u00ednodo que se realizar\u00e1 en Roma el pr\u00f3ximo mes de octubre.<o:p><\/o:p><\/p>\n<p class=\"MsoNormal\" align=\"center\" style=\"margin-bottom: 0.0001pt; text-align: center; line-height: normal; background-image: initial; background-position: initial; background-size: initial; background-repeat: initial; background-attachment: initial; background-origin: initial; background-clip: initial;\"><o:p>\u00a0<\/o:p><\/p>\n<p class=\"MsoNormal\" style=\"margin-bottom: 0.0001pt; line-height: normal; background-image: initial; background-position: initial; background-size: initial; background-repeat: initial; background-attachment: initial; background-origin: initial; background-clip: initial;\"><b>Postura de la Iglesia\u00a0<\/b><o:p><\/o:p><\/p>\n<p class=\"MsoNormal\" style=\"margin-bottom: 0.0001pt; line-height: normal; background-image: initial; background-position: initial; background-size: initial; background-repeat: initial; background-attachment: initial; background-origin: initial; background-clip: initial;\">Viven obligados a permanecer en cautiverio, inmersos al interior del bosque. N\u00f3mades de 100 a 200 personas con patrones conductuales de aislamiento. As\u00ed describe monse\u00f1or Mart\u00ednez a los pueblos replegados en zonas inaccesibles.\u00a0Se trata de un aislamiento voluntario, explica el Santo Padre en el\u00a0<i>Instrumentum Laboris<\/i>. \u201cLas naciones amaz\u00f3nicas optaron por el cautiverio para poder vivir en libertad, pues el cautiverio no los define, sino m\u00e1s bien se vieron obligados a ello\u201d, argument\u00f3 monse\u00f1or David, durante la entrevista.<o:p><\/o:p><\/p>\n<p class=\"MsoNormal\" style=\"margin-bottom: 0.0001pt; line-height: normal; background-image: initial; background-position: initial; background-size: initial; background-repeat: initial; background-attachment: initial; background-origin: initial; background-clip: initial;\"><o:p>\u00a0<\/o:p><\/p>\n<p class=\"MsoNormal\" style=\"margin-bottom: 0.0001pt; line-height: normal; background-image: initial; background-position: initial; background-size: initial; background-repeat: initial; background-attachment: initial; background-origin: initial; background-clip: initial;\">Frente a esta situaci\u00f3n la Iglesia considera a estas poblaciones como vulnerables. Es por eso que busca dise\u00f1ar nuevos lineamientos pastorales en defensa de sus derechos humanos, denunciar la destrucci\u00f3n extractiva, trabajar juntos por la justicia, promover el respeto al medioambiente, entre otros. Todos estos puntos se discutir\u00e1n del 6 al 27 de octubre durante el S\u00ednodo Panamaz\u00f3nico en la ciudad de Roma.<o:p><\/o:p><\/p>\n<p class=\"MsoNormal\" style=\"margin-bottom: 0.0001pt; line-height: normal; background-image: initial; background-position: initial; background-size: initial; background-repeat: initial; background-attachment: initial; background-origin: initial; background-clip: initial;\"><o:p>\u00a0<\/o:p><\/p>\n<p class=\"MsoNormal\" style=\"margin-bottom: 0.0001pt; line-height: normal; background-image: initial; background-position: initial; background-size: initial; background-repeat: initial; background-attachment: initial; background-origin: initial; background-clip: initial;\">La sobreexplotaci\u00f3n de los pueblos ind\u00edgenas significa seguir una ruta hacia la muerte. Sin embargo al descubrir la vida de esos pueblos \u2013reflexiona monse\u00f1or\u2013 encontramos nuevos caminos para reinventar a la humanidad. En medio de sus dificultades ellos aprenden a disfrutar la vida.<o:p><\/o:p><\/p>\n<p class=\"MsoNormal\" style=\"margin-bottom: 0.0001pt; line-height: normal; background-image: initial; background-position: initial; background-size: initial; background-repeat: initial; background-attachment: initial; background-origin: initial; background-clip: initial;\"><b>\u00a0<\/b><\/p>\n<p class=\"MsoNormal\" style=\"margin-bottom: 0.0001pt; line-height: normal; background-image: initial; background-position: initial; background-size: initial; background-repeat: initial; background-attachment: initial; background-origin: initial; background-clip: initial;\"><b>Nuevos aires para la Amazon\u00eda<\/b><o:p><\/o:p><\/p>\n<p class=\"MsoNormal\" style=\"margin-bottom: 0.0001pt; line-height: normal; background-image: initial; background-position: initial; background-size: initial; background-repeat: initial; background-attachment: initial; background-origin: initial; background-clip: initial;\">Para el obispo de Puerto Maldonado, el rostro amaz\u00f3nico de la Iglesia encuentra su expresi\u00f3n en la pluralidad de sus pueblos, culturas y ecosistemas. Es por eso que la Iglesia se suma a la lucha y protecci\u00f3n de la vida y cultura de estos pueblos.<o:p><\/o:p><\/p>\n<p class=\"MsoNormal\" style=\"margin-bottom: 0.0001pt; line-height: normal; background-image: initial; background-position: initial; background-size: initial; background-repeat: initial; background-attachment: initial; background-origin: initial; background-clip: initial;\"><o:p>\u00a0<\/o:p><\/p>\n<p class=\"MsoNormal\" style=\"margin-bottom: 0.0001pt; line-height: normal; background-image: initial; background-position: initial; background-size: initial; background-repeat: initial; background-attachment: initial; background-origin: initial; background-clip: initial;\">\u201cRespetamos su decisi\u00f3n de vivir en aislamiento debido a todo lo acontecido\u201d, afirma el vicario apost\u00f3lico de Puerto Maldonado. Los misioneros siempre estamos a la espera de que vuelvan a la libertad. Ellos lo deben decidir. Y cuando llegue el momento la Iglesia los acoger\u00e1. Nos preparamos para ese momento.<o:p><\/o:p><\/p>\n<p class=\"MsoNormal\" style=\"margin-bottom: 0.0001pt; line-height: normal; background-image: initial; background-position: initial; background-size: initial; background-repeat: initial; background-attachment: initial; background-origin: initial; background-clip: initial;\"><o:p>\u00a0<\/o:p><\/p>\n<p class=\"MsoNormal\" style=\"margin-bottom: 0.0001pt; line-height: normal; background-image: initial; background-position: initial; background-size: initial; background-repeat: initial; background-attachment: initial; background-origin: initial; background-clip: initial;\">El pr\u00f3ximo s\u00ednodo no va dirigido a los pueblos ind\u00edgenas que constituyen el 10% de la Amazon\u00eda, sino m\u00e1s bien a toda la regi\u00f3n panamaz\u00f3nica con la finalidad de salvaguardar la casa com\u00fan.<o:p><\/o:p><\/p>\n<h2 style=\"margin-top: 0cm; line-height: normal; background-image: initial; background-position: initial; background-size: initial; background-repeat: initial; background-attachment: initial; background-origin: initial; background-clip: initial;\"><i><span style=\"font-size: 11pt; font-family: Calibri, sans-serif; font-weight: normal;\">\u00a0<\/span><\/i><\/h2>\n<h2 style=\"margin-top: 0cm; line-height: normal; background-image: initial; background-position: initial; background-size: initial; background-repeat: initial; background-attachment: initial; background-origin: initial; background-clip: initial;\"><i><span style=\"font-size: 11pt; font-family: Calibri, sans-serif; font-weight: normal;\">Tomado de: ZENIT. Agencia de Noticias. Por Esther Nu\u00f1ez Balb\u00edn. 8 de julio de 2019. <\/span><\/i><span style=\"font-size: 11pt; font-family: Calibri, sans-serif; letter-spacing: -0.55pt; font-weight: normal;\"><o:p><\/o:p><\/span><\/h2>\n<p>\u00a0 \u00a0\u00a0<\/p>\n<p><a href=\"http:\/\/web.hilo.org.pe\/wp-content\/uploads\/Monse\u00f1orDavid_1 web.jpg\" target=\"_blank\" rel=\"noopener\">Ver archivo adjunto<\/a><\/p>\n","protected":false},"excerpt":{"rendered":"<p>Monse\u00f1or David Mart\u00ednez de Aguirre Guinea, Obispo del Vicariato apost\u00f3lico de Puerto Maldonado, secretario especial del S\u00ednodo para la Amazon\u00eda explic\u00f3 a Zenit c\u00f3mo la Iglesia a partir del Instrumentus Laboris dise\u00f1a un nuevo plan pastoral de acompa\u00f1amiento, protecci\u00f3n y defensa del medio ambiente ante los proyectos extractivos que explotan la tierra.<\/p>\n","protected":false},"author":1,"featured_media":7864,"comment_status":"closed","ping_status":"closed","sticky":false,"template":"","format":"standard","meta":{"footnotes":""},"categories":[9],"tags":[],"class_list":["post-3281","post","type-post","status-publish","format-standard","has-post-thumbnail","hentry","category-noticias"],"_links":{"self":[{"href":"https:\/\/ceas.org.pe\/index.php\/wp-json\/wp\/v2\/posts\/3281","targetHints":{"allow":["GET"]}}],"collection":[{"href":"https:\/\/ceas.org.pe\/index.php\/wp-json\/wp\/v2\/posts"}],"about":[{"href":"https:\/\/ceas.org.pe\/index.php\/wp-json\/wp\/v2\/types\/post"}],"author":[{"embeddable":true,"href":"https:\/\/ceas.org.pe\/index.php\/wp-json\/wp\/v2\/users\/1"}],"replies":[{"embeddable":true,"href":"https:\/\/ceas.org.pe\/index.php\/wp-json\/wp\/v2\/comments?post=3281"}],"version-history":[{"count":1,"href":"https:\/\/ceas.org.pe\/index.php\/wp-json\/wp\/v2\/posts\/3281\/revisions"}],"predecessor-version":[{"id":5937,"href":"https:\/\/ceas.org.pe\/index.php\/wp-json\/wp\/v2\/posts\/3281\/revisions\/5937"}],"wp:featuredmedia":[{"embeddable":true,"href":"https:\/\/ceas.org.pe\/index.php\/wp-json\/wp\/v2\/media\/7864"}],"wp:attachment":[{"href":"https:\/\/ceas.org.pe\/index.php\/wp-json\/wp\/v2\/media?parent=3281"}],"wp:term":[{"taxonomy":"category","embeddable":true,"href":"https:\/\/ceas.org.pe\/index.php\/wp-json\/wp\/v2\/categories?post=3281"},{"taxonomy":"post_tag","embeddable":true,"href":"https:\/\/ceas.org.pe\/index.php\/wp-json\/wp\/v2\/tags?post=3281"}],"curies":[{"name":"wp","href":"https:\/\/api.w.org\/{rel}","templated":true}]}}