{"id":3280,"date":"2019-06-29T14:26:00","date_gmt":"2019-06-29T14:26:00","guid":{"rendered":""},"modified":"2026-03-11T09:11:54","modified_gmt":"2026-03-11T14:11:54","slug":"el-palio-signo-del-pastor-para-el-servicio-de-toda-la-iglesia-mons-carlos-castillo","status":"publish","type":"post","link":"https:\/\/ceas.org.pe\/index.php\/2019\/06\/29\/el-palio-signo-del-pastor-para-el-servicio-de-toda-la-iglesia-mons-carlos-castillo\/","title":{"rendered":"El palio signo del pastor para el servicio de toda la Iglesia &#8211; Mons. Carlos Castillo"},"content":{"rendered":"<h2 style=\"margin-top: 0cm; text-align: justify; background-image: initial; background-position: initial; background-size: initial; background-repeat: initial; background-attachment: initial; background-origin: initial; background-clip: initial; vertical-align: baseline;\"><strong><span style=\"font-size:11.0pt;line-height:115%;font-family:\n\"Calibri\",\"sans-serif\";mso-ascii-theme-font:minor-latin;mso-hansi-theme-font:\nminor-latin;mso-bidi-theme-font:minor-latin;color:windowtext;letter-spacing:\n-.1pt;border:none windowtext 1.0pt;mso-border-alt:none windowtext 0cm;\npadding:0cm\">El palio signo de autoridad para el servicio<\/span><\/strong><span style=\"font-size:11.0pt;line-height:115%;font-family:\"Calibri\",\"sans-serif\";\nmso-ascii-theme-font:minor-latin;mso-hansi-theme-font:minor-latin;mso-bidi-theme-font:\nminor-latin;color:windowtext;letter-spacing:-.1pt\"><o:p><\/o:p><\/span><\/h2>\n<p style=\"margin: 0cm 0cm 0.0001pt; text-align: justify; background-image: initial; background-position: initial; background-size: initial; background-repeat: initial; background-attachment: initial; background-origin: initial; background-clip: initial; vertical-align: baseline;\"><span style=\"font-size:11.0pt;font-family:\"Calibri\",\"sans-serif\";\nmso-ascii-theme-font:minor-latin;mso-hansi-theme-font:minor-latin;mso-bidi-theme-font:\nminor-latin\">El Arzobispo de Lima explicando el sentido de la celebraci\u00f3n lit\u00fargica de la fiesta de los santos ap\u00f3stoles dijo que\u00a0<em><span style=\"border: 1pt none windowtext; padding: 0cm;\">\u201cesta celebraci\u00f3n de San Pedro nos une al Santo Padre porque en el Santo Padre se realiza el misterio de Dios que nos ama y nos da la fe, y como el Se\u00f1or dice: sobre esta piedra edificar\u00e9 mi Iglesia\u201d<\/span><\/em>.<o:p><\/o:p><\/span><\/p>\n<p style=\"margin: 0cm 0cm 0.0001pt; text-align: justify; background-image: initial; background-position: initial; background-size: initial; background-repeat: initial; background-attachment: initial; background-origin: initial; background-clip: initial; vertical-align: baseline;\"><span style=\"font-size:11.0pt;\nfont-family:\"Calibri\",\"sans-serif\";mso-ascii-theme-font:minor-latin;mso-hansi-theme-font:\nminor-latin;mso-bidi-theme-font:minor-latin\">\u00a0<\/span><\/p>\n<p style=\"margin: 0cm 0cm 0.0001pt; text-align: justify; background-image: initial; background-position: initial; background-size: initial; background-repeat: initial; background-attachment: initial; background-origin: initial; background-clip: initial; vertical-align: baseline;\"><span style=\"font-size:11.0pt;font-family:\"Calibri\",\"sans-serif\";\nmso-ascii-theme-font:minor-latin;mso-hansi-theme-font:minor-latin;mso-bidi-theme-font:\nminor-latin\">Por otro lado, Mons. Castillo record\u00f3 que\u00a0<em><span style=\"border: 1pt none windowtext; padding: 0cm;\">\u201cesta celebraci\u00f3n lit\u00fargica es muy significativa ya que a todos los Arzobispos se nos entrega el palio, que es este signo de lana donde est\u00e1n las heridas de Jes\u00fas y que significan cargar con las ovejas, ponerlas alrededor de nuestro cuello y cargar con ellas, esto se refleja en esa expresi\u00f3n que decimos siempre: he aqu\u00ed el cordero de Dios que quita el pecado del mundo\u201d<\/span><\/em>.<o:p><\/o:p><\/span><\/p>\n<h2 style=\"margin-top: 0cm; text-align: justify; background-image: initial; background-position: initial; background-size: initial; background-repeat: initial; background-attachment: initial; background-origin: initial; background-clip: initial; vertical-align: baseline; -webkit-font-smoothing: initial;\"><strong><span style=\"font-size:11.0pt;line-height:115%;font-family:\"Calibri\",\"sans-serif\";\nmso-ascii-theme-font:minor-latin;mso-hansi-theme-font:minor-latin;mso-bidi-theme-font:\nminor-latin;color:windowtext;letter-spacing:-.1pt;border:none windowtext 1.0pt;\nmso-border-alt:none windowtext 0cm;padding:0cm\">\u00a0<\/span><\/strong><\/h2>\n<h2 style=\"margin-top: 0cm; text-align: justify; background-image: initial; background-position: initial; background-size: initial; background-repeat: initial; background-attachment: initial; background-origin: initial; background-clip: initial; vertical-align: baseline;\"><strong><span style=\"font-size:11.0pt;line-height:115%;font-family:\n\"Calibri\",\"sans-serif\";mso-ascii-theme-font:minor-latin;mso-hansi-theme-font:\nminor-latin;mso-bidi-theme-font:minor-latin;color:windowtext;letter-spacing:\n-.1pt;border:none windowtext 1.0pt;mso-border-alt:none windowtext 0cm;\npadding:0cm\">El primado es para crear lazos de unidad<\/span><\/strong><span style=\"font-size:11.0pt;line-height:115%;font-family:\"Calibri\",\"sans-serif\";\nmso-ascii-theme-font:minor-latin;mso-hansi-theme-font:minor-latin;mso-bidi-theme-font:\nminor-latin;color:windowtext;letter-spacing:-.1pt\"><o:p><\/o:p><\/span><\/h2>\n<p style=\"margin: 0cm 0cm 0.0001pt; text-align: justify; background-image: initial; background-position: initial; background-size: initial; background-repeat: initial; background-attachment: initial; background-origin: initial; background-clip: initial; vertical-align: baseline;\"><em><span style=\"font-size:11.0pt;font-family:\"Calibri\",\"sans-serif\";\nmso-ascii-theme-font:minor-latin;mso-hansi-theme-font:minor-latin;mso-bidi-theme-font:\nminor-latin;border:none windowtext 1.0pt;mso-border-alt:none windowtext 0cm;\npadding:0cm\">\u00abLos Arzobispos que estaremos con el Papa\u00bb<\/span><\/em><span style=\"font-size:11.0pt;font-family:\"Calibri\",\"sans-serif\";mso-ascii-theme-font:\nminor-latin;mso-hansi-theme-font:minor-latin;mso-bidi-theme-font:minor-latin\">, precis\u00f3 Mons. Castillo \u00a0<em><span style=\"border: 1pt none windowtext; padding: 0cm;\">\u00abvenimos de las Arquidi\u00f3cesis m\u00e1s antiguas, que recibimos el Evangelio en el orden de antig\u00fcedad que permite luego que se irradie a otras sedes\u00bb.<\/span><\/em><o:p><\/o:p><\/span><\/p>\n<p style=\"margin: 0cm 0cm 0.0001pt; text-align: justify; background-image: initial; background-position: initial; background-size: initial; background-repeat: initial; background-attachment: initial; background-origin: initial; background-clip: initial; vertical-align: baseline;\"><em><span style=\"font-size:\n11.0pt;font-family:\"Calibri\",\"sans-serif\";mso-ascii-theme-font:minor-latin;\nmso-hansi-theme-font:minor-latin;mso-bidi-theme-font:minor-latin;border:none windowtext 1.0pt;\nmso-border-alt:none windowtext 0cm;padding:0cm\">\u201cEn la Iglesia prima la tradici\u00f3n porque fue la forma concreta en la que se incultur\u00f3 el amor del Se\u00f1or Jes\u00fas en una historia concreta y en Lima, en el caso del Per\u00fa<\/span><\/em><span style=\"font-size:11.0pt;font-family:\"Calibri\",\"sans-serif\";mso-ascii-theme-font:\nminor-latin;mso-hansi-theme-font:minor-latin;mso-bidi-theme-font:minor-latin\">\u00a0\u2013 record\u00f3 su Arzobispo \u2013<em><span style=\"border: 1pt none windowtext; padding: 0cm;\">\u00a0es en donde se tiene la mayor densidad de experiencia cristiana que se irradia y se comparte con los dem\u00e1s pueblos\u201d.<\/span><\/em><o:p><\/o:p><\/span><\/p>\n<h2 style=\"margin-top: 0cm; text-align: justify; background-image: initial; background-position: initial; background-size: initial; background-repeat: initial; background-attachment: initial; background-origin: initial; background-clip: initial; vertical-align: baseline; -webkit-font-smoothing: initial;\"><strong><span style=\"font-size:11.0pt;line-height:115%;font-family:\"Calibri\",\"sans-serif\";\nmso-ascii-theme-font:minor-latin;mso-hansi-theme-font:minor-latin;mso-bidi-theme-font:\nminor-latin;color:windowtext;letter-spacing:-.1pt;border:none windowtext 1.0pt;\nmso-border-alt:none windowtext 0cm;padding:0cm\">\u00a0<\/span><\/strong><\/h2>\n<h2 style=\"margin-top: 0cm; text-align: justify; background-image: initial; background-position: initial; background-size: initial; background-repeat: initial; background-attachment: initial; background-origin: initial; background-clip: initial; vertical-align: baseline;\"><strong><span style=\"font-size:11.0pt;line-height:115%;font-family:\n\"Calibri\",\"sans-serif\";mso-ascii-theme-font:minor-latin;mso-hansi-theme-font:\nminor-latin;mso-bidi-theme-font:minor-latin;color:windowtext;letter-spacing:\n-.1pt;border:none windowtext 1.0pt;mso-border-alt:none windowtext 0cm;\npadding:0cm\">Oremos por el Papa y los nuevos Arzobispos<\/span><\/strong><span style=\"font-size:11.0pt;line-height:115%;font-family:\"Calibri\",\"sans-serif\";\nmso-ascii-theme-font:minor-latin;mso-hansi-theme-font:minor-latin;mso-bidi-theme-font:\nminor-latin;color:windowtext;letter-spacing:-.1pt\"><o:p><\/o:p><\/span><\/h2>\n<p style=\"margin: 0cm 0cm 0.0001pt; text-align: justify; background-image: initial; background-position: initial; background-size: initial; background-repeat: initial; background-attachment: initial; background-origin: initial; background-clip: initial; vertical-align: baseline;\"><span style=\"font-size:11.0pt;\nfont-family:\"Calibri\",\"sans-serif\";mso-ascii-theme-font:minor-latin;mso-hansi-theme-font:\nminor-latin;mso-bidi-theme-font:minor-latin\">Finalmente, Mons. Carlos Castillo invit\u00f3 a todos a estar unidos en oraci\u00f3n en esta festividad:\u00a0<em><span style=\"border: 1pt none windowtext; padding: 0cm;\">\u201cEn la celebraci\u00f3n de los Ap\u00f3stoles Pedro y Pablo oremos por el Papa y por todos nosotros para que seamos fieles y seamos transparencia del Dios de Jesucristo que es el \u00fanico que salva y que evidentemente dialoga con los dem\u00e1s creyentes para aprender justamente que el camino del amor es lo \u00fanico que nos une a todos\u201d<\/span><\/em><o:p><\/o:p><\/span><\/p>\n<p class=\"MsoNormal\" style=\"text-align:justify\"><i>\u00a0<\/i><\/p>\n<p><i style=\"text-align: justify;\">Tomado de: Arzobispado de Lima. 28 de junio de 2019.<\/i>\u00a0<\/p>\n<p><a href=\"http:\/\/web.hilo.org.pe\/wp-content\/uploads\/Monse\u00f1or-carlos-castillo web.jpg\" target=\"_blank\" rel=\"noopener\">Ver archivo adjunto<\/a><\/p>\n","protected":false},"excerpt":{"rendered":"<p>El Arzobispo de Lima y Primado del Per\u00fa, Mons. Carlos Castillo concedi\u00f3 una entrevista a Vatican News a v\u00edsperas de la celebraci\u00f3n de la Solemnidad de San Pedro y San Pablo, Ap\u00f3stoles.<\/p>\n<p>\u201cLa fiesta de San Pedro y San Pablo nos re\u00fane junto al Papa Francisco, vamos a estar todos unidos con el Papa porque es el pastor de toda la Iglesia, que con la fe de Pedro sigue cargando a todas la ovejas de todo el mundo para ayudarlas a promoverse, a crecer, a vivir en felicidad en el amor de Dios\u201d, coment\u00f3 Mons. Carlos Castillo Mattasoglio.<\/p>\n","protected":false},"author":1,"featured_media":7857,"comment_status":"closed","ping_status":"closed","sticky":false,"template":"","format":"standard","meta":{"footnotes":""},"categories":[9],"tags":[],"class_list":["post-3280","post","type-post","status-publish","format-standard","has-post-thumbnail","hentry","category-noticias"],"_links":{"self":[{"href":"https:\/\/ceas.org.pe\/index.php\/wp-json\/wp\/v2\/posts\/3280","targetHints":{"allow":["GET"]}}],"collection":[{"href":"https:\/\/ceas.org.pe\/index.php\/wp-json\/wp\/v2\/posts"}],"about":[{"href":"https:\/\/ceas.org.pe\/index.php\/wp-json\/wp\/v2\/types\/post"}],"author":[{"embeddable":true,"href":"https:\/\/ceas.org.pe\/index.php\/wp-json\/wp\/v2\/users\/1"}],"replies":[{"embeddable":true,"href":"https:\/\/ceas.org.pe\/index.php\/wp-json\/wp\/v2\/comments?post=3280"}],"version-history":[{"count":1,"href":"https:\/\/ceas.org.pe\/index.php\/wp-json\/wp\/v2\/posts\/3280\/revisions"}],"predecessor-version":[{"id":5938,"href":"https:\/\/ceas.org.pe\/index.php\/wp-json\/wp\/v2\/posts\/3280\/revisions\/5938"}],"wp:featuredmedia":[{"embeddable":true,"href":"https:\/\/ceas.org.pe\/index.php\/wp-json\/wp\/v2\/media\/7857"}],"wp:attachment":[{"href":"https:\/\/ceas.org.pe\/index.php\/wp-json\/wp\/v2\/media?parent=3280"}],"wp:term":[{"taxonomy":"category","embeddable":true,"href":"https:\/\/ceas.org.pe\/index.php\/wp-json\/wp\/v2\/categories?post=3280"},{"taxonomy":"post_tag","embeddable":true,"href":"https:\/\/ceas.org.pe\/index.php\/wp-json\/wp\/v2\/tags?post=3280"}],"curies":[{"name":"wp","href":"https:\/\/api.w.org\/{rel}","templated":true}]}}