{"id":3278,"date":"2019-06-24T16:41:54","date_gmt":"2019-06-24T16:41:54","guid":{"rendered":""},"modified":"2026-03-11T09:11:54","modified_gmt":"2026-03-11T14:11:54","slug":"la-lucha-por-una-segunda-oportunidad-ley-de-beneficios-a-personas-privadas-de-la-libertad","status":"publish","type":"post","link":"https:\/\/ceas.org.pe\/index.php\/2019\/06\/24\/la-lucha-por-una-segunda-oportunidad-ley-de-beneficios-a-personas-privadas-de-la-libertad\/","title":{"rendered":"La lucha por una segunda oportunidad. Ley de beneficios a personas privadas de la libertad"},"content":{"rendered":"<p class=\"MsoNormal\" style=\"margin-bottom: 0.0001pt; text-align: justify; line-height: normal; background-image: initial; background-position: initial; background-size: initial; background-repeat: initial; background-attachment: initial; background-origin: initial; background-clip: initial;\"><span style=\"mso-fareast-font-family:\n\"Times New Roman\";mso-bidi-font-family:Calibri;mso-bidi-theme-font:minor-latin;\ncolor:#1F1F1F;mso-fareast-language:ES-PE\">Un\u00a0<b>preso<\/b>\u00a0pierde el derecho a la libertad, pero nunca a la dignidad y eso pasa por la posibilidad de una segunda oportunidad en la vida.<o:p><\/o:p><\/span><\/p>\n<p class=\"MsoNormal\" style=\"margin-bottom: 0.0001pt; text-align: justify; line-height: normal; background-image: initial; background-position: initial; background-size: initial; background-repeat: initial; background-attachment: initial; background-origin: initial; background-clip: initial;\"><span style=\"mso-fareast-font-family:\n\"Times New Roman\";mso-bidi-font-family:Calibri;mso-bidi-theme-font:minor-latin;\ncolor:#1F1F1F;mso-fareast-language:ES-PE\">\u00a0<\/span><\/p>\n<p class=\"MsoNormal\" style=\"margin-bottom: 0.0001pt; text-align: justify; line-height: normal; background-image: initial; background-position: initial; background-size: initial; background-repeat: initial; background-attachment: initial; background-origin: initial; background-clip: initial;\"><span style=\"mso-fareast-font-family:\n\"Times New Roman\";mso-bidi-font-family:Calibri;mso-bidi-theme-font:minor-latin;\ncolor:#1F1F1F;mso-fareast-language:ES-PE\">En este sentido, est\u00e1 en la comisi\u00f3n de justicia y derechos humanos del congreso, para su dictamen, un proyecto de ley de beneficios excepcionales para personas privadas de la libertad resocializadas, que merece respaldo y premura pues su aprobaci\u00f3n significar\u00eda importantes beneficios.<o:p><\/o:p><\/span><\/p>\n<p class=\"MsoNormal\" style=\"margin-bottom: 0.0001pt; text-align: justify; line-height: normal; background-image: initial; background-position: initial; background-size: initial; background-repeat: initial; background-attachment: initial; background-origin: initial; background-clip: initial;\"><span style=\"mso-fareast-font-family:\n\"Times New Roman\";mso-bidi-font-family:Calibri;mso-bidi-theme-font:minor-latin;\ncolor:#1F1F1F;mso-fareast-language:ES-PE\">\u00a0<\/span><\/p>\n<p class=\"MsoNormal\" style=\"margin-bottom: 0.0001pt; text-align: justify; line-height: normal; background-image: initial; background-position: initial; background-size: initial; background-repeat: initial; background-attachment: initial; background-origin: initial; background-clip: initial;\"><span style=\"mso-fareast-font-family:\n\"Times New Roman\";mso-bidi-font-family:Calibri;mso-bidi-theme-font:minor-latin;\ncolor:#1F1F1F;mso-fareast-language:ES-PE\">El mismo establece un mecanismo legal para que, de manera excepcional, brinde beneficios penitenciarios a personas privadas de la libertad que demuestren su\u00a0<b>resocializaci\u00f3n <\/b>mediante un cambio de conducta como resultado de un tratamiento rehabilitador que se sustente en criterios de evaluaci\u00f3n t\u00e9cnica; que cuenten con un proyecto de vida; y que no representen un peligro para la sociedad.<o:p><\/o:p><\/span><\/p>\n<p class=\"MsoNormal\" style=\"margin-bottom: 0.0001pt; text-align: justify; line-height: normal; background-image: initial; background-position: initial; background-size: initial; background-repeat: initial; background-attachment: initial; background-origin: initial; background-clip: initial;\"><span style=\"mso-fareast-font-family:\n\"Times New Roman\";mso-bidi-font-family:Calibri;mso-bidi-theme-font:minor-latin;\ncolor:#1F1F1F;mso-fareast-language:ES-PE\">\u00a0<\/span><\/p>\n<p class=\"MsoNormal\" style=\"margin-bottom: 0.0001pt; text-align: justify; line-height: normal; background-image: initial; background-position: initial; background-size: initial; background-repeat: initial; background-attachment: initial; background-origin: initial; background-clip: initial;\"><span style=\"mso-fareast-font-family:\n\"Times New Roman\";mso-bidi-font-family:Calibri;mso-bidi-theme-font:minor-latin;\ncolor:#1F1F1F;mso-fareast-language:ES-PE\">Existe una gran\u00a0<b>sobrepoblaci\u00f3n<\/b>\u00a0en los penales: albergan a 93 mil internos cuando solo pueden recibir a 32 mil, un problema que se agrava por una tasa anual de crecimiento de 8%.<o:p><\/o:p><\/span><\/p>\n<p class=\"MsoNormal\" style=\"margin-bottom: 0.0001pt; text-align: justify; line-height: normal; background-image: initial; background-position: initial; background-size: initial; background-repeat: initial; background-attachment: initial; background-origin: initial; background-clip: initial;\"><span style=\"mso-fareast-font-family:\n\"Times New Roman\";mso-bidi-font-family:Calibri;mso-bidi-theme-font:minor-latin;\ncolor:#1F1F1F;mso-fareast-language:ES-PE\">\u00a0<\/span><\/p>\n<p class=\"MsoNormal\" style=\"margin-bottom: 0.0001pt; text-align: justify; line-height: normal; background-image: initial; background-position: initial; background-size: initial; background-repeat: initial; background-attachment: initial; background-origin: initial; background-clip: initial;\"><span style=\"mso-fareast-font-family:\n\"Times New Roman\";mso-bidi-font-family:Calibri;mso-bidi-theme-font:minor-latin;\ncolor:#1F1F1F;mso-fareast-language:ES-PE\">Su situaci\u00f3n es calamitosa. Solo cuentan con 70 m\u00e9dicos (uno por cada 1,314 internos), 192 psic\u00f3logos (uno por cada 479 internos), 142 trabajadores sociales y 2 mil agentes de seguridad.<o:p><\/o:p><\/span><\/p>\n<p class=\"MsoNormal\" style=\"margin-bottom: 0.0001pt; text-align: justify; line-height: normal; background-image: initial; background-position: initial; background-size: initial; background-repeat: initial; background-attachment: initial; background-origin: initial; background-clip: initial;\"><span style=\"mso-fareast-font-family:\n\"Times New Roman\";mso-bidi-font-family:Calibri;mso-bidi-theme-font:minor-latin;\ncolor:#1F1F1F;mso-fareast-language:ES-PE\">Ante ello, en 2014 los internos de la capellan\u00eda del\u00a0<b>penal de Castro Castro<\/b>\u00a0elaboraron el primer borrador del proyecto, el cual fue perfeccionado con la colaboraci\u00f3n de la P<b>astoral de C\u00e1rceles de la iglesia cat\u00f3lica<\/b>, y la\u00a0<a href=\"https:\/\/larepublica.pe\/tag\/conferencia-episcopal\/\" target=\"_blank\"><span style=\"color: rgb(51, 51, 64); text-decoration-line: none;\">Conferencia Episcopal<\/span><\/a>\u00a0de Acci\u00f3n Social (CEAS), y se ha plasmado en la versi\u00f3n que lleg\u00f3 al congreso de la rep\u00fablica a fines de 2018 como una iniciativa ciudadana mediante la recolecci\u00f3n de m\u00e1s de 90 mil firmas verificadas por\u00a0<a href=\"https:\/\/larepublica.pe\/tag\/onpe\/\" target=\"_blank\"><span style=\"color: rgb(51, 51, 64); text-decoration-line: none;\">ONPE<\/span><\/a>\u00a0y\u00a0<a href=\"https:\/\/larepublica.pe\/tag\/reniec\/\" target=\"_blank\"><span style=\"color: rgb(51, 51, 64); text-decoration-line: none;\">Reniec<\/span><\/a>.<o:p><\/o:p><\/span><\/p>\n<p class=\"MsoNormal\" style=\"margin-bottom: 0.0001pt; text-align: justify; line-height: normal; background-image: initial; background-position: initial; background-size: initial; background-repeat: initial; background-attachment: initial; background-origin: initial; background-clip: initial;\"><span style=\"mso-fareast-font-family:\n\"Times New Roman\";mso-bidi-font-family:Calibri;mso-bidi-theme-font:minor-latin;\ncolor:#1F1F1F;mso-fareast-language:ES-PE\">\u00a0<\/span><\/p>\n<p class=\"MsoNormal\" style=\"margin-bottom: 0.0001pt; text-align: justify; line-height: normal; background-image: initial; background-position: initial; background-size: initial; background-repeat: initial; background-attachment: initial; background-origin: initial; background-clip: initial;\"><span style=\"mso-fareast-font-family:\n\"Times New Roman\";mso-bidi-font-family:Calibri;mso-bidi-theme-font:minor-latin;\ncolor:#1F1F1F;mso-fareast-language:ES-PE\">Los beneficios potenciales del proyecto son muy valiosos para fortalecer el proceso de resocializaci\u00f3n, lo cual impacta positivamente en la seguridad ciudadana; reforzar el tratamiento penitenciario progresivo; y disminuir la\u00a0<b>sobrepoblaci\u00f3n<\/b>\u00a0penitenciaria.<o:p><\/o:p><\/span><\/p>\n<p class=\"MsoNormal\" style=\"margin-bottom: 0.0001pt; text-align: justify; line-height: normal; background-image: initial; background-position: initial; background-size: initial; background-repeat: initial; background-attachment: initial; background-origin: initial; background-clip: initial;\"><span style=\"mso-fareast-font-family:\n\"Times New Roman\";mso-bidi-font-family:Calibri;mso-bidi-theme-font:minor-latin;\ncolor:#1F1F1F;mso-fareast-language:ES-PE\">\u00a0<\/span><\/p>\n<p class=\"MsoNormal\" style=\"margin-bottom: 0.0001pt; text-align: justify; line-height: normal; background-image: initial; background-position: initial; background-size: initial; background-repeat: initial; background-attachment: initial; background-origin: initial; background-clip: initial;\"><span style=\"mso-fareast-font-family:\n\"Times New Roman\";mso-bidi-font-family:Calibri;mso-bidi-theme-font:minor-latin;\ncolor:#1F1F1F;mso-fareast-language:ES-PE\">Este es un proyecto que todos deben apoyar porque la resocializaci\u00f3n es el fin principal de una condena carcelaria; porque beneficia a toda la sociedad; porque los valores de una naci\u00f3n tambi\u00e9n se miden por c\u00f3mo trata a sus presos; y porque todos merecemos una segunda oportunidad en la\u00a0<b>vida<\/b>.<o:p><\/o:p><\/span><\/p>\n<p class=\"MsoNormal\" style=\"margin-bottom:0cm;margin-bottom:.0001pt;text-align:\njustify;line-height:normal\"><o:p>\u00a0<\/o:p><\/p>\n<p class=\"MsoNormal\" style=\"margin-bottom:0cm;margin-bottom:.0001pt;text-align:\njustify;line-height:normal\"><i>Tomado de: Diario La Rep\u00fablica. Por <span style=\"color:#212529;mso-bidi-font-weight:bold;\nmso-bidi-font-style:italic\">Augusto \u00c1lvarez Rodrich. Lima, 23 de junio de 2019.<\/span><o:p><\/o:p><\/i><\/p>\n<p><a href=\"http:\/\/web.hilo.org.pe\/wp-content\/uploads\/Articulo Diario.jpg\" target=\"_blank\" rel=\"noopener\">Ver archivo adjunto<\/a><\/p>\n","protected":false},"excerpt":{"rendered":"<p>\u201cEste es un proyecto que todos debe apoyar porque la resocializaci\u00f3n en el fin principal de una condena carcelaria\u201d. Augusto \u00c1lvarez Rodrich<\/p>\n","protected":false},"author":1,"featured_media":7951,"comment_status":"closed","ping_status":"closed","sticky":false,"template":"","format":"standard","meta":{"footnotes":""},"categories":[9],"tags":[],"class_list":["post-3278","post","type-post","status-publish","format-standard","has-post-thumbnail","hentry","category-noticias"],"_links":{"self":[{"href":"https:\/\/ceas.org.pe\/index.php\/wp-json\/wp\/v2\/posts\/3278","targetHints":{"allow":["GET"]}}],"collection":[{"href":"https:\/\/ceas.org.pe\/index.php\/wp-json\/wp\/v2\/posts"}],"about":[{"href":"https:\/\/ceas.org.pe\/index.php\/wp-json\/wp\/v2\/types\/post"}],"author":[{"embeddable":true,"href":"https:\/\/ceas.org.pe\/index.php\/wp-json\/wp\/v2\/users\/1"}],"replies":[{"embeddable":true,"href":"https:\/\/ceas.org.pe\/index.php\/wp-json\/wp\/v2\/comments?post=3278"}],"version-history":[{"count":1,"href":"https:\/\/ceas.org.pe\/index.php\/wp-json\/wp\/v2\/posts\/3278\/revisions"}],"predecessor-version":[{"id":5940,"href":"https:\/\/ceas.org.pe\/index.php\/wp-json\/wp\/v2\/posts\/3278\/revisions\/5940"}],"wp:featuredmedia":[{"embeddable":true,"href":"https:\/\/ceas.org.pe\/index.php\/wp-json\/wp\/v2\/media\/7951"}],"wp:attachment":[{"href":"https:\/\/ceas.org.pe\/index.php\/wp-json\/wp\/v2\/media?parent=3278"}],"wp:term":[{"taxonomy":"category","embeddable":true,"href":"https:\/\/ceas.org.pe\/index.php\/wp-json\/wp\/v2\/categories?post=3278"},{"taxonomy":"post_tag","embeddable":true,"href":"https:\/\/ceas.org.pe\/index.php\/wp-json\/wp\/v2\/tags?post=3278"}],"curies":[{"name":"wp","href":"https:\/\/api.w.org\/{rel}","templated":true}]}}