{"id":3277,"date":"2019-06-19T14:08:59","date_gmt":"2019-06-19T14:08:59","guid":{"rendered":""},"modified":"2026-03-11T09:11:54","modified_gmt":"2026-03-11T14:11:54","slug":"acoger-a-cristo-en-los-refugiados-era-extranjero-y-me-acogiste-mt-2535","status":"publish","type":"post","link":"https:\/\/ceas.org.pe\/index.php\/2019\/06\/19\/acoger-a-cristo-en-los-refugiados-era-extranjero-y-me-acogiste-mt-2535\/","title":{"rendered":"Acoger a Cristo en los Refugiados: &#8230;era extranjero y me acogiste&#8230; Mt. 25,35"},"content":{"rendered":"<p>\u00a0<\/p>\n<p class=\"MsoNormal\" align=\"center\" style=\"text-align:center\"><b><span style=\"font-size:11.0pt;font-family:\"Calibri\",sans-serif\">D\u00eda Mundial del refugiado &#8211; 20 de junio<\/span><\/b><span style=\"font-size:11.0pt;font-family:\n\"Calibri\",sans-serif\"><o:p><\/o:p><\/span><\/p>\n<p class=\"MsoNormal\" align=\"center\" style=\"text-align:center\"><b><span style=\"font-size:11.0pt;font-family:\"Calibri\",sans-serif\">Acoger a Cristo en los Refugiados: \u201c&#8230;era extranjero y me acogiste&#8230;\u201d Mt. 25,35<\/span><\/b><span style=\"font-size:11.0pt;font-family:\"Calibri\",sans-serif\"><o:p><\/o:p><\/span><\/p>\n<p class=\"MsoNormal\" style=\"text-align:justify\"><span style=\"font-size:11.0pt;\nfont-family:\"Calibri\",sans-serif\"><o:p>\u00a0<\/o:p><\/span><\/p>\n<p class=\"MsoNormal\" style=\"text-align:justify\"><span style=\"font-size:11.0pt;\nfont-family:\"Calibri\",sans-serif\">En su reciente viaje a Bulgaria el Papa Francisco visit\u00f3 el campo de refugiados Vrazhdebna que acoge a refugiados de Siria e Irak, donde record\u00f3 que: \u00absu viaje no siempre es bello y luego est\u00e1 el dolor de dejar su patria y tratar de entrar en otra patria&#8230; siempre hay esperanza. Hoy, el mundo de los migrantes y refugiados es un poco como una cruz, una cruz de la humanidad, y la cruz es tanta gente que sufre&#8230;\u00bb. Uni\u00e9ndonos a esta preocupaci\u00f3n del Santo Padre, desde la Conferencia Episcopal Peruana, deseamos llamar la atenci\u00f3n y llevar a la reflexi\u00f3n a todo el pueblo peruano sobre este tema muy actual y cr\u00edtico: los refugiados.\u00a0<o:p><\/o:p><\/span><\/p>\n<p class=\"MsoNormal\" style=\"text-align:justify\"><span style=\"font-size:11.0pt;\nfont-family:\"Calibri\",sans-serif\"><br \/>\nLos refugiados son personas que huyen de conflictos y persecuciones, ellas se encuentran protegidas por el derecho internacional, por su particular condici\u00f3n de vulnerabilidad, y no deben ser expulsadas o devueltas a situaciones en las que sus vidas y sus libertades corran riesgo. Seg\u00fan el Alto Comisionado de las Naciones Unidas para los Refugiados (ACNUR), en el mundo existen 25,4 millones de personas refugiadas y 3,1 millones son solicitantes de refugio.<o:p><\/o:p><\/span><\/p>\n<p class=\"MsoNormal\" style=\"text-align:justify\"><span style=\"font-size:11.0pt;\nfont-family:\"Calibri\",sans-serif\"><o:p>\u00a0<\/o:p><\/span><\/p>\n<p class=\"MsoNormal\" style=\"text-align:justify\"><span style=\"font-size:11.0pt;\nfont-family:\"Calibri\",sans-serif\">Nuestro pa\u00eds, desde hace muchos a\u00f1os, protege a personas con estas caracter\u00edsticas, otorg\u00e1ndoles la condici\u00f3n de refugiados; actualmente contamos con solicitantes y refugiados de diversas nacionalidades, entre ellos, venezolanos, cubanos, colombianos, palestinos, sirios, bengal\u00edes, esrilanqueses y de diversos pa\u00edses africanos.<o:p><\/o:p><\/span><\/p>\n<p class=\"MsoNormal\" style=\"text-align:justify\"><span style=\"font-size:11.0pt;\nfont-family:\"Calibri\",sans-serif\"><o:p>\u00a0<\/o:p><\/span><\/p>\n<p class=\"MsoNormal\" style=\"text-align:justify\"><span style=\"font-size:11.0pt;\nfont-family:\"Calibri\",sans-serif\">Las personas que necesitan refugio est\u00e1n expuestas a m\u00faltiples situaciones como asaltos, trata de personas, tr\u00e1fico de migrantes, estafas y otras violaciones a sus derechos humanos; por esto, la Iglesia Cat\u00f3lica peruana frente a este desaf\u00edo ha prestado especial atenci\u00f3n dando asistencia y protecci\u00f3n a estas personas. A pesar que el 17 de diciembre de 2018. La Asamblea General de las Naciones Unidas aprob\u00f3 el Pacto Mundial sobre los Refugiados con la finalidad de fortalecer la cooperaci\u00f3n y la solidaridad con los refugiados y los pa\u00edses de acogida afectados por este fen\u00f3meno, a\u00fan queda mucho por hacer a favor de los refugiados, para hacer frente a la <i>\u201cglobalizaci\u00f3n de la indiferencia \u201d<\/i>.\u00a0<o:p><\/o:p><\/span><\/p>\n<p class=\"MsoNormal\" style=\"text-align:justify\"><span style=\"font-size:11.0pt;\nfont-family:\"Calibri\",sans-serif\"><o:p>\u00a0<\/o:p><\/span><\/p>\n<p class=\"MsoNormal\" style=\"text-align:justify\"><span style=\"font-size:11.0pt;\nfont-family:\"Calibri\",sans-serif\">Las palabras de Jes\u00fas nos invitan a una acci\u00f3n concreta hacia el que se encuentra en situaciones de vulnerabilidad: \u201cPorque tuve hambre y me diste de comer, tuve sed, y me diste de beber, fui extranjero y me acogiste, estaba desnudo y me vestiste, enfermo y me visitaste, en la c\u00e1rcel y viniste a ver\u00bb (Mt. 25,35-36) y el Papa Francisco nos ha propuesto cuatro verbos que podemos aplicar al trabajo pastoral con los refugiados: acoger, proteger, promover e integrar.\u00a0<o:p><\/o:p><\/span><\/p>\n<p class=\"MsoNormal\" style=\"text-align:justify\"><span style=\"font-size:11.0pt;\nfont-family:\"Calibri\",sans-serif\"><o:p>\u00a0<\/o:p><\/span><\/p>\n<p class=\"MsoNormal\" style=\"text-align:justify\"><span style=\"font-size:11.0pt;\nfont-family:\"Calibri\",sans-serif\">En el D\u00eda Mundial del Refugiado, desde la Conferencia Episcopal Peruana, queremos animar a los diversos Estados de la regi\u00f3n, y en especial al nuestro, a fortalecer los mecanismos para el acceso al refugio y aplicar una definici\u00f3n de refugiado adecuada, que garantice plenamente los derechos de las personas en movilidad, en especial de los refugiados. De igual modo, exhortamos a la sociedad peruana a no dejarse llevar por \u201cvoces\u201d que alientan la xenofobia, discriminaci\u00f3n y el miedo, sino a construir juntos la \u201ccultura del encuentro\u201d.\u00a0\u00a0<o:p><\/o:p><\/span><\/p>\n<p class=\"MsoNormal\" style=\"text-align:justify\"><span style=\"font-size:11.0pt;\nfont-family:\"Calibri\",sans-serif\"><o:p>\u00a0<\/o:p><\/span><\/p>\n<p class=\"MsoNormal\" style=\"text-align:justify\"><span style=\"font-size:11.0pt;\nfont-family:\"Calibri\",sans-serif\">Alentados por el ejemplo y el magisterio del Papa Francisco, impartimos la bendici\u00f3n de Dios sobre todas las personas que experimentan el drama del refugio y a quienes les ayudan.<o:p><\/o:p><\/span><\/p>\n<p class=\"MsoNormal\" style=\"text-align:justify\"><span style=\"font-size:11.0pt;\nfont-family:\"Calibri\",sans-serif\"><o:p>\u00a0<\/o:p><\/span><\/p>\n<p class=\"MsoNormal\" style=\"text-align:justify\"><span style=\"font-size:11.0pt;\nfont-family:\"Calibri\",sans-serif\">*Mensaje firmado por el Presidente de la Conferencia Episcopal Peruana y del CELAM, Mons. Miguel Cabrejos, y por el responsable de la Pastoral de Movilidad Humana, Mons. Daniel Turley.\u00a0<o:p><\/o:p><\/span><\/p>\n<p class=\"MsoNormal\" style=\"text-align:justify\"><span style=\"font-size:11.0pt;\nfont-family:\"Calibri\",sans-serif\"><o:p>\u00a0<\/o:p><\/span><\/p>\n<p><a href=\"http:\/\/web.hilo.org.pe\/wp-content\/uploads\/TextoFranciscoMigranteWEB.jpg\" target=\"_blank\" rel=\"noopener\">Ver archivo adjunto<\/a><\/p>\n","protected":false},"excerpt":{"rendered":"<p>En su reciente viaje a Bulgaria el Papa Francisco visit\u00f3 el campo de refugiados Vrazhdebna que acoge a refugiados de Siria e Irak, donde record\u00f3 que: \u00absu viaje no siempre es bello y luego est\u00e1 el dolor de dejar su patria y tratar de entrar en otra patria&#8230; siempre hay esperanza. Hoy, el mundo de los migrantes y refugiados es un poco como una cruz, una cruz de la humanidad, y la cruz es tanta gente que sufre&#8230;\u00bb. Uni\u00e9ndonos a esta preocupaci\u00f3n del Santo Padre, desde la Conferencia Episcopal Peruana, deseamos llamar la atenci\u00f3n y llevar a la reflexi\u00f3n a todo el pueblo peruano sobre este tema muy actual y cr\u00edtico: los refugiados.<\/p>\n","protected":false},"author":1,"featured_media":8137,"comment_status":"closed","ping_status":"closed","sticky":false,"template":"","format":"standard","meta":{"footnotes":""},"categories":[9],"tags":[],"class_list":["post-3277","post","type-post","status-publish","format-standard","has-post-thumbnail","hentry","category-noticias"],"_links":{"self":[{"href":"https:\/\/ceas.org.pe\/index.php\/wp-json\/wp\/v2\/posts\/3277","targetHints":{"allow":["GET"]}}],"collection":[{"href":"https:\/\/ceas.org.pe\/index.php\/wp-json\/wp\/v2\/posts"}],"about":[{"href":"https:\/\/ceas.org.pe\/index.php\/wp-json\/wp\/v2\/types\/post"}],"author":[{"embeddable":true,"href":"https:\/\/ceas.org.pe\/index.php\/wp-json\/wp\/v2\/users\/1"}],"replies":[{"embeddable":true,"href":"https:\/\/ceas.org.pe\/index.php\/wp-json\/wp\/v2\/comments?post=3277"}],"version-history":[{"count":1,"href":"https:\/\/ceas.org.pe\/index.php\/wp-json\/wp\/v2\/posts\/3277\/revisions"}],"predecessor-version":[{"id":5942,"href":"https:\/\/ceas.org.pe\/index.php\/wp-json\/wp\/v2\/posts\/3277\/revisions\/5942"}],"wp:featuredmedia":[{"embeddable":true,"href":"https:\/\/ceas.org.pe\/index.php\/wp-json\/wp\/v2\/media\/8137"}],"wp:attachment":[{"href":"https:\/\/ceas.org.pe\/index.php\/wp-json\/wp\/v2\/media?parent=3277"}],"wp:term":[{"taxonomy":"category","embeddable":true,"href":"https:\/\/ceas.org.pe\/index.php\/wp-json\/wp\/v2\/categories?post=3277"},{"taxonomy":"post_tag","embeddable":true,"href":"https:\/\/ceas.org.pe\/index.php\/wp-json\/wp\/v2\/tags?post=3277"}],"curies":[{"name":"wp","href":"https:\/\/api.w.org\/{rel}","templated":true}]}}