{"id":3273,"date":"2019-06-14T11:59:06","date_gmt":"2019-06-14T11:59:06","guid":{"rendered":""},"modified":"2026-03-11T09:11:54","modified_gmt":"2026-03-11T14:11:54","slug":"cambio-climatico-el-papa-el-tiempo-apremia-pasar-de-las-palabras-a-los-hechos","status":"publish","type":"post","link":"https:\/\/ceas.org.pe\/index.php\/2019\/06\/14\/cambio-climatico-el-papa-el-tiempo-apremia-pasar-de-las-palabras-a-los-hechos\/","title":{"rendered":"Cambio clim\u00e1tico. El Papa: el tiempo apremia, pasar de las palabras a los hechos"},"content":{"rendered":"<p class=\"MsoNormal\" style=\"margin-bottom:0cm;margin-bottom:.0001pt;text-align:\njustify;line-height:normal\">\u201cLas generaciones futuras est\u00e1n a punto de heredar un mundo en ruinas. Nuestros hijos y nietos no deber\u00edan tener que pagar el costo de la irresponsabilidad de nuestra generaci\u00f3n\u201d. Es un discurso claro e incisivo el que el Papa Francisco dirige a los participantes en el Encuentro sobre el tema \u201c<b>La transici\u00f3n energ\u00e9tica y la protecci\u00f3n de la casa com\u00fan<\/b>\u201d, organizado en el Vaticano por el\u00a0<b>Dicasterio para el Servicio del Desarrollo Humano Integral<\/b>. Dirigi\u00e9ndose, entre otros, a los\u00a0<b>jefes de las empresas petroleras del mundo<\/b>, el Pont\u00edfice expresa su satisfacci\u00f3n por esta segunda cita en Roma: un signo positivo del \u201ccompromiso constante de trabajar juntos en un esp\u00edritu de solidaridad con el fin de dar pasos concretos para la protecci\u00f3n de nuestro planeta\u201d.<i><o:p><\/o:p><\/i><\/p>\n<p class=\"MsoNormal\" style=\"margin-bottom:0cm;margin-bottom:.0001pt;text-align:\njustify;line-height:normal;mso-outline-level:2\"><b>\u00a0<\/b><\/p>\n<p class=\"MsoNormal\" style=\"margin-bottom:0cm;margin-bottom:.0001pt;text-align:\njustify;line-height:normal;mso-outline-level:2\"><b>La familia humana est\u00e1 en peligro<\/b><o:p><\/o:p><\/p>\n<p class=\"MsoNormal\" style=\"margin-bottom:0cm;margin-bottom:.0001pt;text-align:\njustify;line-height:normal\">\u201cLa crisis ecol\u00f3gica actual, especialmente el cambio clim\u00e1tico\u201d, reconoce el Santo Padre \u201camenaza el futuro de la familia humana y esto no es una exageraci\u00f3n\u201d. Durante demasiado tiempo, de hecho, los an\u00e1lisis cient\u00edficos han sido ignorados, mirando \u201ccon desprecio e iron\u00eda\u201d las relativas \u201cpredicciones catastr\u00f3ficas\u201d. El Papa tambi\u00e9n se refiere al Informe especial sobre el impacto del calentamiento global de 1.5\u00baC sobre los niveles preindustriales por parte del Grupo Intergubernamental sobre el Cambio Clim\u00e1tico, el cual \u201cadvierte claramente\u201d, dice, de las consecuencias del fracaso en la consecuci\u00f3n de los Acuerdos de Par\u00eds.<o:p><\/o:p><\/p>\n<p class=\"MsoNormal\" style=\"margin-bottom:0cm;margin-bottom:.0001pt;text-align:\njustify;line-height:normal\"><i>\u00a0<\/i><\/p>\n<p class=\"MsoNormal\" style=\"margin-bottom:0cm;margin-bottom:.0001pt;text-align:\njustify;line-height:normal\"><i>\u00abEl Informe tambi\u00e9n advierte de que falta solo poco m\u00e1s de una d\u00e9cada para alcanzar esta barrera del calentamiento global. Ante tal emergencia clim\u00e1tica, debemos tomar las medidas oportunas para no cometer una grave injusticia con los pobres y las generaciones futuras\u00bb.<\/i><o:p><\/o:p><\/p>\n<p class=\"MsoNormal\" style=\"margin-bottom:0cm;margin-bottom:.0001pt;text-align:\njustify;line-height:normal;mso-outline-level:2\"><b>\u00a0<\/b><\/p>\n<p class=\"MsoNormal\" style=\"margin-bottom:0cm;margin-bottom:.0001pt;text-align:\njustify;line-height:normal;mso-outline-level:2\"><b>Es suficiente ser irresponsables<\/b><o:p><\/o:p><\/p>\n<p class=\"MsoNormal\" style=\"margin-bottom:0cm;margin-bottom:.0001pt;text-align:\njustify;line-height:normal\">La irresponsabilidad de las generaciones pasadas y presentes no puede da\u00f1ar el futuro de la familia humana, especialmente de sus miembros m\u00e1s vulnerables. De hecho, son los pobres los que \u201csufren el peor impacto de la crisis clim\u00e1tica\u201d: son ellos \u201clos m\u00e1s vulnerables a los huracanes, las sequ\u00edas, las inundaciones y otros fen\u00f3menos meteorol\u00f3gicos extremos\u201d.<o:p><\/o:p><\/p>\n<p class=\"MsoNormal\" style=\"margin-bottom:0cm;margin-bottom:.0001pt;text-align:\njustify;line-height:normal\"><i>\u00a0<\/i><\/p>\n<p class=\"MsoNormal\" style=\"margin-bottom:0cm;margin-bottom:.0001pt;text-align:\njustify;line-height:normal\"><i>\u00abPor lo tanto, \u201chace falta valor para responder -a los gritos cada vez m\u00e1s angustiosos de la tierra y de sus pobres- (Discurso a los participantes en la Conferencia Internacional en el tercer aniversario de Laudato Si, 6 de julio de 2018). Al mismo tiempo, las generaciones futuras est\u00e1n a punto de heredar un mundo en ruinas. Nuestros hijos y nietos no deber\u00edan tener que pagar el costo de la irresponsabilidad de nuestra generaci\u00f3n. Me excuso pero quisiera subrayar esto: ellos, nuestros hijos, nuestros nietos no deber\u00edan pagar, no es justo que paguen el precio de nuestra irresponsabilidad. De hecho, como cada vez es m\u00e1s evidente, los j\u00f3venes nos reclaman un cambio (ver Laudato si, 13) \u00a1\u201dEl futuro es nuestro\u201d, gritan los j\u00f3venes hoy y tienen raz\u00f3n!\u201d\u00bb<\/i><o:p><\/o:p><\/p>\n<p class=\"MsoNormal\" style=\"margin-bottom:0cm;margin-bottom:.0001pt;text-align:\njustify;line-height:normal;mso-outline-level:2\"><b>\u00a0<\/b><\/p>\n<p class=\"MsoNormal\" style=\"margin-bottom:0cm;margin-bottom:.0001pt;text-align:\njustify;line-height:normal;mso-outline-level:2\"><b>Transici\u00f3n, precio y transparencia<\/b><o:p><\/o:p><\/p>\n<p class=\"MsoNormal\" style=\"margin-bottom:0cm;margin-bottom:.0001pt;text-align:\njustify;line-height:normal\">El Papa Francisco analiz\u00f3, asimismo, los puntos planteados durante el encuentro: \u201cuna transici\u00f3n correcta\u201d, \u201cel precio del carb\u00f3n\u201d y \u201cla transparencia en la notificaci\u00f3n de riesgos clim\u00e1ticos\u201d. Es necesario, en efecto, gestionar bien \u201cel impacto social y laboral del cambio a una sociedad de bajo consumo de carbono\u201d; y al mismo tiempo, adoptar una \u201cadecuada pol\u00edtica de los precios del carb\u00f3n, esencial si la humanidad quiere usar los recursos de la creaci\u00f3n de manera inteligente\u201d.<o:p><\/o:p><\/p>\n<p class=\"MsoNormal\" style=\"margin-bottom:0cm;margin-bottom:.0001pt;text-align:\njustify;line-height:normal\"><i>\u00a0<\/i><\/p>\n<p class=\"MsoNormal\" style=\"margin-bottom:0cm;margin-bottom:.0001pt;text-align:\njustify;line-height:normal\"><i>\u00abLa falta de gesti\u00f3n de las emisiones de carbono ha generado una enorme deuda que ahora tendr\u00e1n\u00a0que pagar con intereses los que vienen despu\u00e9s de nosotros. Nuestra utilizaci\u00f3n de los recursos ambientales comunes puede considerarse \u00e9tica solo cuando los costes econ\u00f3micos y sociales que se derivan del uso de los recursos ambientales comunes se reconozcan de manera transparente y sean sufragados totalmente por aquellos que se benefician, y no por otros o por las futuras generaciones\u00bb.\u00a0<\/i><o:p><\/o:p><\/p>\n<p class=\"MsoNormal\" style=\"margin-bottom:0cm;margin-bottom:.0001pt;text-align:\njustify;line-height:normal\"><o:p>\u00a0<\/o:p><\/p>\n<p class=\"MsoNormal\" style=\"margin-bottom:0cm;margin-bottom:.0001pt;text-align:\njustify;line-height:normal\">Por \u00faltimo el Papa abord\u00f3 el tema de \u201cla transparencia en la notificaci\u00f3n de los riesgos clim\u00e1ticos\u201d: \u201cUna comunicaci\u00f3n abierta, transparente, fundamentada cient\u00edficamente y regulada\u201d, insisti\u00f3, \u201credunda en inter\u00e9s de todos, haciendo posible mover el capital financiero a aquellas \u00e1reas que ofrecen las m\u00e1s amplias posibilidades a la inteligencia humana para crear e innovar, a la vez que protege el ambiente y crea m\u00e1s fuentes de trabajo\u00bb.\u00a0<o:p><\/o:p><\/p>\n<p class=\"MsoNormal\" style=\"margin-bottom:0cm;margin-bottom:.0001pt;text-align:\njustify;line-height:normal;mso-outline-level:2\"><b>\u00a0<\/b><\/p>\n<p class=\"MsoNormal\" style=\"margin-bottom:0cm;margin-bottom:.0001pt;text-align:\njustify;line-height:normal;mso-outline-level:2\"><b>\u00a1El tiempo apremia!<\/b><o:p><\/o:p><\/p>\n<p class=\"MsoNormal\" style=\"margin-bottom:0cm;margin-bottom:.0001pt;text-align:\njustify;line-height:normal\">El Santo Padre record\u00f3 entonces que \u201cla civilizaci\u00f3n requiere energ\u00eda, \u00a1pero el uso de la energ\u00eda no debe destruir la civilizaci\u00f3n! y que hoy \u201cse necesita una transici\u00f3n energ\u00e9tica radical para salvar nuestra casa com\u00fan\u201d.<o:p><\/o:p><\/p>\n<p class=\"MsoNormal\" style=\"margin-bottom:0cm;margin-bottom:.0001pt;text-align:\njustify;line-height:normal\"><o:p>\u00a0<\/o:p><\/p>\n<p class=\"MsoNormal\" style=\"margin-bottom:0cm;margin-bottom:.0001pt;text-align:\njustify;line-height:normal\"><i>\u00abQueridos amigos, \u00a1el tiempo apremia! Las reflexiones deben ir m\u00e1s all\u00e1 de la mera exploraci\u00f3n de lo que se\u00a0puede\u00a0hacer y enfocarse en lo que se\u00a0necesita hacer, de hoy en adelante. No podemos permitirnos el lujo de esperar a que otros se adelanten, o dar prioridad a los beneficios econ\u00f3micos a corto plazo. La crisis clim\u00e1tica requiere de nosotros una acci\u00f3n espec\u00edfica ahora mismo (ver ibid., 161) y la Iglesia est\u00e1 totalmente comprometida a hacer su parte\u00bb.<\/i><o:p><\/o:p><\/p>\n<p class=\"MsoNormal\" style=\"margin-bottom:0cm;margin-bottom:.0001pt;text-align:\njustify;line-height:normal\"><o:p>\u00a0<\/o:p><\/p>\n<p><i style=\"text-align: justify;\">Tomado de: VATICAN NEWS. Por Barbara Castelli. Ciudad del Vaticano. 14 de junio de 2019.<\/i>\u00a0<\/p>\n<p><a href=\"http:\/\/web.hilo.org.pe\/wp-content\/uploads\/Cambio Climatico WEB.jpg\" target=\"_blank\" rel=\"noopener\">Ver archivo adjunto<\/a><\/p>\n","protected":false},"excerpt":{"rendered":"<p>En la Casina Pio IV el Romano Pont\u00edfice encuentra a los participantes en el Encuentro promovido por el Dicasterio para el Servicio del Desarrollo Humano Integral con los jefes de las compa\u00f1\u00edas petrol\u00edferas mundiales. En el discurso, incisivo y apremiante, el Papa afirma: La crisis ecol\u00f3gica actual, especialmente el cambio clim\u00e1tico, amenaza el futuro de la familia humana y esto no es una exageraci\u00f3n.<\/p>\n","protected":false},"author":1,"featured_media":7874,"comment_status":"closed","ping_status":"closed","sticky":false,"template":"","format":"standard","meta":{"footnotes":""},"categories":[9],"tags":[],"class_list":["post-3273","post","type-post","status-publish","format-standard","has-post-thumbnail","hentry","category-noticias"],"_links":{"self":[{"href":"https:\/\/ceas.org.pe\/index.php\/wp-json\/wp\/v2\/posts\/3273","targetHints":{"allow":["GET"]}}],"collection":[{"href":"https:\/\/ceas.org.pe\/index.php\/wp-json\/wp\/v2\/posts"}],"about":[{"href":"https:\/\/ceas.org.pe\/index.php\/wp-json\/wp\/v2\/types\/post"}],"author":[{"embeddable":true,"href":"https:\/\/ceas.org.pe\/index.php\/wp-json\/wp\/v2\/users\/1"}],"replies":[{"embeddable":true,"href":"https:\/\/ceas.org.pe\/index.php\/wp-json\/wp\/v2\/comments?post=3273"}],"version-history":[{"count":1,"href":"https:\/\/ceas.org.pe\/index.php\/wp-json\/wp\/v2\/posts\/3273\/revisions"}],"predecessor-version":[{"id":5945,"href":"https:\/\/ceas.org.pe\/index.php\/wp-json\/wp\/v2\/posts\/3273\/revisions\/5945"}],"wp:featuredmedia":[{"embeddable":true,"href":"https:\/\/ceas.org.pe\/index.php\/wp-json\/wp\/v2\/media\/7874"}],"wp:attachment":[{"href":"https:\/\/ceas.org.pe\/index.php\/wp-json\/wp\/v2\/media?parent=3273"}],"wp:term":[{"taxonomy":"category","embeddable":true,"href":"https:\/\/ceas.org.pe\/index.php\/wp-json\/wp\/v2\/categories?post=3273"},{"taxonomy":"post_tag","embeddable":true,"href":"https:\/\/ceas.org.pe\/index.php\/wp-json\/wp\/v2\/tags?post=3273"}],"curies":[{"name":"wp","href":"https:\/\/api.w.org\/{rel}","templated":true}]}}