{"id":3272,"date":"2019-06-13T12:17:58","date_gmt":"2019-06-13T12:17:58","guid":{"rendered":""},"modified":"2026-03-11T09:11:54","modified_gmt":"2026-03-11T14:11:54","slug":"jornada-de-los-pobres-papa-no-son-numeros-sino-personas-que-necesitan-ayuda","status":"publish","type":"post","link":"https:\/\/ceas.org.pe\/index.php\/2019\/06\/13\/jornada-de-los-pobres-papa-no-son-numeros-sino-personas-que-necesitan-ayuda\/","title":{"rendered":"Jornada de los pobres. Papa: no son n\u00fameros sino personas que necesitan ayuda"},"content":{"rendered":"<p style=\"margin: 0cm 0cm 0.0001pt; text-align: justify; background-image: initial; background-position: initial; background-size: initial; background-repeat: initial; background-attachment: initial; background-origin: initial; background-clip: initial;\"><span style=\"font-size: 11pt; font-family: Calibri, sans-serif;\">\u201cLa esperanza de los pobres nunca se frustrar\u00e1\u201d (<i style=\"box-sizing: border-box;-webkit-tap-highlight-color: rgba(0, 0, 0, 0)\">Sal\u00a0<\/i>9,19). Las palabras del Salmo son el t\u00edtulo del Mensaje del Papa en esta Tercera Jornada Mundial de los pobres que el Pont\u00edfice ha instituido al concluir el Jubileo de la Misericordia que es el 17 de noviembre. Los protagonistas son hombres, mujeres, j\u00f3venes, ni\u00f1os: v\u00edctimas de la nueva esclavitud que los convierte en inmigrantes, hu\u00e9rfanos, personas sin hogar, marginados. Los pobres son el fruto cada vez m\u00e1s numeroso de una sociedad con fuertes desequilibrios sociales que construye muros y barras en las entradas y que le gustar\u00eda deshacerse de ellos; pero tambi\u00e9n son aquellos que \u201cconf\u00edan en el Se\u00f1or\u201d y la Iglesia, como todo cristiano, est\u00e1 llamada a un compromiso particular hacia ellos.<o:p><\/o:p><\/span><\/p>\n<h2 style=\"margin-top: 0cm; line-height: normal; background-image: initial; background-position: initial; background-size: initial; background-repeat: initial; background-attachment: initial; background-origin: initial; background-clip: initial; box-sizing: border-box; -webkit-tap-highlight-color: rgba(0, 0, 0, 0);\"><span style=\"font-size: 11pt; font-family: Calibri, sans-serif;\">\u00a0<\/span><\/h2>\n<h2 style=\"margin-top: 0cm; text-align: justify; line-height: normal; background-image: initial; background-position: initial; background-size: initial; background-repeat: initial; background-attachment: initial; background-origin: initial; background-clip: initial;\"><b><span style=\"font-size: 11pt; font-family: Calibri, sans-serif;\">Desarrollo, desigualdad y nueva esclavitud<o:p><\/o:p><\/span><\/b><\/h2>\n<p style=\"margin: 0cm 0cm 0.0001pt; background-image: initial; background-position: initial; background-size: initial; background-repeat: initial; background-attachment: initial; background-origin: initial; background-clip: initial; box-sizing: border-box; -webkit-tap-highlight-color: rgba(0, 0, 0, 0);\"><span style=\"font-size: 11pt; font-family: Calibri, sans-serif;\">El tema del Mensaje es, por lo tanto, el Salmo cuyas palabras, explica el Papa, manifiestan ante todo una \u201cactualidad incre\u00edble\u201d. Hoy, como en el momento de la composici\u00f3n del Salmo, un \u201cgran desarrollo econ\u00f3mico\u201d ha generado una desigualdad como para enriquecer a grupos de personas a costa de una masa cada vez m\u00e1s pobre: personas indigentes que \u201ccarecen de lo necesario\u201d y \u201cprivilegiadas\u201d que \u201csin ning\u00fan sentido de Dios\u201d dan la caza a los pobres para \u201ctomar incluso lo poco que tienen\u201d y esclavizarlos. Aqu\u00ed est\u00e1n los \u201cnuevos esclavos\u201d que Francesco designa: familias obligadas a emigrar a vivir, hu\u00e9rfanos explotados, j\u00f3venes desempleados por \u201cpol\u00edticas miopes\u201d, inmigrantes \u201cv\u00edctimas de intereses\u201d y explotaci\u00f3n, prostitutas, drogadictos, muchos \u201csin hogar y marginados\u201d que caminan sin rumbo en nuestras ciudades:<o:p><\/o:p><\/span><\/p>\n<p style=\"margin: 0cm 0cm 0.0001pt; text-align: justify; background-image: initial; background-position: initial; background-size: initial; background-repeat: initial; background-attachment: initial; background-origin: initial; background-clip: initial;\"><span style=\"font-size: 11pt; font-family: Calibri, sans-serif;\">\u00a0<\/span><\/p>\n<p style=\"margin: 0cm 0cm 0.0001pt; background-image: initial; background-position: initial; background-size: initial; background-repeat: initial; background-attachment: initial; background-origin: initial; background-clip: initial; box-sizing: border-box; -webkit-tap-highlight-color: rgba(0, 0, 0, 0);\"><span style=\"font-size: 11pt; font-family: Calibri, sans-serif;\">\u201c\u00a1Cu\u00e1ntas veces vemos a los pobres en los basureros recogiendo el fruto del descarte y de lo superfluo, para encontrar algo para alimentarse o vestirse! Al convertirse en parte de un vertedero humano, son tratados como basura, sin que ning\u00fan sentimiento de culpa invierta en aquellos que son c\u00f3mplices de este esc\u00e1ndalo. Considerados a menudo par\u00e1sitos de la sociedad, a los pobres no se le perdona ni siquiera su pobreza. El juicio est\u00e1 siempre en alerta. No pueden darse el lujo de ser t\u00edmidos o desanimados, son percibidos como amenazantes o incapaces, simplemente porque son pobres\u201d.<o:p><\/o:p><\/span><\/p>\n<h2 style=\"margin-top: 0cm; line-height: normal; background-image: initial; background-position: initial; background-size: initial; background-repeat: initial; background-attachment: initial; background-origin: initial; background-clip: initial; box-sizing: border-box; -webkit-tap-highlight-color: rgba(0, 0, 0, 0);\"><span style=\"font-size: 11pt; font-family: Calibri, sans-serif;\">\u00a0<\/span><\/h2>\n<h2 style=\"margin-top: 0cm; text-align: justify; line-height: normal; background-image: initial; background-position: initial; background-size: initial; background-repeat: initial; background-attachment: initial; background-origin: initial; background-clip: initial;\"><b><span style=\"font-size: 11pt; font-family: Calibri, sans-serif;\">Pobre sin esperanza en la sociedad<o:p><\/o:p><\/span><\/b><\/h2>\n<p style=\"margin: 0cm 0cm 0.0001pt; background-image: initial; background-position: initial; background-size: initial; background-repeat: initial; background-attachment: initial; background-origin: initial; background-clip: initial; box-sizing: border-box; -webkit-tap-highlight-color: rgba(0, 0, 0, 0);\"><span style=\"font-size: 11pt; font-family: Calibri, sans-serif;\">Y \u201cel drama en el drama\u201d agrega el Papa, a los pobres de hoy se les ha quitado la esperanza de \u201cver el final del t\u00fanel de la miseria\u201d, tan es as\u00ed que se ha llegado a \u201cteorizar y realizar una arquitectura hostil para deshacerse de su presencia tambi\u00e9n en las calles, \u00faltimos lugares de acogida\u201d. Los pobres \u201ctratados con ret\u00f3rica\u201d, \u201csoportados con molestia\u201d, \u201ccazados\u201d como en una \u201cexpedici\u00f3n de caza\u201d, no quieren al final nada m\u00e1s que volverse \u201cinvisibles\u201d, \u201ctransparentes\u201d:<o:p><\/o:p><\/span><\/p>\n<p style=\"margin: 0cm 0cm 0.0001pt; background-image: initial; background-position: initial; background-size: initial; background-repeat: initial; background-attachment: initial; background-origin: initial; background-clip: initial; box-sizing: border-box; -webkit-tap-highlight-color: rgba(0, 0, 0, 0);\"><span style=\"font-size: 11pt; font-family: Calibri, sans-serif;\">\u00a0<\/span><\/p>\n<p style=\"margin: 0cm 0cm 0.0001pt; text-align: justify; background-image: initial; background-position: initial; background-size: initial; background-repeat: initial; background-attachment: initial; background-origin: initial; background-clip: initial;\"><span style=\"font-size: 11pt; font-family: Calibri, sans-serif;\">\u201cDeambulan de una parte a la otra de la ciudad, con la esperanza de conseguir un trabajo, una casa, un afecto&#8230; Toda eventual posibilidad ofrecida se convierte en un destello de luz; sin embargo, incluso cuando al menos la justicia deber\u00eda vislumbrar, a menudo se enfurece contra ellos con la violencia del abuso. Se ven obligados a pasar interminables horas bajo el sol abrasador para cosechar los frutos de la temporada, pero son recompensados con una paga miserable; no tienen seguridad laboral ni condiciones humanas que les permitan sentirse iguales a los dem\u00e1s. Para ellos no hay pagos redundantes, indemnizaciones, ni siquiera la posibilidad de enfermarse\u201d.<o:p><\/o:p><\/span><\/p>\n<h2 style=\"margin-top: 0cm; line-height: normal; background-image: initial; background-position: initial; background-size: initial; background-repeat: initial; background-attachment: initial; background-origin: initial; background-clip: initial; box-sizing: border-box; -webkit-tap-highlight-color: rgba(0, 0, 0, 0);\"><span style=\"font-size: 11pt; font-family: Calibri, sans-serif;\">\u00a0<\/span><\/h2>\n<h2 style=\"margin-top: 0cm; text-align: justify; line-height: normal; background-image: initial; background-position: initial; background-size: initial; background-repeat: initial; background-attachment: initial; background-origin: initial; background-clip: initial;\"><b><span style=\"font-size: 11pt; font-family: Calibri, sans-serif;\">Los pobres conf\u00edan en el Se\u00f1or: su clamor abraza la tierra<o:p><\/o:p><\/span><\/b><\/h2>\n<p style=\"margin: 0cm 0cm 0.0001pt; background-image: initial; background-position: initial; background-size: initial; background-repeat: initial; background-attachment: initial; background-origin: initial; background-clip: initial; box-sizing: border-box; -webkit-tap-highlight-color: rgba(0, 0, 0, 0);\"><span style=\"font-size: 11pt; font-family: Calibri, sans-serif;\">La descripci\u00f3n que hace el salmo est\u00e1 coloreada de \u201ctristeza por la injusticia, el sufrimiento y la amargura que afecta a los pobres\u201d. Pero a pesar de esto, se\u00f1ala el Papa, el Salmo \u201cofrece una hermosa definici\u00f3n de los pobres\u201d. \u00c9l es el que \u201cconf\u00eda en el hermoso Se\u00f1or\u201d (ver v.11) y en esta confianza \u2014se\u00f1ala\u2014 existe la \u201ccerteza de que nunca ser\u00e1 abandonado\u201d, por lo tanto, siempre vive en la presencia de ese Dios que lo recuerda. Y Dios, el Papa subraya nuevamente retomando las palabras del Salmo, es quien hace justicia y no olvida\u201d:<o:p><\/o:p><\/span><\/p>\n<p style=\"margin: 0cm 0cm 0.0001pt; text-align: justify; background-image: initial; background-position: initial; background-size: initial; background-repeat: initial; background-attachment: initial; background-origin: initial; background-clip: initial;\"><span style=\"font-size: 11pt; font-family: Calibri, sans-serif;\">\u00a0<\/span><\/p>\n<p style=\"margin: 0cm 0cm 0.0001pt; background-image: initial; background-position: initial; background-size: initial; background-repeat: initial; background-attachment: initial; background-origin: initial; background-clip: initial; box-sizing: border-box; -webkit-tap-highlight-color: rgba(0, 0, 0, 0);\"><span style=\"font-size: 11pt; font-family: Calibri, sans-serif;\">Se pueden construir muchos muros y se pueden bloquear las entradas para ilusionarse con sentirse seguros con las riquezas propias en detrimento de quienes dejan afuera. No ser\u00e1 as\u00ed para siempre. El \u201cd\u00eda del Se\u00f1or\u201d, como lo describen los profetas (ver Am 5.18; Is 2-5; Gl 1-3), destruir\u00e1 las barreras creadas entre los pa\u00edses y reemplazar\u00e1 la arrogancia de unos pocos con la solidaridad de muchos. La condici\u00f3n de marginaci\u00f3n en la que se acosa a millones de personas no durar\u00e1 mucho. Su grito aumenta y abraza a toda la tierra.<o:p><\/o:p><\/span><\/p>\n<h2 style=\"margin-top: 0cm; line-height: normal; background-image: initial; background-position: initial; background-size: initial; background-repeat: initial; background-attachment: initial; background-origin: initial; background-clip: initial; box-sizing: border-box; -webkit-tap-highlight-color: rgba(0, 0, 0, 0);\"><span style=\"font-size: 11pt; font-family: Calibri, sans-serif;\">\u00a0<\/span><\/h2>\n<h2 style=\"margin-top: 0cm; text-align: justify; line-height: normal; background-image: initial; background-position: initial; background-size: initial; background-repeat: initial; background-attachment: initial; background-origin: initial; background-clip: initial;\"><b><span style=\"font-size: 11pt; font-family: Calibri, sans-serif;\">Revivir la esperanza y restaurar la confianza<o:p><\/o:p><\/span><\/b><\/h2>\n<p style=\"margin: 0cm 0cm 0.0001pt; background-image: initial; background-position: initial; background-size: initial; background-repeat: initial; background-attachment: initial; background-origin: initial; background-clip: initial; box-sizing: border-box; -webkit-tap-highlight-color: rgba(0, 0, 0, 0);\"><span style=\"font-size: 11pt; font-family: Calibri, sans-serif;\">Qu\u00e9 apremiante es el llamado que las Sagradas Escrituras conf\u00edan a los pobres, oprimidos y postrados, pero siempre amados: \u201cJes\u00fas nunca tuvo el temor de identificarse con cada uno de ellos\u201d, a ellos en las Bienaventuranzas les dio el Reino de Dios a ellos y a ellos, Jes\u00fas \u201csiempre ha demostrado ser un padre generoso e inagotable en su bondad\u201d. Aqu\u00ed, escribe el Papa, lo que Jes\u00fas comenz\u00f3, colocando a los pobres en el centro, nos debe servir como ense\u00f1anza:<o:p><\/o:p><\/span><\/p>\n<p style=\"margin: 0cm 0cm 0.0001pt; background-image: initial; background-position: initial; background-size: initial; background-repeat: initial; background-attachment: initial; background-origin: initial; background-clip: initial; box-sizing: border-box; -webkit-tap-highlight-color: rgba(0, 0, 0, 0);\"><span style=\"font-size: 11pt; font-family: Calibri, sans-serif;\">\u00a0<\/span><\/p>\n<p style=\"margin: 0cm 0cm 0.0001pt; text-align: justify; background-image: initial; background-position: initial; background-size: initial; background-repeat: initial; background-attachment: initial; background-origin: initial; background-clip: initial;\"><span style=\"font-size: 11pt; font-family: Calibri, sans-serif;\">\u201c\u00c9l inaugur\u00f3, pero nos encomend\u00f3 a nosotros, sus disc\u00edpulos, la tarea de llevarlo adelante, con la responsabilidad de dar esperanza a los pobres\u201d. Es necesario, especialmente en un per\u00edodo como el nuestro, revivir la esperanza y restaurar la confianza. Es un programa que la comunidad cristiana no puede subestimar. La credibilidad de nuestra proclamaci\u00f3n y el testimonio de los cristianos depende de ello.<o:p><\/o:p><\/span><\/p>\n<h2 style=\"margin-top: 0cm; line-height: normal; background-image: initial; background-position: initial; background-size: initial; background-repeat: initial; background-attachment: initial; background-origin: initial; background-clip: initial; box-sizing: border-box; -webkit-tap-highlight-color: rgba(0, 0, 0, 0);\"><span style=\"font-size: 11pt; font-family: Calibri, sans-serif;\"><br \/>\n<b>Tocar la carne de Cristo, comprometerse en el servicio<o:p><\/o:p><\/b><\/span><\/h2>\n<p style=\"margin: 0cm 0cm 0.0001pt; background-image: initial; background-position: initial; background-size: initial; background-repeat: initial; background-attachment: initial; background-origin: initial; background-clip: initial; box-sizing: border-box; -webkit-tap-highlight-color: rgba(0, 0, 0, 0);\"><span style=\"font-size: 11pt; font-family: Calibri, sans-serif;\">La Iglesia es \u201cpueblo\u201d, aclara una vez m\u00e1s Francisco, con la vocaci\u00f3n de \u201cno hacer sentir a nadie extranjero o excluido\u201d porque todos est\u00e1n involucrados en el mismo \u201ccamino de salvaci\u00f3n\u201d:<o:p><\/o:p><\/span><\/p>\n<p style=\"margin: 0cm 0cm 0.0001pt; background-image: initial; background-position: initial; background-size: initial; background-repeat: initial; background-attachment: initial; background-origin: initial; background-clip: initial; box-sizing: border-box; -webkit-tap-highlight-color: rgba(0, 0, 0, 0);\"><span style=\"font-size: 11pt; font-family: Calibri, sans-serif;\">\u00a0<\/span><\/p>\n<p style=\"margin: 0cm 0cm 0.0001pt; text-align: justify; background-image: initial; background-position: initial; background-size: initial; background-repeat: initial; background-attachment: initial; background-origin: initial; background-clip: initial;\"><span style=\"font-size: 11pt; font-family: Calibri, sans-serif;\">\u201cM\u00e1s bien, estamos llamados a tocar la carne para comprometidos en un servicio que es la aut\u00e9ntica evangelizaci\u00f3n\u201d. La promoci\u00f3n social de los pobres no es un compromiso externo en el anuncio del Evangelio, por el contrario, muestra el realismo de la fe cristiana y su validez hist\u00f3rica. El amor que da vida a la fe en Jes\u00fas no permite a sus disc\u00edpulos encerrarse en s\u00ed mismos, en un individualismo asfixiante, oculto en segmentos de intimidad espiritual, sin ninguna influencia en la vida social.<o:p><\/o:p><\/span><\/p>\n<h2 style=\"margin-top: 0cm; line-height: normal; background-image: initial; background-position: initial; background-size: initial; background-repeat: initial; background-attachment: initial; background-origin: initial; background-clip: initial; box-sizing: border-box; -webkit-tap-highlight-color: rgba(0, 0, 0, 0);\"><span style=\"font-size: 11pt; font-family: Calibri, sans-serif;\">\u00a0<\/span><\/h2>\n<h2 style=\"margin-top: 0cm; text-align: justify; line-height: normal; background-image: initial; background-position: initial; background-size: initial; background-repeat: initial; background-attachment: initial; background-origin: initial; background-clip: initial;\"><b><span style=\"font-size: 11pt; font-family: Calibri, sans-serif;\">Como Jean Vanier, testigos de la esperanza cristiana<o:p><\/o:p><\/span><\/b><\/h2>\n<p style=\"margin: 0cm 0cm 0.0001pt; background-image: initial; background-position: initial; background-size: initial; background-repeat: initial; background-attachment: initial; background-origin: initial; background-clip: initial; box-sizing: border-box; -webkit-tap-highlight-color: rgba(0, 0, 0, 0);\"><span style=\"font-size: 11pt; font-family: Calibri, sans-serif;\">Un ejemplo de \u201cel gran ap\u00f3stol de los pobres\u201d, capaz de escuchar \u201csu clamor\u201d y de producir esperanza en ellos, fue Jean Vanier, a quien el Papa menciona en su Mensaje defini\u00e9ndolo el \u201csanto de al lado\u201d. Fallecido el pasado mayo a la edad de 90 a\u00f1os, Vanier fund\u00f3 L Arche, una comunidad de acogida para personas con discapacidades, activa en todo el mundo con cerca de 150 centros: con su compromiso diario, el Papa escribe, \u201ccre\u00f3 signos tangibles del amor concreto, y as\u00ed ha producido una esperanza inquebrantable\u201d. Aqu\u00ed est\u00e1 entonces, el compromiso que Francisco le pide a los cristianos para que no se traicione su credibilidad. La \u201copci\u00f3n para los \u00faltimos\u201d debe ser una \u201celecci\u00f3n prioritaria\u201d y no debe consistir \u00fanicamente en \u201ciniciativas de asistencia\u201d. Necesitamos un \u201ccambio de mentalidad\u201d y un \u201ccompromiso continuo a lo largo del tiempo\u201d:<o:p><\/o:p><\/span><\/p>\n<p style=\"margin: 0cm 0cm 0.0001pt; text-align: justify; background-image: initial; background-position: initial; background-size: initial; background-repeat: initial; background-attachment: initial; background-origin: initial; background-clip: initial;\"><span style=\"font-size: 11pt; font-family: Calibri, sans-serif;\">\u00a0<\/span><\/p>\n<p style=\"margin: 0cm 0cm 0.0001pt; background-image: initial; background-position: initial; background-size: initial; background-repeat: initial; background-attachment: initial; background-origin: initial; background-clip: initial; box-sizing: border-box; -webkit-tap-highlight-color: rgba(0, 0, 0, 0);\"><span style=\"font-size: 11pt; font-family: Calibri, sans-serif;\">No es f\u00e1cil ser testigos de la esperanza cristiana en el contexto de la cultura del consumo y del descarte, siempre orientada a aumentar el bienestar superficial y ef\u00edmero. Es necesario un cambio de mentalidad para redescubrir lo esencial y dar cuerpo e incisi\u00f3n al anuncio del reino de Dios. La esperanza tambi\u00e9n se comunica a trav\u00e9s del consuelo, que se realiza acompa\u00f1ando a los pobres no por unos momentos llenos de entusiasmo, sino con un compromiso que contin\u00faa en el tiempo. Los pobres adquieren verdadera esperanza no cuando nos ven gratificados por haberles dado algo de nuestro tiempo, sino cuando reconocen en nuestro sacrificio un acto de amor gratuito que no busca recompensa.<o:p><\/o:p><\/span><\/p>\n<h2 style=\"margin-top: 0cm; line-height: normal; background-image: initial; background-position: initial; background-size: initial; background-repeat: initial; background-attachment: initial; background-origin: initial; background-clip: initial; box-sizing: border-box; -webkit-tap-highlight-color: rgba(0, 0, 0, 0);\"><span style=\"font-size: 11pt; font-family: Calibri, sans-serif;\">\u00a0<\/span><\/h2>\n<h2 style=\"margin-top: 0cm; text-align: justify; line-height: normal; background-image: initial; background-position: initial; background-size: initial; background-repeat: initial; background-attachment: initial; background-origin: initial; background-clip: initial;\"><b><span style=\"font-size: 11pt; font-family: Calibri, sans-serif;\">Llamamiento a los voluntarios: m\u00e1s dedicaci\u00f3n y di\u00e1logo fraterno<o:p><\/o:p><\/span><\/b><\/h2>\n<p style=\"margin: 0cm 0cm 0.0001pt; background-image: initial; background-position: initial; background-size: initial; background-repeat: initial; background-attachment: initial; background-origin: initial; background-clip: initial; box-sizing: border-box; -webkit-tap-highlight-color: rgba(0, 0, 0, 0);\"><span style=\"font-size: 11pt; font-family: Calibri, sans-serif;\">Con un llamamiento espec\u00edfico, el Papa se dirige a los voluntarios que \u201cpercibieron por primera vez la importancia de prestar atenci\u00f3n a los pobres\u201d y les pide que se unan en la dedicaci\u00f3n, \u201cpara buscar lo que realmente necesita cada persona pobre\u201d, \u201cbondad de su coraz\u00f3n\u201d m\u00e1s all\u00e1 de las culturas, de \u201cformas de expresarse\u201d. Esto requiere dejar de lado \u201clas divisiones que provienen de visiones ideol\u00f3gicas o pol\u00edticas\u201d:<o:p><\/o:p><\/span><\/p>\n<p style=\"margin: 0cm 0cm 0.0001pt; background-image: initial; background-position: initial; background-size: initial; background-repeat: initial; background-attachment: initial; background-origin: initial; background-clip: initial; box-sizing: border-box; -webkit-tap-highlight-color: rgba(0, 0, 0, 0);\"><span style=\"font-size: 11pt; font-family: Calibri, sans-serif;\">\u00a0<\/span><\/p>\n<p style=\"margin: 0cm 0cm 0.0001pt; text-align: justify; background-image: initial; background-position: initial; background-size: initial; background-repeat: initial; background-attachment: initial; background-origin: initial; background-clip: initial;\"><span style=\"font-size: 11pt; font-family: Calibri, sans-serif;\">\u201cEn primer lugar, los pobres necesitan a Dios, su amor hecho visible por las personas santas que viven a su lado, que en la sencillez de sus vidas expresan y resaltan la fuerza del amor cristiano\u201d. Dios usa tantos caminos e infinitas herramientas para alcanzar los corazones de las personas. Por supuesto, los pobres tambi\u00e9n se acercan a nosotros porque les estamos distribuyendo alimentos, pero lo que realmente necesitan va m\u00e1s all\u00e1 del plato caliente o el s\u00e1ndwich que ofrecemos. Los pobres necesitan de nuestras manos para levantarse, nuestros corazones para sentir nuevamente el calor del afecto, de nuestra presencia para superar la soledad. Simplemente necesitan amor.<o:p><\/o:p><\/span><\/p>\n<p style=\"margin: 0cm 0cm 0.0001pt; text-align: justify; background-image: initial; background-position: initial; background-size: initial; background-repeat: initial; background-attachment: initial; background-origin: initial; background-clip: initial;\"><span style=\"font-size: 11pt; font-family: Calibri, sans-serif;\">\u00a0<\/span><\/p>\n<h2 style=\"margin-top: 0cm; line-height: normal; background-image: initial; background-position: initial; background-size: initial; background-repeat: initial; background-attachment: initial; background-origin: initial; background-clip: initial; box-sizing: border-box; -webkit-tap-highlight-color: rgba(0, 0, 0, 0);\"><b style=\"mso-bidi-font-weight:\nnormal;box-sizing: border-box;-webkit-tap-highlight-color: rgba(0, 0, 0, 0)\"><span style=\"font-size: 11pt; font-family: Calibri, sans-serif;\">Los pobres no son n\u00fameros sino personas a las que hay que ayudar<o:p><\/o:p><\/span><\/b><\/h2>\n<p style=\"margin: 0cm 0cm 0.0001pt; background-image: initial; background-position: initial; background-size: initial; background-repeat: initial; background-attachment: initial; background-origin: initial; background-clip: initial; box-sizing: border-box; -webkit-tap-highlight-color: rgba(0, 0, 0, 0);\"><span style=\"font-size: 11pt; font-family: Calibri, sans-serif;\">En este sentido, el Papa enfatiza lo poco que se necesita para \u201crestaurar la esperanza\u201d y qu\u00e9 \u201cfuerza salvadora\u201d hay en los pobres, una fuerza visible y experimentable con la fe y no con los \u201cojos humanos\u201d:<o:p><\/o:p><\/span><\/p>\n<p style=\"margin: 0cm 0cm 0.0001pt; background-image: initial; background-position: initial; background-size: initial; background-repeat: initial; background-attachment: initial; background-origin: initial; background-clip: initial; box-sizing: border-box; -webkit-tap-highlight-color: rgba(0, 0, 0, 0);\"><span style=\"font-size: 11pt; font-family: Calibri, sans-serif;\">\u00a0<\/span><\/p>\n<p style=\"margin: 0cm 0cm 0.0001pt; text-align: justify; background-image: initial; background-position: initial; background-size: initial; background-repeat: initial; background-attachment: initial; background-origin: initial; background-clip: initial;\"><span style=\"font-size: 11pt; font-family: Calibri, sans-serif;\">A veces se necesita poco para restaurar la esperanza: basta detenerse, sonre\u00edr, escuchar. \u00a0Por un d\u00eda, dejamos de lado las estad\u00edsticas; Los pobres no son n\u00fameros a los que apelar para presumir de obras y proyectos. Los pobres son personas a las que hay que ayudar: son j\u00f3venes y viejos solos, que se les invita a compartir una comida; Hombres, mujeres y ni\u00f1os esperando una palabra amistosa. Los pobres nos salvan porque nos permiten encontrarnos con el rostro de Jesucristo.<o:p><\/o:p><\/span><\/p>\n<p style=\"margin: 0cm 0cm 0.0001pt; text-align: justify; background-image: initial; background-position: initial; background-size: initial; background-repeat: initial; background-attachment: initial; background-origin: initial; background-clip: initial;\"><span style=\"font-size: 11pt; font-family: Calibri, sans-serif;\">\u00a0<\/span><\/p>\n<h2 style=\"margin-top: 0cm; line-height: normal; background-image: initial; background-position: initial; background-size: initial; background-repeat: initial; background-attachment: initial; background-origin: initial; background-clip: initial; box-sizing: border-box; -webkit-tap-highlight-color: rgba(0, 0, 0, 0);\"><b style=\"mso-bidi-font-weight:\nnormal;box-sizing: border-box;-webkit-tap-highlight-color: rgba(0, 0, 0, 0)\"><span style=\"font-size: 11pt; font-family: Calibri, sans-serif;\">Sembrando signos tangibles de esperanza<o:p><\/o:p><\/span><\/b><\/h2>\n<p style=\"margin: 0cm 0cm 0.0001pt; background-image: initial; background-position: initial; background-size: initial; background-repeat: initial; background-attachment: initial; background-origin: initial; background-clip: initial; box-sizing: border-box; -webkit-tap-highlight-color: rgba(0, 0, 0, 0);\"><span style=\"font-size: 11pt; font-family: Calibri, sans-serif;\">Esta fuerza de salvaci\u00f3n \u201cpalpita en el coraz\u00f3n del pueblo de Dios en el camino\u201d, se\u00f1ala el Papa y no \u201cexcluye a nadie\u201d, sino que involucra a todos en una \u201cverdadera peregrinaci\u00f3n de conversi\u00f3n para reconocer a los pobres y amarlos\u201d. Al final del Mensaje, por lo tanto, la nueva invitaci\u00f3n se dirigi\u00f3 \u201ca los disc\u00edpulos del Se\u00f1or\u201d para que puedan ser \u201cevangelizadores consistentes\u201d: sembrando signos tangibles de esperanza.<o:p><\/o:p><\/span><\/p>\n<p style=\"margin: 0cm 0cm 0.0001pt; text-align: justify; background-image: initial; background-position: initial; background-size: initial; background-repeat: initial; background-attachment: initial; background-origin: initial; background-clip: initial;\"><span style=\"font-size: 11pt; font-family: Calibri, sans-serif;\">\u00a0<\/span><\/p>\n<p style=\"margin: 0cm 0cm 0.0001pt; background-image: initial; background-position: initial; background-size: initial; background-repeat: initial; background-attachment: initial; background-origin: initial; background-clip: initial; box-sizing: border-box; -webkit-tap-highlight-color: rgba(0, 0, 0, 0);\"><span style=\"font-size: 11pt; font-family: Calibri, sans-serif;\">\u201cA todas las comunidades cristianas y a quienes sienten la necesidad de brindar esperanza y consuelo a los pobres, les pido que trabajen para que esta Jornada Mundial pueda fortalecer en muchos la voluntad de colaborar eficazmente para que nadie se sienta privado de la cercan\u00eda y la solidaridad\u201d.<o:p><\/o:p><\/span><\/p>\n<p class=\"MsoNormal\" style=\"margin-bottom:0cm;margin-bottom:.0001pt;text-align:\njustify;line-height:normal\"><o:p>\u00a0<\/o:p><\/p>\n<p><i style=\"text-align: justify;\">Tomado de: VATICAN NEWS. Por Gabriella Ceraso. Ciudad del Vaticano. 13 de junio de 2019.<\/i>\u00a0<\/p>\n<p><a href=\"http:\/\/web.hilo.org.pe\/wp-content\/uploads\/Jornada Pobres web.jpg\" target=\"_blank\" rel=\"noopener\">Ver archivo adjunto<\/a><\/p>\n","protected":false},"excerpt":{"rendered":"<p>Los pobres son tratados como basura, sin embargo, el Reino de Dios les pertenece y en ellos hay un poder salvador. As\u00ed escribe el Papa en su Mensaje para la Tercera Jornada Mundial dedicada a cu\u00e1ntos la sociedad de hoy juzga, descarta, trata con ret\u00f3rica y soporta. Es tarea de los cristianos sembrar entre ellos la esperanza y la confianza.<\/p>\n","protected":false},"author":1,"featured_media":7874,"comment_status":"closed","ping_status":"closed","sticky":false,"template":"","format":"standard","meta":{"footnotes":""},"categories":[9],"tags":[],"class_list":["post-3272","post","type-post","status-publish","format-standard","has-post-thumbnail","hentry","category-noticias"],"_links":{"self":[{"href":"https:\/\/ceas.org.pe\/index.php\/wp-json\/wp\/v2\/posts\/3272","targetHints":{"allow":["GET"]}}],"collection":[{"href":"https:\/\/ceas.org.pe\/index.php\/wp-json\/wp\/v2\/posts"}],"about":[{"href":"https:\/\/ceas.org.pe\/index.php\/wp-json\/wp\/v2\/types\/post"}],"author":[{"embeddable":true,"href":"https:\/\/ceas.org.pe\/index.php\/wp-json\/wp\/v2\/users\/1"}],"replies":[{"embeddable":true,"href":"https:\/\/ceas.org.pe\/index.php\/wp-json\/wp\/v2\/comments?post=3272"}],"version-history":[{"count":1,"href":"https:\/\/ceas.org.pe\/index.php\/wp-json\/wp\/v2\/posts\/3272\/revisions"}],"predecessor-version":[{"id":5946,"href":"https:\/\/ceas.org.pe\/index.php\/wp-json\/wp\/v2\/posts\/3272\/revisions\/5946"}],"wp:featuredmedia":[{"embeddable":true,"href":"https:\/\/ceas.org.pe\/index.php\/wp-json\/wp\/v2\/media\/7874"}],"wp:attachment":[{"href":"https:\/\/ceas.org.pe\/index.php\/wp-json\/wp\/v2\/media?parent=3272"}],"wp:term":[{"taxonomy":"category","embeddable":true,"href":"https:\/\/ceas.org.pe\/index.php\/wp-json\/wp\/v2\/categories?post=3272"},{"taxonomy":"post_tag","embeddable":true,"href":"https:\/\/ceas.org.pe\/index.php\/wp-json\/wp\/v2\/tags?post=3272"}],"curies":[{"name":"wp","href":"https:\/\/api.w.org\/{rel}","templated":true}]}}