{"id":3271,"date":"2019-06-13T11:35:46","date_gmt":"2019-06-13T11:35:46","guid":{"rendered":""},"modified":"2026-03-11T09:11:54","modified_gmt":"2026-03-11T14:11:54","slug":"sinodoamazonico-el-hashtag-del-gran-evento-eclesial-y-ecologico","status":"publish","type":"post","link":"https:\/\/ceas.org.pe\/index.php\/2019\/06\/13\/sinodoamazonico-el-hashtag-del-gran-evento-eclesial-y-ecologico\/","title":{"rendered":"#SinodoAmazonico el hashtag del gran evento eclesial y ecol\u00f3gico"},"content":{"rendered":"<p class=\"MsoNormal\" style=\"margin-bottom:0cm;margin-bottom:.0001pt;text-align:\njustify;line-height:normal\">Faltando cuatro meses al inicio del<b>\u00a0S\u00ednodo Panamaz\u00f3nico<\/b>\u00a0convocado por el\u00a0<b>Papa Francisco <\/b>del<b>\u00a06 al 27 de octubre en el Vaticano<\/b>, en breve ser\u00e1 publicado el Instrumentum Laboris, el documento de trabajo que servir\u00e1 como base para la discusi\u00f3n durante la Asamblea sinodal.<o:p><\/o:p><\/p>\n<p class=\"MsoNormal\" style=\"margin-bottom:0cm;margin-bottom:.0001pt;text-align:\njustify;line-height:normal\">Los Obispos de 9 pa\u00edses de la regi\u00f3n (Brasil, Bolivia, Colombia, Ecuador, Guayana Francesa, Guayana, Per\u00fa, Venezuela y Suriname), junto con especialistas y auditores, e invitados nombrados directamente por el Papa, discutir\u00e1n sobre los \u201cNuevos caminos para la Iglesia y la Ecolog\u00eda Integral\u201d en el Vaticano, con la presencia del\u00a0<b>Santo Padre<\/b>.<o:p><\/o:p><\/p>\n<p class=\"MsoNormal\" style=\"margin-bottom:0cm;margin-bottom:.0001pt;text-align:\njustify;line-height:normal\">En este periodo precedente a la Asamblea Sinodal, se est\u00e1n multiplicando por varias partes del mundo eventos de reflexi\u00f3n sobre el tema del S\u00ednodo, como una demostraci\u00f3n de que el tema elegido por el Papa es importante y percibido como urgente para la Iglesia Universal.<o:p><\/o:p><\/p>\n<p class=\"MsoNormal\" style=\"margin-bottom:0cm;margin-bottom:.0001pt;text-align:\njustify;line-height:normal\">Con el pasar del tiempo, cada vez m\u00e1s, los medios de comunicaci\u00f3n de inspiraci\u00f3n religiosa y tambi\u00e9n los medios laicos se interesan y buscan informaci\u00f3n sobre este evento.\u00a0En este sentido, la Secretar\u00eda General del S\u00ednodo de los Obispos, ya desde la \u00faltima Asamblea sinodal, est\u00e1 presente en las redes sociales y en el internet, y para esta Asamblea especial ha preparado el sitio web\u00a0<a href=\"http:\/\/www.sinodoamazonico.va\/\"><span style=\"color: black; background-image: initial; background-position: initial; background-size: initial; background-repeat: initial; background-attachment: initial; background-origin: initial; background-clip: initial; text-decoration-line: none;\">www.sinodoamazonico.va<\/span><\/a><o:p><\/o:p><\/p>\n<p class=\"MsoNormal\" style=\"margin-bottom:0cm;margin-bottom:.0001pt;text-align:\njustify;line-height:normal\">Asimismo, en las redes sociales se est\u00e1 promoviendo el uso del \u00fanico hashtag\u00a0<b>#SinodoAmazonico<\/b>. El responsable de Comunicaci\u00f3n de la Secretar\u00eda del S\u00ednodo, el p. Ariel Beramendi, nos da m\u00e1s detalles:<o:p><\/o:p><\/p>\n<p class=\"MsoNormal\" style=\"margin-bottom:0cm;margin-bottom:.0001pt;text-align:\njustify;line-height:normal\">\u00abLa Secretar\u00eda General del S\u00ednodo de los Obispos inici\u00f3 su presencia digital durante la fase de preparaci\u00f3n del S\u00ednodo sobre los j\u00f3venes en el a\u00f1o 2018.\u00a0Iniciamos con un sitio web espec\u00edfico y las redes sociales de Facebook, twitter e Instagram. Tambi\u00e9n promovimos el hashtag #Synod2018 que nos permiti\u00f3 interactuar constantemente con j\u00f3venes de distintas partes del mundo.<o:p><\/o:p><\/p>\n<p class=\"MsoNormal\" style=\"margin-bottom:0cm;margin-bottom:.0001pt;text-align:\njustify;line-height:normal\">Despu\u00e9s de la asamblea del S\u00ednodo sobre los j\u00f3venes las redes sociales han quedado activas, el nombre de las redes sociales es SYNOD.VA y hacen referencia al sitio web institucional para la Secretar\u00eda del S\u00ednodo, es decir, el sitio web Synod.va es como un tronco donde las ramas ser\u00e1n otros sitios web creados espec\u00edficamente para cada s\u00ednodo.<o:p><\/o:p><\/p>\n<p class=\"MsoNormal\" style=\"margin-bottom:0cm;margin-bottom:.0001pt;text-align:\njustify;line-height:normal\"><i>\u201cPor eso hemos creado desde el a\u00f1o pasado el sitio web dedicado a la Asamblea Panamaz\u00f3nica, la direcci\u00f3n es www.sinodoamazonico.va, actualmente est\u00e1 disponible en cuatro idiomas y presenta contenidos sobre el s\u00ednodo que se tendr\u00e1 en este pr\u00f3ximo mes de octubre.\u201d<o:p><\/o:p><\/i><\/p>\n<p class=\"MsoNormal\" style=\"margin-bottom:0cm;margin-bottom:.0001pt;text-align:\njustify;line-height:normal\">Adem\u00e1s, en paralelo, estamos promoviendo el uso del hashtag #SinodoAmazonico porque en general este s\u00ednodo contar\u00e1 con la mayor\u00eda de participantes que hablan espa\u00f1ol y portugu\u00e9s y el hashtag #SinodoAmazonico es el mismo para el espa\u00f1ol y el portugu\u00e9s, as\u00ed que invitamos a todos a usar esta etiqueta para tener una conversaci\u00f3n global, en distintos idiomas, sobre el tema del s\u00ednodo para la Amazon\u00eda.<o:p><\/o:p><\/p>\n<p class=\"MsoNormal\" style=\"margin-bottom:0cm;margin-bottom:.0001pt;text-align:\njustify;line-height:normal\">Tambi\u00e9n quisiera mencionar que tenemos un canal de YouTube para los videos y del Flickr donde difundimos fotograf\u00edas que est\u00e1n disponibles para las personas que buscan contenidos sobre el pr\u00f3ximo S\u00ednodo\u00bb.<o:p><\/o:p><\/p>\n<p class=\"MsoNormal\" style=\"margin-bottom:0cm;margin-bottom:.0001pt;text-align:\njustify;line-height:normal\"><o:p>\u00a0<\/o:p><\/p>\n<p class=\"MsoNormal\" style=\"margin-bottom:0cm;margin-bottom:.0001pt;text-align:\njustify;line-height:normal\"><i>Tomado de: VATICAN NEWS. Por <\/i><i>Cristiane Murray. Ciudad del Vaticano. 13 de junio de 2019.<\/i><i><o:p><\/o:p><\/i><\/p>\n<p><span style=\"text-align: justify;\">\u00a0<\/span>\u00a0<\/p>\n<p><a href=\"http:\/\/web.hilo.org.pe\/wp-content\/uploads\/SINODO AMAZONICO.jpg\" target=\"_blank\" rel=\"noopener\">Ver archivo adjunto<\/a><\/p>\n","protected":false},"excerpt":{"rendered":"<p>El p. Ariel Beramendi, de la Secretar\u00eda General del S\u00ednodo de los Obispos, lanza el hashtag #SinodoAmazonico para una comunicaci\u00f3n global.<\/p>\n","protected":false},"author":1,"featured_media":295,"comment_status":"closed","ping_status":"closed","sticky":false,"template":"","format":"standard","meta":{"footnotes":""},"categories":[9],"tags":[],"class_list":["post-3271","post","type-post","status-publish","format-standard","has-post-thumbnail","hentry","category-noticias"],"_links":{"self":[{"href":"https:\/\/ceas.org.pe\/index.php\/wp-json\/wp\/v2\/posts\/3271","targetHints":{"allow":["GET"]}}],"collection":[{"href":"https:\/\/ceas.org.pe\/index.php\/wp-json\/wp\/v2\/posts"}],"about":[{"href":"https:\/\/ceas.org.pe\/index.php\/wp-json\/wp\/v2\/types\/post"}],"author":[{"embeddable":true,"href":"https:\/\/ceas.org.pe\/index.php\/wp-json\/wp\/v2\/users\/1"}],"replies":[{"embeddable":true,"href":"https:\/\/ceas.org.pe\/index.php\/wp-json\/wp\/v2\/comments?post=3271"}],"version-history":[{"count":1,"href":"https:\/\/ceas.org.pe\/index.php\/wp-json\/wp\/v2\/posts\/3271\/revisions"}],"predecessor-version":[{"id":5947,"href":"https:\/\/ceas.org.pe\/index.php\/wp-json\/wp\/v2\/posts\/3271\/revisions\/5947"}],"wp:featuredmedia":[{"embeddable":true,"href":"https:\/\/ceas.org.pe\/index.php\/wp-json\/wp\/v2\/media\/295"}],"wp:attachment":[{"href":"https:\/\/ceas.org.pe\/index.php\/wp-json\/wp\/v2\/media?parent=3271"}],"wp:term":[{"taxonomy":"category","embeddable":true,"href":"https:\/\/ceas.org.pe\/index.php\/wp-json\/wp\/v2\/categories?post=3271"},{"taxonomy":"post_tag","embeddable":true,"href":"https:\/\/ceas.org.pe\/index.php\/wp-json\/wp\/v2\/tags?post=3271"}],"curies":[{"name":"wp","href":"https:\/\/api.w.org\/{rel}","templated":true}]}}