{"id":3270,"date":"2019-06-12T15:43:37","date_gmt":"2019-06-12T15:43:37","guid":{"rendered":""},"modified":"2026-03-11T09:11:54","modified_gmt":"2026-03-11T14:11:54","slug":"presidente-del-episcopado-invoca-al-gobierno-peruano-para-ser-solidarios-con-migrantes-venezolanos","status":"publish","type":"post","link":"https:\/\/ceas.org.pe\/index.php\/2019\/06\/12\/presidente-del-episcopado-invoca-al-gobierno-peruano-para-ser-solidarios-con-migrantes-venezolanos\/","title":{"rendered":"PRESIDENTE DEL EPISCOPADO INVOCA AL GOBIERNO PERUANO PARA SER SOLIDARIOS CON MIGRANTES VENEZOLANOS"},"content":{"rendered":"<p class=\"m-1931563110254029313m-6489745594896832733gmail-m692606012034176627gmail-msonospacing\" align=\"center\" style=\"margin:0cm;margin-bottom:.0001pt;text-align:center\"><span style=\"font-family:\"Segoe UI\",sans-serif\">NOTA DE PRENSA<o:p><\/o:p><\/span><\/p>\n<p class=\"m-1931563110254029313m-6489745594896832733gmail-m692606012034176627gmail-msonospacing\" align=\"center\" style=\"margin:0cm;margin-bottom:.0001pt;text-align:center\"><b><span style=\"font-size:11.0pt;font-family:\"Calibri\",sans-serif;mso-ascii-theme-font:\nminor-latin;mso-hansi-theme-font:minor-latin;mso-bidi-theme-font:minor-latin\">\u00a0<\/span><\/b><\/p>\n<p class=\"m-1931563110254029313m-6489745594896832733gmail-m692606012034176627gmail-msonospacing\" align=\"center\" style=\"margin:0cm;margin-bottom:.0001pt;text-align:center\"><b><span style=\"font-size:11.0pt;font-family:\"Calibri\",sans-serif;mso-ascii-theme-font:\nminor-latin;mso-hansi-theme-font:minor-latin;mso-bidi-theme-font:minor-latin\">PRESIDENTE DEL EPISCOPADO HACE INVOCACI\u00d3N AL GOBIERNO PERUANO PARA SEGUIR SIENDO SOLIDARIOS CON LOS MIGRANTES VENEZOLANOS<\/span><\/b><span style=\"font-size:11.0pt;\nfont-family:\"Calibri\",sans-serif;mso-ascii-theme-font:minor-latin;mso-hansi-theme-font:\nminor-latin;mso-bidi-theme-font:minor-latin\"><o:p><\/o:p><\/span><\/p>\n<p class=\"m-1931563110254029313m-6489745594896832733gmail-m692606012034176627gmail-msonospacing\" style=\"margin:0cm;margin-bottom:.0001pt;background-image:initial;background-position:\ninitial;background-size:initial;background-repeat:initial;background-origin:initial;\nbackground-clip:initial\"><b><span style=\"font-size:11.0pt;font-family:\"Calibri\",sans-serif;\nmso-ascii-theme-font:minor-latin;mso-hansi-theme-font:minor-latin;mso-bidi-theme-font:\nminor-latin\">\u00a0<\/span><\/b><span style=\"font-size:11.0pt;font-family:\"Calibri\",sans-serif;\nmso-ascii-theme-font:minor-latin;mso-hansi-theme-font:minor-latin;mso-bidi-theme-font:\nminor-latin\"><o:p><\/o:p><\/span><\/p>\n<p class=\"m-1931563110254029313m-6489745594896832733gmail-m692606012034176627gmail-msonospacing\" style=\"margin:0cm;margin-bottom:.0001pt;text-align:justify;background-image:\ninitial;background-position:initial;background-size:initial;background-repeat:\ninitial;background-origin:initial;background-clip:initial\"><span style=\"font-size:11.0pt;font-family:\"Calibri\",sans-serif;mso-ascii-theme-font:\nminor-latin;mso-hansi-theme-font:minor-latin;mso-bidi-theme-font:minor-latin\">Monse\u00f1or Miguel Cabrejos Vidarte, Presidente de la Conferencia Episcopal Peruana y Presidente del Consejo Episcopal Latinoamericano (CELAM), en una carta dirigida al Presidente de la Rep\u00fablica, Mart\u00edn Vizcarra Cornejo, ha hecho un llamado al Gobierno Peruano a seguir dando muestras de solidaridad con nuestros hermanos venezolanos ante la dif\u00edcil situaci\u00f3n que atraviesan.<o:p><\/o:p><\/span><\/p>\n<p class=\"m-1931563110254029313m-6489745594896832733gmail-m692606012034176627gmail-msonospacing\" style=\"margin:0cm;margin-bottom:.0001pt;text-align:justify;background-image:\ninitial;background-position:initial;background-size:initial;background-repeat:\ninitial;background-origin:initial;background-clip:initial\"><span style=\"font-size:11.0pt;font-family:\"Calibri\",sans-serif;mso-ascii-theme-font:\nminor-latin;mso-hansi-theme-font:minor-latin;mso-bidi-theme-font:minor-latin\">\u00a0<o:p><\/o:p><\/span><\/p>\n<p class=\"m-1931563110254029313m-6489745594896832733gmail-m692606012034176627gmail-msonospacing\" style=\"margin:0cm;margin-bottom:.0001pt;text-align:justify;background-image:\ninitial;background-position:initial;background-size:initial;background-repeat:\ninitial;background-origin:initial;background-clip:initial\"><span style=\"font-size:11.0pt;font-family:\"Calibri\",sans-serif;mso-ascii-theme-font:\nminor-latin;mso-hansi-theme-font:minor-latin;mso-bidi-theme-font:minor-latin\">En la misiva, Monse\u00f1or Cabrejos destaca \u201cla disposici\u00f3n del Gobierno peruano para recibir a los venezolanos que vienen al Per\u00fa, encontrando en nuestra Patria una tierra de paz y solidaridad donde pueden proyectar sus sue\u00f1os y reconstruir sus vidas y las de sus familiares\u201d. Asimismo, destaca c\u00f3mo esta migraci\u00f3n colabora con un mayor intercambio cultural entre dos pueblos hermanos. \u201cLos aproximadamente 800.000 venezolanos que han ingresado hasta la fecha est\u00e1n contribuyendo a formar una sociedad multicultural, fraterna, tolerante y respetuosa de la interculturalidad\u201d, sostiene el tambi\u00e9n Presidente del CELAM. <o:p><\/o:p><\/span><\/p>\n<p class=\"m-1931563110254029313m-6489745594896832733gmail-m692606012034176627gmail-msonospacing\" style=\"margin:0cm;margin-bottom:.0001pt;text-align:justify;background-image:\ninitial;background-position:initial;background-size:initial;background-repeat:\ninitial;background-origin:initial;background-clip:initial\"><br \/>\n<span style=\"font-size:11.0pt;\nfont-family:\"Calibri\",sans-serif;mso-ascii-theme-font:minor-latin;mso-hansi-theme-font:\nminor-latin;mso-bidi-theme-font:minor-latin\">No obstante, Monse\u00f1or Cabrejos tambi\u00e9n expresa su preocupaci\u00f3n con respecto a \u201cque se haya dado un incremento en la percepci\u00f3n negativa a los migrantes, por parte de algunos gobiernos regionales y\/o locales. Estas reacciones expresadas en discursos o regulaciones reflejan una mirada discriminatoria contra nuestros hermanos venezolanos, incentivando la xenofobia y el prejuicio, y poniendo en un mismo nivel a toda una comunidad, a partir de los hechos cometidos por algunos desadaptados, que se pueden encontrar en toda sociedad\u201d. En ese sentido, el Presidente del Episcopado Peruano mencion\u00f3 las cifras de detenidos de ciudadanos venezolanos dentro del sistema penitenciario del pa\u00eds. \u201cSabemos, de acuerdo a la informaci\u00f3n del Instituto Nacional Penitenciario, que hasta el 15 de marzo de este a\u00f1o hab\u00eda 299 ciudadanos venezolanos detenidos, lo que representa s\u00f3lo el 0,04% del total de la poblaci\u00f3n venezolana en el pa\u00eds\u201d, expresa en la carta. <o:p><\/o:p><\/span><\/p>\n<p class=\"MsoNormal\" style=\"text-align:justify\"><span style=\"font-size:11.0pt;\nfont-family:\"Calibri\",sans-serif;mso-ascii-theme-font:minor-latin;mso-hansi-theme-font:\nminor-latin;mso-bidi-theme-font:minor-latin\">Monse\u00f1or Cabrejos, adem\u00e1s, llama la atenci\u00f3n sobre la implementaci\u00f3n del visado humanitario para los venezolanos que quieran ingresar al Per\u00fa, el cual exige la posesi\u00f3n del pasaporte y el certificado de antecedentes penales, ambos de dif\u00edcil acceso en su pa\u00eds. \u201cEsta exigencia podr\u00eda ser un peligro inminente y una tentaci\u00f3n de limitar y\/o restringir el acceso al sistema de refugio ante el aumento del n\u00famero de solicitantes. Y, aunque el acceso a las solicitudes de refugio permanece abierto, el peligro no desaparece\u201d, se menciona en la misiva. <o:p><\/o:p><\/span><\/p>\n<p class=\"MsoNormal\" style=\"text-align:justify\"><span style=\"font-size:11.0pt;\nfont-family:\"Calibri\",sans-serif;mso-ascii-theme-font:minor-latin;mso-hansi-theme-font:\nminor-latin;mso-bidi-theme-font:minor-latin\">Finalmente, Monse\u00f1or Cabrejos expresa que \u201cla Iglesia estar\u00e1 siempre dispuesta a colaborar para realizar las gestiones pertinentes a efectos que la comunidad internacional sea corresponsable y solidaria de manera efectiva y tangible, con el esfuerzo que vienen realizando pa\u00edses como el Per\u00fa, a trav\u00e9s de la cooperaci\u00f3n humanitaria y econ\u00f3mica para evitar el impacto econ\u00f3mico para el Estado y facilitar la inserci\u00f3n social, econ\u00f3mica y cultural de la poblaci\u00f3n venezolana en nuestras tierras\u201d. <o:p><\/o:p><\/span><\/p>\n<p class=\"MsoNormal\" style=\"text-align:justify\"><span style=\"font-size:11.0pt;\nfont-family:\"Calibri\",sans-serif;mso-ascii-theme-font:minor-latin;mso-hansi-theme-font:\nminor-latin;mso-bidi-theme-font:minor-latin\">\u00a0<o:p><\/o:p><\/span><\/p>\n<p><i style=\"text-align: justify;\"><span style=\"font-size:11.0pt;font-family:\"Calibri\",sans-serif;\nmso-ascii-theme-font:minor-latin;mso-hansi-theme-font:minor-latin;mso-bidi-theme-font:\nminor-latin\">Conferencia Episcopal Peruana. Oficina de Prensa. Lima, 12 de junio de 2019.<\/span><\/i>\u00a0<\/p>\n<p><a href=\"http:\/\/web.hilo.org.pe\/wp-content\/uploads\/Foto.jpg\" target=\"_blank\" rel=\"noopener\">Ver archivo adjunto<\/a><\/p>\n","protected":false},"excerpt":{"rendered":"<p>Monse\u00f1or Miguel Cabrejos Vidarte, Presidente de la Conferencia Episcopal Peruana y Presidente del Consejo Episcopal Latinoamericano (CELAM), en una carta dirigida al Presidente de la Rep\u00fablica, Mart\u00edn Vizcarra Cornejo, ha hecho un llamado al Gobierno Peruano a seguir dando muestras de solidaridad con nuestros hermanos venezolanos ante la dif\u00edcil situaci\u00f3n que atraviesan.<\/p>\n","protected":false},"author":1,"featured_media":8120,"comment_status":"closed","ping_status":"closed","sticky":false,"template":"","format":"standard","meta":{"footnotes":""},"categories":[9],"tags":[],"class_list":["post-3270","post","type-post","status-publish","format-standard","has-post-thumbnail","hentry","category-noticias"],"_links":{"self":[{"href":"https:\/\/ceas.org.pe\/index.php\/wp-json\/wp\/v2\/posts\/3270","targetHints":{"allow":["GET"]}}],"collection":[{"href":"https:\/\/ceas.org.pe\/index.php\/wp-json\/wp\/v2\/posts"}],"about":[{"href":"https:\/\/ceas.org.pe\/index.php\/wp-json\/wp\/v2\/types\/post"}],"author":[{"embeddable":true,"href":"https:\/\/ceas.org.pe\/index.php\/wp-json\/wp\/v2\/users\/1"}],"replies":[{"embeddable":true,"href":"https:\/\/ceas.org.pe\/index.php\/wp-json\/wp\/v2\/comments?post=3270"}],"version-history":[{"count":1,"href":"https:\/\/ceas.org.pe\/index.php\/wp-json\/wp\/v2\/posts\/3270\/revisions"}],"predecessor-version":[{"id":5948,"href":"https:\/\/ceas.org.pe\/index.php\/wp-json\/wp\/v2\/posts\/3270\/revisions\/5948"}],"wp:featuredmedia":[{"embeddable":true,"href":"https:\/\/ceas.org.pe\/index.php\/wp-json\/wp\/v2\/media\/8120"}],"wp:attachment":[{"href":"https:\/\/ceas.org.pe\/index.php\/wp-json\/wp\/v2\/media?parent=3270"}],"wp:term":[{"taxonomy":"category","embeddable":true,"href":"https:\/\/ceas.org.pe\/index.php\/wp-json\/wp\/v2\/categories?post=3270"},{"taxonomy":"post_tag","embeddable":true,"href":"https:\/\/ceas.org.pe\/index.php\/wp-json\/wp\/v2\/tags?post=3270"}],"curies":[{"name":"wp","href":"https:\/\/api.w.org\/{rel}","templated":true}]}}