{"id":3269,"date":"2019-06-05T16:31:36","date_gmt":"2019-06-05T16:31:36","guid":{"rendered":""},"modified":"2026-03-11T09:11:54","modified_gmt":"2026-03-11T14:11:54","slug":"pronunciamiento-conjunto-en-memoria-de-las-victimas-del-caso-bagua-10-anos-despues","status":"publish","type":"post","link":"https:\/\/ceas.org.pe\/index.php\/2019\/06\/05\/pronunciamiento-conjunto-en-memoria-de-las-victimas-del-caso-bagua-10-anos-despues\/","title":{"rendered":"PRONUNCIAMIENTO CONJUNTO EN MEMORIA DE LAS V\u00cdCTIMAS DEL CASO BAGUA\u2026 10 A\u00d1OS DESPU\u00c9S"},"content":{"rendered":"<p class=\"MsoNormal\" style=\"margin-bottom:0cm;margin-bottom:.0001pt;text-align:\njustify;line-height:normal;mso-outline-level:2;background:#F7F7F7;vertical-align:\nbaseline\"><span style=\"font-size: 16pt;\">A 10 a\u00f1os de los dolorosos hechos en Bagua seguimos exigiendo justicia para los pueblos ind\u00edgenas<o:p><\/o:p><\/span><\/p>\n<p class=\"MsoNormal\" style=\"margin-bottom:0cm;margin-bottom:.0001pt;text-align:\njustify;line-height:normal;background:#F7F7F7;vertical-align:baseline\">Hoy, 5 de junio de 2019, conmemoramos 10 a\u00f1os de los dolorosos hechos ocurridos en Bagua donde murieron 33 peruanos (23 polic\u00edas y 10 ind\u00edgenas) y uno contin\u00faa desaparecido. Este terrible accionar se dio porque el Estado peruano trat\u00f3 de imponer un conjunto de decretos legislativos que violentaban los derechos de los pueblos ind\u00edgenas y que fueron objeto de un justo reclamo de m\u00e1s de 6 meses por parte de los pueblos y sus organizaciones; sin embargo, el gobierno en ese entonces no los escuch\u00f3, ni atendi\u00f3 sus demandas.<o:p><\/o:p><\/p>\n<p class=\"MsoNormal\" style=\"margin-bottom:0cm;margin-bottom:.0001pt;text-align:\njustify;line-height:normal;background:#F7F7F7;vertical-align:baseline\">Lamentablemente, a\u00fan las causas que provocaron esta leg\u00edtima protesta, as\u00ed como los derechos de los pueblos ind\u00edgenas peruanos a\u00fan no son protegidos ni garantizados por el Estado; es m\u00e1s se contin\u00faan aprobando normas que desconocen su derecho a ser consultados y les despojan de sus territorios.<o:p><\/o:p><\/p>\n<p class=\"MsoNormal\" style=\"margin-bottom:0cm;margin-bottom:.0001pt;text-align:\njustify;line-height:normal;background:#F7F7F7;vertical-align:baseline\">Para el caso del derecho a la justicia, de los tres procesos solo uno (el denominado \u201cCurva del diablo\u201d) ha alcanzado sentencia en primera instancia, absolviendo a todos los ind\u00edgenas procesados, es indispensable que se ratifique esta resoluci\u00f3n ejemplar del Poder Judicial; los otros dos procesos (\u201cEstaci\u00f3n 6\u201d y \u201cLos generales\u201d) a\u00fan no alcanzan justicia. A la fecha no se ha procesado ni sentenciado a ning\u00fan responsable pol\u00edtico ni a Alan Garc\u00eda, ni a Mercedes Araoz, ni a Yehude Simon, ni a Mercedes Cabanillas por este operativo mal planteado.<o:p><\/o:p><\/p>\n<p class=\"MsoNormal\" style=\"margin-bottom:0cm;margin-bottom:.0001pt;text-align:\njustify;line-height:normal;background:#F7F7F7;vertical-align:baseline\">En este sentido, desde las organizaciones que conformamos la Coordinadora Nacional de Derechos Humanos consideramos que es indispensable que el Estado peruano, a trav\u00e9s de sus diversos estamentos empiece a garantizar los derechos colectivos de los pueblos ind\u00edgenas reconocidos en nuestro ordenamiento constitucional, el primer paso es que se alcance justicia en los tres procesos judiciales por los hechos ocurridos y que se sancione a los responsables pol\u00edticos de las muertes de los 33 y de la desaparici\u00f3n del mayor PNP Felipe Baz\u00e1n.<o:p><\/o:p><\/p>\n<p class=\"MsoNormal\" style=\"margin-bottom:0cm;margin-bottom:.0001pt;text-align:\njustify;line-height:normal;background:#F7F7F7;vertical-align:baseline\">De igual manera, exigimos que el derecho a la consulta previa, al territorio, as\u00ed como el derecho a la identidad cultural sean garantizados integralmente y de manera efectiva por el Estado, con especial \u00e9nfasis del poder ejecutivo y los ministerios a cargo de su implementaci\u00f3n, sobre todo en casos de consulta frente a proyectos y empresas extractivas que ponen en riesgo la supervivencia de los pueblos, ac\u00e1 la consulta previa debe ser en todas las etapas del proceso, empezando desde la concesi\u00f3n y no debe desnaturalizarse us\u00e1ndose como un mero tr\u00e1mite de informaci\u00f3n. Asimismo es urgente que el Congreso de la Rep\u00fablica modifique su reglamento para que las iniciativas legislativas que afectan derechos colectivos de pueblos ind\u00edgenas u originarios sean sometidas a consulta previa.<o:p><\/o:p><\/p>\n<p class=\"MsoNormal\" style=\"margin-bottom:0cm;margin-bottom:.0001pt;text-align:\njustify;line-height:normal;background:#F7F7F7;vertical-align:baseline\">Adem\u00e1s, es imperativo el cese de la criminalizaci\u00f3n a las y los l\u00edderes de los pueblos ind\u00edgenas y originarios por el ejercicio de su leg\u00edtimo derecho a la protesta social. En momentos de crisis del Estado producido por el blindaje a mafias delincuencias como las de \u201cLos cuellos blancos\u201d, la garant\u00eda de los derechos colectivos y de la supervivencia de los pueblos ind\u00edgenas es indispensable para llegar al bicentenario con un Estado de derecho s\u00f3lido que se fundamente en el respeto y la garant\u00eda de los derechos humanos de todas y todos los peruanos.<o:p><\/o:p><\/p>\n<p class=\"MsoNormal\" style=\"margin-bottom:0cm;margin-bottom:.0001pt;text-align:\njustify;line-height:normal;background:#F7F7F7;vertical-align:baseline\">Coordinadora Nacional de Derechos Humanos<o:p><\/o:p><\/p>\n<p class=\"MsoNormal\" style=\"margin-bottom:0cm;margin-bottom:.0001pt;text-align:\njustify;line-height:normal\"><i>\u00a0<\/i><\/p>\n<p><i style=\"text-align: justify;\">Tomado de: <span style=\"background:#F7F7F7\">Coordinadora Nacional de Derechos Humanos &#8211; CNDDHH. 5 de junio de 2019.<\/span><\/i>\u00a0<\/p>\n<p><a href=\"http:\/\/web.hilo.org.pe\/wp-content\/uploads\/baguazo-5-junio-2009 web.jpg\" target=\"_blank\" rel=\"noopener\">Ver archivo adjunto<\/a><\/p>\n","protected":false},"excerpt":{"rendered":"<p>Hoy conmemoramos 10 a\u00f1os de los dolorosos hechos ocurridos en Bagua donde murieron 33 peruanos (23 polic\u00edas y 10 ind\u00edgenas) y uno contin\u00faa desaparecido. Este terrible accionar se dio porque el Estado trat\u00f3 de imponer un conjunto de decretos que violentaban los derechos de los Pueblos Ind\u00edgenas y que fueron objeto de un justo reclamo de m\u00e1s de 6 meses. El gobierno en ese entonces no los escuch\u00f3, ni atendi\u00f3 sus demandas.<\/p>\n","protected":false},"author":1,"featured_media":8065,"comment_status":"closed","ping_status":"closed","sticky":false,"template":"","format":"standard","meta":{"footnotes":""},"categories":[9],"tags":[],"class_list":["post-3269","post","type-post","status-publish","format-standard","has-post-thumbnail","hentry","category-noticias"],"_links":{"self":[{"href":"https:\/\/ceas.org.pe\/index.php\/wp-json\/wp\/v2\/posts\/3269","targetHints":{"allow":["GET"]}}],"collection":[{"href":"https:\/\/ceas.org.pe\/index.php\/wp-json\/wp\/v2\/posts"}],"about":[{"href":"https:\/\/ceas.org.pe\/index.php\/wp-json\/wp\/v2\/types\/post"}],"author":[{"embeddable":true,"href":"https:\/\/ceas.org.pe\/index.php\/wp-json\/wp\/v2\/users\/1"}],"replies":[{"embeddable":true,"href":"https:\/\/ceas.org.pe\/index.php\/wp-json\/wp\/v2\/comments?post=3269"}],"version-history":[{"count":1,"href":"https:\/\/ceas.org.pe\/index.php\/wp-json\/wp\/v2\/posts\/3269\/revisions"}],"predecessor-version":[{"id":5949,"href":"https:\/\/ceas.org.pe\/index.php\/wp-json\/wp\/v2\/posts\/3269\/revisions\/5949"}],"wp:featuredmedia":[{"embeddable":true,"href":"https:\/\/ceas.org.pe\/index.php\/wp-json\/wp\/v2\/media\/8065"}],"wp:attachment":[{"href":"https:\/\/ceas.org.pe\/index.php\/wp-json\/wp\/v2\/media?parent=3269"}],"wp:term":[{"taxonomy":"category","embeddable":true,"href":"https:\/\/ceas.org.pe\/index.php\/wp-json\/wp\/v2\/categories?post=3269"},{"taxonomy":"post_tag","embeddable":true,"href":"https:\/\/ceas.org.pe\/index.php\/wp-json\/wp\/v2\/tags?post=3269"}],"curies":[{"name":"wp","href":"https:\/\/api.w.org\/{rel}","templated":true}]}}