{"id":3268,"date":"2019-06-05T12:41:58","date_gmt":"2019-06-05T12:41:58","guid":{"rendered":""},"modified":"2026-03-11T09:11:54","modified_gmt":"2026-03-11T14:11:54","slug":"conmemoracion-de-los-10-anos-del-baguazo-en-jaen","status":"publish","type":"post","link":"https:\/\/ceas.org.pe\/index.php\/2019\/06\/05\/conmemoracion-de-los-10-anos-del-baguazo-en-jaen\/","title":{"rendered":"CONMEMORACI\u00d3N DE LOS 10 A\u00d1OS DEL BAGUAZO EN JA\u00c9N"},"content":{"rendered":"<p style=\"margin: 0cm 0cm 0.0001pt; text-align: justify; background-image: initial; background-position: initial; background-size: initial; background-repeat: initial; background-attachment: initial; background-origin: initial; background-clip: initial;\"><span style=\"font-size: 11pt; font-family: Calibri, sans-serif;\">\u201cEl recuerdo sigue intacto. Mientras no se termine con la persecuci\u00f3n y los juicios en contra de los dirigentes e ind\u00edgenas inocentes, no habr\u00e1 paz en Bagua\u201d, sostiene la Hermana Mar\u00eda del Carmen G\u00f3mez Calleja, que escribi\u00f3 el Informe en Minor\u00eda sobre los sucesos de Bagua. Han pasado 10 a\u00f1os y para recordar a las v\u00edctimas, habr\u00e1 una vigilia en la plaza de armas de Bagua Grande, organizada por la Asociaci\u00f3n de V\u00edctimas Familiares y Heridos del 5 de junio del 2009.<o:p><\/o:p><\/span><\/p>\n<p style=\"margin: 0cm 0cm 0.0001pt; text-align: justify; background-image: initial; background-position: initial; background-size: initial; background-repeat: initial; background-attachment: initial; background-origin: initial; background-clip: initial;\"><span style=\"font-size: 11pt; font-family: Calibri, sans-serif;\">\u00a0<\/span><\/p>\n<p style=\"margin: 0cm 0cm 0.0001pt; background-image: initial; background-position: initial; background-size: initial; background-repeat: initial; background-attachment: initial; background-origin: initial; background-clip: initial; box-sizing: border-box;\"><span style=\"font-size: 11pt; font-family: Calibri, sans-serif;\">Hoy, 5 de junio, habr\u00e1 una marcha desde Ja\u00e9n hasta la Curva del Diablo, en la carretera Belaunde Terry, lugar del primer enfrentamiento entre la poblaci\u00f3n y los miembros de la DIROES. En ese lugar que se ha vuelto simb\u00f3lico el Obispo de Ja\u00e9n, Monse\u00f1or Alfredo Vizcarra, realizar\u00e1 un acto lit\u00fargico en el que participar\u00e1n los p\u00e1rrocos de Bagua Grande y Bagua Chica. Finalmente, a las 12 del d\u00eda, habr\u00e1 un acto en memoria de las v\u00edctimas con testimonios de los familiares, heridos, apus y abogados de los ind\u00edgenas. <o:p><\/o:p><\/span><\/p>\n<p style=\"margin: 0cm 0cm 0.0001pt; text-align: justify; background-image: initial; background-position: initial; background-size: initial; background-repeat: initial; background-attachment: initial; background-origin: initial; background-clip: initial;\"><span style=\"font-size: 11pt; font-family: Calibri, sans-serif;\">\u00a0<\/span><\/p>\n<p style=\"margin: 0cm 0cm 0.0001pt; text-align: justify; background-image: initial; background-position: initial; background-size: initial; background-repeat: initial; background-attachment: initial; background-origin: initial; background-clip: initial;\"><span style=\"font-size: 11pt; font-family: Calibri, sans-serif;\">En la ciudad de Lima habr\u00e1 un solo evento de conmemoraci\u00f3n que se realizar\u00e1 a las 5.30 p.m. en el auditorio de la facultad de Ciencias Sociales de San Marcos: un conversatorio organizado por AIDESEP y el Laboratorio de Etnograf\u00eda Amaz\u00f3nica.<o:p><\/o:p><\/span><\/p>\n<p class=\"MsoNormal\" style=\"margin-bottom: 0.0001pt; text-align: justify; line-height: normal; background-image: initial; background-position: initial; background-size: initial; background-repeat: initial; background-attachment: initial; background-origin: initial; background-clip: initial;\"><o:p>\u00a0<\/o:p><\/p>\n<p><i style=\"text-align: justify;\">Tomado de: IDL. <\/i><span class=\"cat-links\" style=\"text-align: justify;\"><i><span style=\"background-image: initial; background-position: initial; background-size: initial; background-repeat: initial; background-attachment: initial; background-origin: initial; background-clip: initial;\"><a href=\"https:\/\/idl.org.pe\/category\/defensa-legal\/\"><span style=\"color: black; text-decoration-line: none;\">Defensa legal<\/span><\/a>,\u00a0<a href=\"https:\/\/idl.org.pe\/category\/noticias\/\" style=\"box-sizing: border-box\"><span style=\"color: black; text-decoration-line: none;\">noticias<\/span><\/a><\/span><\/i><\/span><i style=\"text-align: justify;\"><span style=\"background-image: initial; background-position: initial; background-size: initial; background-repeat: initial; background-attachment: initial; background-origin: initial; background-clip: initial;\"><span style=\"text-align: start;\">\u00a0<\/span><span style=\"text-align: start;\">\u00a0<\/span><span class=\"entry-date\"><a href=\"https:\/\/idl.org.pe\/se-inicia-la-celebracion-por-los-10-anos-del-baguazo-en-jaen\/\" style=\"box-sizing: border-box\"><span style=\"box-sizing: border-box; text-align: start;\"><span style=\"color: black; text-decoration-line: none;\"><time class=\"entry-date\" datetime=\"2019-06-04T16:30:46-05:00\" style=\"box-sizing: border-box;\">4 de junio de 201<\/time><\/span><span style=\"color: black; text-decoration-line: none;\">9<\/span><\/span><\/a><\/span><\/span><\/i>\u00a0<\/p>\n<p><a href=\"http:\/\/web.hilo.org.pe\/wp-content\/uploads\/safe_image.jpg\" target=\"_blank\" rel=\"noopener\">Ver archivo adjunto<\/a><\/p>\n","protected":false},"excerpt":{"rendered":"<p>\u201cEl recuerdo sigue intacto. Mientras no se termine con la persecuci\u00f3n y los juicios en contra de los dirigentes e ind\u00edgenas inocentes, no habr\u00e1 paz en Bagua\u201d, nos dice la Hna. Mar\u00eda del Carmen G\u00f3mez Calleja. Han pasado 10 a\u00f1os y a\u00fan recordamos a las v\u00edctimas del 5 de junio del 2009.<\/p>\n","protected":false},"author":1,"featured_media":7881,"comment_status":"closed","ping_status":"closed","sticky":false,"template":"","format":"standard","meta":{"footnotes":""},"categories":[9],"tags":[],"class_list":["post-3268","post","type-post","status-publish","format-standard","has-post-thumbnail","hentry","category-noticias"],"_links":{"self":[{"href":"https:\/\/ceas.org.pe\/index.php\/wp-json\/wp\/v2\/posts\/3268","targetHints":{"allow":["GET"]}}],"collection":[{"href":"https:\/\/ceas.org.pe\/index.php\/wp-json\/wp\/v2\/posts"}],"about":[{"href":"https:\/\/ceas.org.pe\/index.php\/wp-json\/wp\/v2\/types\/post"}],"author":[{"embeddable":true,"href":"https:\/\/ceas.org.pe\/index.php\/wp-json\/wp\/v2\/users\/1"}],"replies":[{"embeddable":true,"href":"https:\/\/ceas.org.pe\/index.php\/wp-json\/wp\/v2\/comments?post=3268"}],"version-history":[{"count":1,"href":"https:\/\/ceas.org.pe\/index.php\/wp-json\/wp\/v2\/posts\/3268\/revisions"}],"predecessor-version":[{"id":5950,"href":"https:\/\/ceas.org.pe\/index.php\/wp-json\/wp\/v2\/posts\/3268\/revisions\/5950"}],"wp:featuredmedia":[{"embeddable":true,"href":"https:\/\/ceas.org.pe\/index.php\/wp-json\/wp\/v2\/media\/7881"}],"wp:attachment":[{"href":"https:\/\/ceas.org.pe\/index.php\/wp-json\/wp\/v2\/media?parent=3268"}],"wp:term":[{"taxonomy":"category","embeddable":true,"href":"https:\/\/ceas.org.pe\/index.php\/wp-json\/wp\/v2\/categories?post=3268"},{"taxonomy":"post_tag","embeddable":true,"href":"https:\/\/ceas.org.pe\/index.php\/wp-json\/wp\/v2\/tags?post=3268"}],"curies":[{"name":"wp","href":"https:\/\/api.w.org\/{rel}","templated":true}]}}