{"id":3267,"date":"2019-06-04T12:16:51","date_gmt":"2019-06-04T12:16:51","guid":{"rendered":""},"modified":"2026-03-11T09:11:54","modified_gmt":"2026-03-11T14:11:54","slug":"cardenal-barreto-en-seminario-internacional-servicio-al-mundo-para-el-cuidado-de-la-casa-comun","status":"publish","type":"post","link":"https:\/\/ceas.org.pe\/index.php\/2019\/06\/04\/cardenal-barreto-en-seminario-internacional-servicio-al-mundo-para-el-cuidado-de-la-casa-comun\/","title":{"rendered":"Cardenal Barreto en Seminario Internacional: Servicio al Mundo para el cuidado de la Casa Com\u00fan\u00bb"},"content":{"rendered":"<p>Ideas m\u00e1s resaltantes de la ponencia presentada en el Seminario Internacional: \u00abServicio al Mundo para el cuidado de la Casa Com\u00fan\u00bb<\/p>\n<p><p class=\"MsoNormal\" style=\"background:white\"><span style=\"mso-fareast-font-family:\n\"Times New Roman\";mso-bidi-font-family:Calibri;mso-bidi-theme-font:minor-latin;\ncolor:#1C1E21;mso-fareast-language:ES-PE\">Nos dice el Cardenal Barreto:<o:p><\/o:p><\/span><\/p>\n<p class=\"MsoNormal\" style=\"background:white\"><span style=\"mso-fareast-font-family:\n\"Times New Roman\";mso-bidi-font-family:Calibri;mso-bidi-theme-font:minor-latin;\ncolor:#1C1E21;mso-fareast-language:ES-PE\">&#8211; Hacia una cooperaci\u00f3n planetaria, la amazon\u00eda y la ecolog\u00eda integral.<br \/>\n&#8211; La acci\u00f3n por la ecolog\u00eda integral debe entenderse, sentirse con el coraz\u00f3n y luego pasar a la voluntad.<br \/>\n&#8211; Ecolog\u00eda integral: Armon\u00eda entre todos los seres humanos sin distinci\u00f3n.<br \/>\n&#8211; V Conferencia del CELAM en Aparecida, en la que el Papa Benedicto XVI fij\u00f3 el camino en el que se resalta, en el documento final, la importancia de la amazon\u00eda para el mundo. Esto es importante para entender el momento actual sobre la importancia de la amazon\u00eda para la humanidad (Aparecida 38).<br \/>\n&#8211; El Documento de Aparecida se\u00f1alaba la necesidad de establecer una pastoral de conjunto con necesidades diferenciadas para crear un modelo de desarrollo que priorice a los pobres. Es un texto program\u00e1tico para entender actualmente el s\u00ednodo Panamaz\u00f3nico y la REPAM.<br \/>\n&#8211; Hay que relanzar la pastoral, la evangelizaci\u00f3n en la amazon\u00eda (Papa Francisco, 2013, a los 3 meses de asumir su pontificado).<br \/>\n&#8211; Hitos y avances de la REPAM: <br \/>\no Ha articulado a todo el territorio Panamaz\u00f3nico.<br \/>\no S\u00ednodo especial para la panamazon\u00eda: proceso de escucha sinodal.<br \/>\no Ejes prioritarios: Pueblos ind\u00edgenas, derechos humanos, comunicaci\u00f3n para la transformaci\u00f3n socio-pastoral, redes internacionales.<o:p><\/o:p><\/span><\/p>\n<p class=\"MsoNormal\" style=\"background:white\"><span style=\"mso-fareast-font-family:\n\"Times New Roman\";mso-bidi-font-family:Calibri;mso-bidi-theme-font:minor-latin;\ncolor:#1C1E21;mso-fareast-language:ES-PE\">&#8211; Los pueblos ind\u00edgenas han vuelto a renacer la esperanza, la iglesia y el Papa los ha tomado en serio junto con sus derechos inalienables.<br \/>\n&#8211; Lo m\u00e1s importante de la LS es que es parte de la DSI.<br \/>\n&#8211; Hay un eje petrino en todos los documentos del Papa Francisco: la alegr\u00eda, la esperanza.<br \/>\n&#8211; En 1971, Pablo VI advirti\u00f3 que los adelantos cient\u00edficos y tecnol\u00f3gicos podr\u00edan ir en contra de la dignidad de las personas.<br \/>\n&#8211; Profundizar en la reflexi\u00f3n: LS 31, LS 38.<br \/>\n&#8211; Cuando se habla de la biodiversidad se refiere tambi\u00e9n a la biodiversidad cultural. La amazon\u00eda es pluricultural, multi\u00e9tnica.<br \/>\n&#8211; Ecolog\u00eda integral es: A) Sabidur\u00eda, esto no es acumulaci\u00f3n de conocimientos cient\u00edficos, hablamos de la raz\u00f3n a trav\u00e9s del discernimiento en el esp\u00edritu, ese es un don de Dios que hay que pedir. B) Va al coraz\u00f3n y juntos razonamos, razonamos alegres, la alegr\u00eda es fruto del esp\u00edritu de Dios, es fruto del cuidado de la Casa Com\u00fan y de la vida. Dios nos habla a trav\u00e9s de todo lo creado. C) Va directamente a la voluntad: la lucidez que es una acci\u00f3n concertada para centrar la vida en Jes\u00fas, que es el camino la verdad y la vida. La ecolog\u00eda integral nos habla de una espiritualidad, por eso se insiste en la conversi\u00f3n ecol\u00f3gica.<br \/>\n&#8211; La ecolog\u00eda integral es el posicionamiento \u00e9tico de la Iglesia ante la sociedad, los pol\u00edticos, los empresarios, es un kair\u00f3s, es un tiempo propicio, implica acci\u00f3n, entusiasmo alegr\u00eda, no podemos convencer a otros si no estamos convencidos desde la raz\u00f3n, desde el coraz\u00f3n, desde la voluntad.<br \/>\n&#8211; El di\u00e1logo como instrumento fundamental. Jes\u00fas es la palabra de Dios, \u00c9l es el que nos comunica la voluntad de Dios.<br \/>\n&#8211; El respeto.<br \/>\n&#8211; Emergencia: ver y escuchar el clamor de la tierra. La amazon\u00eda hace que nos admiremos de la grandeza pero tambi\u00e9n de los grandes destrozos.<br \/>\n&#8211; Impere en la actualidad una actitud extractivista que maltrata nuestra madre tierra para aprovecharnos de ella.<br \/>\n&#8211; EG, 2do y 3er. Cap\u00edtulo, no siendo parte de la DSI, se\u00f1ala la evangelizaci\u00f3n integral.<br \/>\n&#8211; La acci\u00f3n eclesial y social, est\u00e1 en la prevenci\u00f3n y en la curaci\u00f3n: \u201cLuchar juntos, actuar Ya\u201d.<br \/>\n&#8211; \u201cServicio al mundo: curar juntos y estrechar las manos\u201d<br \/>\n&#8211; El 20% del ox\u00edgeno del mundo proviene de la amazon\u00eda, 20% del agua dulce del planeta (no congelada).<br \/>\n&#8211; La mayor riqueza no es la biodiversidad de recursos naturales, es la biodiversidad cultural.<br \/>\n&#8211; El Papa Francisco ha dicho sobre el S\u00ednodo que es un banco de prueba para toda la iglesia y un examen decisivo.<br \/>\n&#8211; Despu\u00e9s del S\u00ednodo, \u00bfqu\u00e9?: desaf\u00edo de una iglesia con rostro amaz\u00f3nico e ind\u00edgena, se tienen que crear redes Socioambientales, cooperaci\u00f3n planetaria, di\u00e1logo interreligioso.<br \/>\n&#8211; Jes\u00fas nos dice: Lc 23,34; Lc 9,41; Mt 4,19; Lc 16,8; Mt 5,37<br \/>\n&#8211; Tenemos que decir: \u201cS\u00ed la vida, S\u00ed a la amazon\u00eda y s\u00ed al seguimiento de Jes\u00fas\u201d, culmino el Cardenal Barreto, tambi\u00e9n llamado el \u201cCardenal de la ecolog\u00eda integral y de la amazon\u00eda\u201d.<o:p><\/o:p><\/span><\/p>\n<p class=\"MsoNormal\" style=\"background:white\"><span style=\"mso-fareast-font-family:\n\"Times New Roman\";mso-bidi-font-family:Calibri;mso-bidi-theme-font:minor-latin;\ncolor:#1C1E21;mso-fareast-language:ES-PE\"><o:p>\u00a0<\/o:p><\/span><\/p>\n<p class=\"MsoNormal\" style=\"background:white\"><i><span style=\"mso-fareast-font-family:\n\"Times New Roman\";mso-bidi-font-family:Calibri;mso-bidi-theme-font:minor-latin;\ncolor:#1C1E21;mso-fareast-language:ES-PE\">CEAS, 3 de junio de 2019.<\/span><\/i><span style=\"mso-fareast-font-family:\"Times New Roman\";mso-bidi-font-family:Calibri;\nmso-bidi-theme-font:minor-latin;color:#1C1E21;mso-fareast-language:ES-PE\"><o:p><\/o:p><\/span><\/p>\n<\/p>\n<p><a href=\"http:\/\/web.hilo.org.pe\/wp-content\/uploads\/47312d90-b006-4d6a-aeb6-2a62a3e6e5d7.JPG\" target=\"_blank\" rel=\"noopener\">Ver archivo adjunto<\/a><\/p>\n","protected":false},"excerpt":{"rendered":"<p>Cardenal Pedro Barreto Jimeno, Arzobispo de Huancayo (Per\u00fa): \u00bfQu\u00e9 est\u00e1n haciendo las iglesias latinoamericanas en relaci\u00f3n con las preocupaciones de Laudato Si y la carta pastoral del CELAM? \u00bfCu\u00e1les son los aspectos de derechos humanos?<\/p>\n","protected":false},"author":1,"featured_media":0,"comment_status":"closed","ping_status":"closed","sticky":false,"template":"","format":"standard","meta":{"footnotes":""},"categories":[9],"tags":[],"class_list":["post-3267","post","type-post","status-publish","format-standard","hentry","category-noticias"],"_links":{"self":[{"href":"https:\/\/ceas.org.pe\/index.php\/wp-json\/wp\/v2\/posts\/3267","targetHints":{"allow":["GET"]}}],"collection":[{"href":"https:\/\/ceas.org.pe\/index.php\/wp-json\/wp\/v2\/posts"}],"about":[{"href":"https:\/\/ceas.org.pe\/index.php\/wp-json\/wp\/v2\/types\/post"}],"author":[{"embeddable":true,"href":"https:\/\/ceas.org.pe\/index.php\/wp-json\/wp\/v2\/users\/1"}],"replies":[{"embeddable":true,"href":"https:\/\/ceas.org.pe\/index.php\/wp-json\/wp\/v2\/comments?post=3267"}],"version-history":[{"count":1,"href":"https:\/\/ceas.org.pe\/index.php\/wp-json\/wp\/v2\/posts\/3267\/revisions"}],"predecessor-version":[{"id":5951,"href":"https:\/\/ceas.org.pe\/index.php\/wp-json\/wp\/v2\/posts\/3267\/revisions\/5951"}],"wp:attachment":[{"href":"https:\/\/ceas.org.pe\/index.php\/wp-json\/wp\/v2\/media?parent=3267"}],"wp:term":[{"taxonomy":"category","embeddable":true,"href":"https:\/\/ceas.org.pe\/index.php\/wp-json\/wp\/v2\/categories?post=3267"},{"taxonomy":"post_tag","embeddable":true,"href":"https:\/\/ceas.org.pe\/index.php\/wp-json\/wp\/v2\/tags?post=3267"}],"curies":[{"name":"wp","href":"https:\/\/api.w.org\/{rel}","templated":true}]}}