{"id":3266,"date":"2019-06-03T12:33:02","date_gmt":"2019-06-03T12:33:02","guid":{"rendered":""},"modified":"2026-03-11T09:11:54","modified_gmt":"2026-03-11T14:11:54","slug":"seminario-internacional-servicio-al-mundo-para-el-cuidado-de-la-casa-comun","status":"publish","type":"post","link":"https:\/\/ceas.org.pe\/index.php\/2019\/06\/03\/seminario-internacional-servicio-al-mundo-para-el-cuidado-de-la-casa-comun\/","title":{"rendered":"Seminario Internacional Servicio al Mundo para el cuidado de la Casa Com\u00fan"},"content":{"rendered":"<p class=\"Default\" style=\"text-align:justify\"><b><span style=\"font-size:11.0pt;\nfont-family:\"Calibri\",sans-serif;mso-ascii-theme-font:minor-latin;mso-hansi-theme-font:\nminor-latin;mso-bidi-theme-font:minor-latin\">Seminario Internacional <\/span><\/b><b><span lang=\"ES-CO\" style=\"font-size:11.0pt;font-family:\"Calibri\",sans-serif;mso-ascii-theme-font:\nminor-latin;mso-hansi-theme-font:minor-latin;mso-bidi-theme-font:minor-latin;\nmso-ansi-language:ES-CO;mso-fareast-language:EN-US\">\u201cServicio al Mundo para el cuidado de la Casa Com\u00fan\u201d<\/span><\/b><span lang=\"ES-CO\" style=\"font-size:11.0pt;\nfont-family:\"Calibri\",sans-serif;mso-ascii-theme-font:minor-latin;mso-hansi-theme-font:\nminor-latin;mso-bidi-theme-font:minor-latin;mso-ansi-language:ES-CO;mso-fareast-language:\nEN-US\"> que se llevar\u00e1 a cabo d<\/span><span style=\"font-size:11.0pt;font-family:\n\"Calibri\",sans-serif;mso-ascii-theme-font:minor-latin;mso-hansi-theme-font:\nminor-latin;mso-bidi-theme-font:minor-latin;mso-fareast-language:EN-US\">el <b>3 al 7 de junio de 2019 en Bogot\u00e1<\/b>, est\u00e1n participando representando a CEAS, el P. Enrique Gonzales Carbajal, Secretario Ejecutivo y la Dra. Silvia Alayo D\u00e1vila, Secretaria Ejecutiva Adjunta.<\/span><span lang=\"ES-CO\" style=\"font-size:\n11.0pt;font-family:\"Calibri\",sans-serif;mso-ascii-theme-font:minor-latin;\nmso-hansi-theme-font:minor-latin;mso-bidi-theme-font:minor-latin;mso-ansi-language:\nES-CO;mso-fareast-language:EN-US\"><o:p><\/o:p><\/span><\/p>\n<p class=\"Default\" style=\"text-align:justify\"><span lang=\"ES-CO\" style=\"font-size:\n11.0pt;font-family:\"Calibri\",sans-serif;mso-ascii-theme-font:minor-latin;\nmso-hansi-theme-font:minor-latin;mso-bidi-theme-font:minor-latin;mso-ansi-language:\nES-CO;mso-fareast-language:EN-US\">La organizaci\u00f3n est\u00e1 a cargo de PODION, organizaci\u00f3n no gubernamental colombiana y AGEH Asociaci\u00f3n de Cooperaci\u00f3n para el Desarrollo, Alemania y tiene como objetivo ver los desaf\u00edos actuales, la llamada de la enc\u00edclica Laudato SI, las iniciativas eclesiales, los aspectos de derechos humanos, las experiencias de cooperaci\u00f3n entre la iglesia y la sociedad civil y las nuevas formas de cooperaci\u00f3n personal entre el Sur Global y el Norte Global.<o:p><\/o:p><\/span><\/p>\n<p class=\"Default\" style=\"text-align:justify\"><span style=\"font-size:11.0pt;\nfont-family:\"Calibri\",sans-serif;mso-ascii-theme-font:minor-latin;mso-hansi-theme-font:\nminor-latin;mso-bidi-theme-font:minor-latin\">Hoy, lunes 3 de junio se desarrollar\u00e1 el tema: El Servicio al Mundo en la Sociedad Global. Nuevas formas de cooperaci\u00f3n del personal de la Iglesia para la \u00abGran Transformaci\u00f3n\u00bb. <o:p><\/o:p><\/span><span style=\"font-size:11.0pt;\nfont-family:\"Calibri\",sans-serif;mso-ascii-theme-font:minor-latin;mso-hansi-theme-font:\nminor-latin;mso-bidi-theme-font:minor-latin\">Entre los ponentes se encuentran:<o:p><\/o:p><\/span><\/p>\n<ul>\n<li><span style=\"font-size:11.0pt;font-family:\"Calibri\",sans-serif;\nmso-ascii-theme-font:minor-latin;mso-hansi-theme-font:minor-latin;mso-bidi-theme-font:\nminor-latin\">Cardenal Peter Kodwo Appiah Turkson, Representante del Dicasterium ad Integram Humanam, Roma: Del Synode de Amazonia hacia al Mundo, el llamado de la Iglesia al Mundo.<o:p><\/o:p><\/span><\/li>\n<li><span style=\"font-size:11.0pt;font-family:\"Calibri\",sans-serif;\nmso-ascii-theme-font:minor-latin;mso-hansi-theme-font:minor-latin;mso-bidi-theme-font:\nminor-latin\">Cardenal Pedro Ricardo Jimeno Barreto, Arzobispo de Huancayo (Per\u00fa): \u00bfQu\u00e9 est\u00e1n haciendo las iglesias latinoamericanas en relaci\u00f3n con las preocupaciones de Laudato SI y la carta pastoral del CELAM?\u00a0 \u00bfCu\u00e1les son los aspectos de derechos humanos? <o:p><\/o:p><\/span><\/li>\n<li><span style=\"font-size:11.0pt;font-family:\"Calibri\",sans-serif;\nmso-ascii-theme-font:minor-latin;mso-hansi-theme-font:minor-latin;mso-bidi-theme-font:\nminor-latin\">Prof. Eduardo Gudynes: Fundamentos cient\u00edficos para la construcci\u00f3n de una \u00e9tica ambiental <o:p><\/o:p><\/span><\/li>\n<li><span style=\"font-size:11.0pt;font-family:\"Calibri\",sans-serif;\nmso-ascii-theme-font:minor-latin;mso-hansi-theme-font:minor-latin;mso-bidi-theme-font:\nminor-latin\">P. Francisco de Roux, Bogot\u00e1, Comisi\u00f3n de la Verdad: An\u00e1lisis del papel de la sociedad civil en el contexto latinoamericano con \u00e9nfasis en los movimientos \/ organizaciones sociales <o:p><\/o:p><\/span><\/li>\n<li><span style=\"font-size:11.0pt;font-family:\"Calibri\",sans-serif;\nmso-ascii-theme-font:minor-latin;mso-hansi-theme-font:minor-latin;mso-bidi-theme-font:\nminor-latin\">Msgr. Pirmin Spiegel, MISEREOR: La cooperaci\u00f3n internacional de las iglesias en el a\u00f1o 2030.<o:p><\/o:p><\/span><\/li>\n<\/ul>\n<p class=\"MsoNormal\" style=\"text-align:justify\"><span style=\"font-size:11.0pt;\nfont-family:\"Calibri\",sans-serif;mso-ascii-theme-font:minor-latin;mso-hansi-theme-font:\nminor-latin;mso-bidi-theme-font:minor-latin\">\u00a0<\/span><\/p>\n<p><i style=\"text-align: justify;\"><span style=\"font-size:11.0pt;font-family:\"Calibri\",sans-serif;\nmso-ascii-theme-font:minor-latin;mso-hansi-theme-font:minor-latin;mso-bidi-theme-font:\nminor-latin\">CEAS, 3 de junio de 2019.<\/span><\/i>\u00a0<\/p>\n<p><a href=\"http:\/\/web.hilo.org.pe\/wp-content\/uploads\/25fb3e3b-4938-4ab7-9358-c4791ab0520c.JPG\" target=\"_blank\" rel=\"noopener\">Ver archivo adjunto<\/a><\/p>\n","protected":false},"excerpt":{"rendered":"<p>Del 3 al 7 de junio de 2019 en Bogot\u00e1, se desarrollar\u00e1 el Seminario Internacional \u201cServicio al Mundo para el cuidado de la Casa Com\u00fan\u201d. organizado por PODION, organizaci\u00f3n no gubernamental colombiana y AGEH Asociaci\u00f3n de Cooperaci\u00f3n para el Desarrollo, Alemania.<\/p>\n","protected":false},"author":1,"featured_media":0,"comment_status":"closed","ping_status":"closed","sticky":false,"template":"","format":"standard","meta":{"footnotes":""},"categories":[9],"tags":[],"class_list":["post-3266","post","type-post","status-publish","format-standard","hentry","category-noticias"],"_links":{"self":[{"href":"https:\/\/ceas.org.pe\/index.php\/wp-json\/wp\/v2\/posts\/3266","targetHints":{"allow":["GET"]}}],"collection":[{"href":"https:\/\/ceas.org.pe\/index.php\/wp-json\/wp\/v2\/posts"}],"about":[{"href":"https:\/\/ceas.org.pe\/index.php\/wp-json\/wp\/v2\/types\/post"}],"author":[{"embeddable":true,"href":"https:\/\/ceas.org.pe\/index.php\/wp-json\/wp\/v2\/users\/1"}],"replies":[{"embeddable":true,"href":"https:\/\/ceas.org.pe\/index.php\/wp-json\/wp\/v2\/comments?post=3266"}],"version-history":[{"count":1,"href":"https:\/\/ceas.org.pe\/index.php\/wp-json\/wp\/v2\/posts\/3266\/revisions"}],"predecessor-version":[{"id":5952,"href":"https:\/\/ceas.org.pe\/index.php\/wp-json\/wp\/v2\/posts\/3266\/revisions\/5952"}],"wp:attachment":[{"href":"https:\/\/ceas.org.pe\/index.php\/wp-json\/wp\/v2\/media?parent=3266"}],"wp:term":[{"taxonomy":"category","embeddable":true,"href":"https:\/\/ceas.org.pe\/index.php\/wp-json\/wp\/v2\/categories?post=3266"},{"taxonomy":"post_tag","embeddable":true,"href":"https:\/\/ceas.org.pe\/index.php\/wp-json\/wp\/v2\/tags?post=3266"}],"curies":[{"name":"wp","href":"https:\/\/api.w.org\/{rel}","templated":true}]}}