{"id":3265,"date":"2019-05-31T17:48:53","date_gmt":"2019-05-31T17:48:53","guid":{"rendered":""},"modified":"2026-03-11T09:11:54","modified_gmt":"2026-03-11T14:11:54","slug":"foro-reformar-la-politica-para-acabar-con-la-corrupcion","status":"publish","type":"post","link":"https:\/\/ceas.org.pe\/index.php\/2019\/05\/31\/foro-reformar-la-politica-para-acabar-con-la-corrupcion\/","title":{"rendered":"FORO REFORMAR LA POL\u00cdTICA PARA ACABAR CON LA CORRUPCI\u00d3N"},"content":{"rendered":"<p class=\"MsoNormal\" align=\"center\" style=\"text-align:center\"><span lang=\"ES\">\u201cUnidos para defender la esperanza\u201d, implica mayor cultura de la transparencia entre entidades p\u00fablicas, sector privado y sociedad civil. Nadie puede resultar ajeno a este proceso, la corrupci\u00f3n es evitable y exige el compromiso de todos.<b><o:p><\/o:p><\/b><\/span><\/p>\n<p class=\"MsoNormal\" align=\"center\" style=\"text-align:center\"><i><span lang=\"ES\">(Papa Francisco en Palacio de Gobierno de Lima. 19 de enero de 2018)<o:p><\/o:p><\/span><\/i><\/p>\n<p class=\"MsoNormal\" style=\"text-align:justify\"><span lang=\"ES\"><br \/>\nHaciendo eco del mensaje que dej\u00f3 el Papa Francisco en su visita a nuestro pa\u00eds, la Comisi\u00f3n Episcopal de Acci\u00f3n Social, como parte del Grupo de Trabajo contra la Corrupci\u00f3n, co-organiz\u00f3 el 30 de mayo el Foro P\u00fablico \u201cReformar la pol\u00edtica para acabar con la corrupci\u00f3n\u201d. Participaron el Primer Ministro Salvador del Solar, exponiendo la posici\u00f3n del gobierno sobre la Reforma Pol\u00edtica, el Presidente de la Asamblea Nacional de Gobiernos Regionales, Mes\u00edas Guevara, los ex comisionados para la reforma pol\u00edtica, Mart\u00edn Tanaka y Milagros Campos, as\u00ed como representantes de diferentes organizaciones de la sociedad civil. El Foro tuvo por objetivo abrir el debate entre la ciudadan\u00eda sobre la importancia de la reforma pol\u00edtica para la lucha contra la corrupci\u00f3n en nuestro pa\u00eds. <o:p><\/o:p><\/span><\/p>\n<p><i style=\"text-align: justify;\"><span lang=\"ES\">CEAS, 31 de mayo de 2019.<\/span><\/i>\u00a0<\/p>\n<p><a href=\"http:\/\/web.hilo.org.pe\/wp-content\/uploads\/IMG_8959 web.jpg\" target=\"_blank\" rel=\"noopener\">Ver archivo adjunto<\/a><\/p>\n","protected":false},"excerpt":{"rendered":"<p>Haciendo eco del mensaje que dej\u00f3 el Papa Francisco en su visita a nuestro pa\u00eds, la Comisi\u00f3n Episcopal de Acci\u00f3n Social, como parte del Grupo de Trabajo contra la Corrupci\u00f3n, co-organiz\u00f3 el 30 de mayo el Foro P\u00fablico \u201cReformar la pol\u00edtica para acabar con la corrupci\u00f3n\u201d.<\/p>\n","protected":false},"author":1,"featured_media":0,"comment_status":"closed","ping_status":"closed","sticky":false,"template":"","format":"standard","meta":{"footnotes":""},"categories":[9],"tags":[],"class_list":["post-3265","post","type-post","status-publish","format-standard","hentry","category-noticias"],"_links":{"self":[{"href":"https:\/\/ceas.org.pe\/index.php\/wp-json\/wp\/v2\/posts\/3265","targetHints":{"allow":["GET"]}}],"collection":[{"href":"https:\/\/ceas.org.pe\/index.php\/wp-json\/wp\/v2\/posts"}],"about":[{"href":"https:\/\/ceas.org.pe\/index.php\/wp-json\/wp\/v2\/types\/post"}],"author":[{"embeddable":true,"href":"https:\/\/ceas.org.pe\/index.php\/wp-json\/wp\/v2\/users\/1"}],"replies":[{"embeddable":true,"href":"https:\/\/ceas.org.pe\/index.php\/wp-json\/wp\/v2\/comments?post=3265"}],"version-history":[{"count":1,"href":"https:\/\/ceas.org.pe\/index.php\/wp-json\/wp\/v2\/posts\/3265\/revisions"}],"predecessor-version":[{"id":5953,"href":"https:\/\/ceas.org.pe\/index.php\/wp-json\/wp\/v2\/posts\/3265\/revisions\/5953"}],"wp:attachment":[{"href":"https:\/\/ceas.org.pe\/index.php\/wp-json\/wp\/v2\/media?parent=3265"}],"wp:term":[{"taxonomy":"category","embeddable":true,"href":"https:\/\/ceas.org.pe\/index.php\/wp-json\/wp\/v2\/categories?post=3265"},{"taxonomy":"post_tag","embeddable":true,"href":"https:\/\/ceas.org.pe\/index.php\/wp-json\/wp\/v2\/tags?post=3265"}],"curies":[{"name":"wp","href":"https:\/\/api.w.org\/{rel}","templated":true}]}}