{"id":3264,"date":"2019-05-31T12:16:47","date_gmt":"2019-05-31T12:16:47","guid":{"rendered":""},"modified":"2026-03-11T09:11:54","modified_gmt":"2026-03-11T14:11:54","slug":"estamos-en-el-centro-de-una-grave-y-urgente-crisis-climatica-y-ecologica","status":"publish","type":"post","link":"https:\/\/ceas.org.pe\/index.php\/2019\/05\/31\/estamos-en-el-centro-de-una-grave-y-urgente-crisis-climatica-y-ecologica\/","title":{"rendered":"Estamos en el centro de una grave y urgente crisis clim\u00e1tica y ecol\u00f3gica"},"content":{"rendered":"<p class=\"MsoNormal\" style=\"margin-bottom:0cm;margin-bottom:.0001pt;text-align:\njustify;line-height:normal\">\u201cHoy las cosas son urgentes y graves. Hablar del futuro del derecho al agua significa que es inmediato porque el futuro est\u00e1 aqu\u00ed\u201d: lo dijo el Cardenal Claudio Hummes, Presidente de la Comisi\u00f3n Episcopal de los Obispos de Brasil y de la Repam, la Red Eclesial Panamaz\u00f3nica, en el marco del Seminario Internacional celebrado del 27 al 30 de mayo en Buenos Aires sobre el tema \u00abDel Derecho al Agua al Derecho al Futuro: Gobernanza e Innovaci\u00f3n para el Desarrollo Sustentable\u00bb.<o:p><\/o:p><\/p>\n<p class=\"MsoNormal\" style=\"margin-bottom:0cm;margin-bottom:.0001pt;text-align:\njustify;line-height:normal\"><o:p>\u00a0<\/o:p><\/p>\n<p class=\"MsoNormal\" style=\"margin-bottom:0cm;margin-bottom:.0001pt;text-align:\njustify;line-height:normal\">Entre los temas abordados por los expertos en materia, aquel de las innovaciones necesarias, tanto sociales como tecnol\u00f3gicas para la Gesti\u00f3n del Agua y el Saneamiento, las consecuencias de la falta de agua potable, las medidas que est\u00e1n llevando a cabo para intentar frenar esos flagelos, las consecuencias del paso del hombre sobre los ambientes naturales, y la importancia de la educaci\u00f3n y de la participaci\u00f3n de los j\u00f3venes para lograr los objetivos de desarrollo sostenible fijado para el a\u00f1o 2030.<o:p><\/o:p><\/p>\n<p class=\"MsoNormal\" style=\"margin-bottom:0cm;margin-bottom:.0001pt;text-align:\njustify;line-height:normal;mso-outline-level:2\"><b>\u00a0<\/b><\/p>\n<p class=\"MsoNormal\" style=\"margin-bottom:0cm;margin-bottom:.0001pt;text-align:\njustify;line-height:normal;mso-outline-level:2\"><b>Somos responsables de nuestro futuro<\/b><o:p><\/o:p><\/p>\n<p class=\"MsoNormal\" style=\"margin-bottom:0cm;margin-bottom:.0001pt;text-align:\njustify;line-height:normal\">\u00a0\u201cHablar del futuro \u2013 dijo el cardenal Claudio Hummes \u2013 es hablar de ni\u00f1os y j\u00f3venes, de los que vienen y a pesar de mis 84 a\u00f1os me siento responsable por ellos\u201d. El agua, un bien imprescindible para la supervivencia humana y para el equilibrio del ecosistema, ser\u00e1 por supuesto tratado en el pr\u00f3ximo<b>\u00a0<a href=\"http:\/\/www.synod2018.va\/content\/synod2018\/es.html\"><span style=\"color: black; text-decoration-line: none;\">S\u00ednodo sobre la Amazon\u00eda<\/span><\/a>\u00a0<\/b>en octubre. Entrevistado por VaticanNews, el purpurado se refiri\u00f3 a la importancia de este camino de toma de conciencia y de debates en vistas al pr\u00f3ximo s\u00ednodo:<o:p><\/o:p><\/p>\n<p class=\"MsoNormal\" style=\"margin-bottom:0cm;margin-bottom:.0001pt;text-align:\njustify;line-height:normal\"><o:p>\u00a0<\/o:p><\/p>\n<p class=\"MsoNormal\" style=\"margin-bottom:0cm;margin-bottom:.0001pt;text-align:\njustify;line-height:normal\">\u201cEl agua ciertamente es un elemento fundamental, no solamente para la vida en todo el planeta, para los seres vivos de este planeta, sino tambi\u00e9n de modo muy especial para el Amazonas, porque en la Amazon\u00eda es el agua que cuida de la foresta, una inmensidad de agua, y la foresta cuida del agua. Es \u00e9se sistema el que produce la gran biodiversidad, y los grandes guardianes milenarios de ese sistema que siempre vivieron en armon\u00eda con \u00e9l son los pueblos originarios, los ind\u00edgenas\u201d.<o:p><\/o:p><\/p>\n<p class=\"MsoNormal\" style=\"margin-bottom:0cm;margin-bottom:.0001pt;text-align:\njustify;line-height:normal;mso-outline-level:2\"><b>\u00a0<\/b><\/p>\n<p class=\"MsoNormal\" style=\"margin-bottom:0cm;margin-bottom:.0001pt;text-align:\njustify;line-height:normal;mso-outline-level:2\"><b>Grave y urgente crisis ecol\u00f3gica y clim\u00e1tica<\/b><o:p><\/o:p><\/p>\n<p class=\"MsoNormal\" style=\"margin-bottom:0cm;margin-bottom:.0001pt;text-align:\njustify;line-height:normal\">\u201cEstamos en el centro \u2013 dijo a\u00fan el purpurado \u2013 de la grave y urgente crisis ecol\u00f3gica y crisis clim\u00e1tica. Entonces, es necesario absolutamente que el S\u00ednodo hable y reflexione sobre la cuesti\u00f3n del agua por su necesidad esencial para todos los seres vivos, y en el caso del Amazon\u00eda, por toda la cuesti\u00f3n de la biodiversidad, de esa gran riqueza que tiene su h\u00e1bitat a partir tambi\u00e9n del agua, as\u00ed como de la foresta. Son cosas que no se pueden separar, por eso, ciertamente el S\u00ednodo ser\u00e1 un momento muy propicio para hablar sobre esto\u201d.<o:p><\/o:p><\/p>\n<p class=\"MsoNormal\" style=\"margin-bottom:0cm;margin-bottom:.0001pt;text-align:\njustify;line-height:normal;mso-outline-level:2\"><b>\u00a0<\/b><\/p>\n<p class=\"MsoNormal\" style=\"margin-bottom:0cm;margin-bottom:.0001pt;text-align:\njustify;line-height:normal;mso-outline-level:2\"><b>Necesario crear una cultura en el pueblo y su relaci\u00f3n con el agua<\/b><o:p><\/o:p><\/p>\n<p class=\"MsoNormal\" style=\"margin-bottom:0cm;margin-bottom:.0001pt;text-align:\njustify;line-height:normal\">La vast\u00edsima regi\u00f3n del Amazonas proporciona al mundo el 20 por ciento de agua dulce, motivo por el cual es urgente plantearse las preguntas y encontrar las respuestas para el bien de nuestra humanidad y de todos los seres que habitan nuestra tierra. \u00bfEste recurso precioso, pues, puede extinguirse? \u00bfQu\u00e9 medidas urgentes hay que tomar?<o:p><\/o:p><\/p>\n<p class=\"MsoNormal\" style=\"margin-bottom:0cm;margin-bottom:.0001pt;text-align:\njustify;line-height:normal\"><o:p>\u00a0<\/o:p><\/p>\n<p class=\"MsoNormal\" style=\"margin-bottom:0cm;margin-bottom:.0001pt;text-align:\njustify;line-height:normal\">\u201cTodos sabemos \u2013 respondi\u00f3 el card. Hummes \u2013 que el agua tambi\u00e9n es uno de los recursos que no son infinitos, y que si desperdiciada crea condiciones cada vez m\u00e1s dif\u00edciles, y por lo tanto la escasez del agua ser\u00e1 cada vez mayor. Extinguirse totalmente, es dif\u00edcil de decir, pero la escasez del agua y sobre todo del agua potable puede llegar a tal punto que no haya m\u00e1s condiciones de vida sobre el planeta. La escasez del agua puede ir sucediendo en la medida en que la crisis clim\u00e1tica y ecol\u00f3gica se va desarrollando y se va agravando. \u00bfQu\u00e9 medidas tomar en este tiempo? Primera cosa important\u00edsima es conseguir que las sociedad civil, la sociedad global humana est\u00e9 mejor informada sobre todo lo que est\u00e1 ocurriendo. M\u00e1s informada porque si la sociedad civil no tiene conocimiento suficiente tampoco tendr\u00e1 fuerzas para organizarse y para hacer presi\u00f3n sobre los gobiernos para que tomen las medidas necesarias que ya fueron delineadas en la COP21 con el acuerdo clim\u00e1tico, que pienso que es un gran acuerdo que debe ser realizado. Entonces, una de las medidas ciertamente es involucrar mucho m\u00e1s la sociedad civil, humana, para que podamos organizarnos y decidir las medidas necesarias a tomar por parte de aquellos que son responsables. Pero tambi\u00e9n por otra parte, es necesario crear una nueva cultura del pueblo en su relaci\u00f3n con el agua, c\u00f3mo debemos proteger el agua, en qu\u00e9 forma cuidar del agua, c\u00f3mo darnos cuenta de que el agua ya es escasa y no es infinita, por lo tanto es necesario cuidar del agua y saber en qu\u00e9 modo debemos hacerlo, c\u00f3mo relacionarnos con el agua para superar esta crisis\u201d.<o:p><\/o:p><\/p>\n<p class=\"MsoNormal\" style=\"margin-bottom:0cm;margin-bottom:.0001pt;text-align:\njustify;line-height:normal;mso-outline-level:2\"><b>\u00a0<\/b><\/p>\n<p class=\"MsoNormal\" style=\"margin-bottom:0cm;margin-bottom:.0001pt;text-align:\njustify;line-height:normal;mso-outline-level:2\"><b>Revoluci\u00f3n cultural y formaci\u00f3n para un consumo responsable<\/b><o:p><\/o:p><\/p>\n<p class=\"MsoNormal\" style=\"margin-bottom:0cm;margin-bottom:.0001pt;text-align:\njustify;line-height:normal\">Fundamental para este camino es la educaci\u00f3n. El Secretario del Dicasterio para la Comunicaci\u00f3n, Monse\u00f1or Lucio Adri\u00e1n Ruiz, se refiri\u00f3 precisamente a ella en la intervenci\u00f3n en el curso del seminario. Tras afirmar que \u201ccada acci\u00f3n del hombre tiene un impacto en el ecosistema\u201d, el prelado subray\u00f3 la importancia de la educaci\u00f3n y la creaci\u00f3n de una nueva cultura, una propuesta avanzada por el Papa Francisco en Laudato Si\u00ed, ambas indispensables para recuperar y preservar el medioambiente.<o:p><\/o:p><\/p>\n<p class=\"MsoNormal\" style=\"margin-bottom:0cm;margin-bottom:.0001pt;text-align:\njustify;line-height:normal\"><o:p>\u00a0<\/o:p><\/p>\n<p class=\"MsoNormal\" style=\"margin-bottom:0cm;margin-bottom:.0001pt;text-align:\njustify;line-height:normal\">Sin la conciencia de la necesidad de la custodia del creado y de la responsabilidad en administrar los recursos, dijo el prelado, \u201cacciones importantes, como el reciclaje de los desechos o el uso de energ\u00edas limpias, se banalizan porque quedan como actos impuestos por \u2018alguna\u2019 ley que, antes o despu\u00e9s, busca ser evadida, \u00abporque cuando s\u00f3lo se busca un r\u00e9dito econ\u00f3mico r\u00e1pido y f\u00e1cil, a nadie le interesa realmente su preservaci\u00f3n\u00bb (LS 36).<o:p><\/o:p><\/p>\n<p class=\"MsoNormal\" style=\"margin-bottom:0cm;margin-bottom:.0001pt;text-align:\njustify;line-height:normal;mso-outline-level:2\"><b>\u00a0<\/b><\/p>\n<p class=\"MsoNormal\" style=\"margin-bottom:0cm;margin-bottom:.0001pt;text-align:\njustify;line-height:normal;mso-outline-level:2\"><b>Una nueva conciencia ciudadana\u00a0<\/b><o:p><\/o:p><\/p>\n<p class=\"MsoNormal\" style=\"margin-bottom:0cm;margin-bottom:.0001pt;text-align:\njustify;line-height:normal\">Por lo tanto, es en la formaci\u00f3n de este \u201cnuevo paradigma que se puede asegurar un cambio real, una nueva concepci\u00f3n para habitar la casa com\u00fan\u201d:<o:p><\/o:p><\/p>\n<p class=\"MsoNormal\" style=\"margin-bottom:0cm;margin-bottom:.0001pt;text-align:\njustify;line-height:normal\"><o:p>\u00a0<\/o:p><\/p>\n<p class=\"MsoNormal\" style=\"margin-bottom:0cm;margin-bottom:.0001pt;text-align:\njustify;line-height:normal\">\u201cEs urgente \u2013 expres\u00f3 el Secretario del Dicasterio para la Comunicaci\u00f3n \u2013 que nuevas acciones se inspiren cada vez m\u00e1s en una profunda conciencia de que en la creaci\u00f3n, en nuestra casa com\u00fan todo est\u00e1 conectado, y que nuestras decisiones, peque\u00f1as o grandes, tienen impactos profundos a nivel ambiental y social. Este es un desaf\u00edo que exige una nueva conciencia ciudadana, que no le pida al Estado un cambio que primero no ha empezado por casa, porque \u2018mi casa\u2019 es el lugar m\u00e1s fundamental para la educaci\u00f3n de todo tipo. Por otra parte que los Estados no pretendan un cambio en las conductas de los ciudadanos que no ha sido acompa\u00f1ada con infraestructuras, actividades y leyes que den forma y promuevan las acciones de las personas, y que sean tambi\u00e9n vinculantes para los mismos Estados y para las vidas y acciones de los mismos que los gobiernan\u201d.<o:p><\/o:p><\/p>\n<p class=\"MsoNormal\" style=\"margin-bottom:0cm;margin-bottom:.0001pt;text-align:\njustify;line-height:normal\"><o:p>\u00a0<\/o:p><\/p>\n<p class=\"MsoNormal\" style=\"margin-bottom:0cm;margin-bottom:.0001pt;text-align:\njustify;line-height:normal\">El Seminario fue organizado por el Instituto Para el Di\u00e1logo Global y la Cultura del Encuentro (IDGCE) junto a la Secretar\u00eda de Ambiente y Desarrollo Sustentable de la Naci\u00f3n, Agua y Saneamientos Argentinos (AySA) y la Fundaci\u00f3n de los Trabajadores Sanitaristas para la Formaci\u00f3n y el Desarrollo (FUTRASAFODE).\u00a0<o:p><\/o:p><\/p>\n<p><i style=\"text-align: justify;\">Tomado de: VATICAN NEWS. Por: <\/i><i style=\"text-align: justify;\">Griselda Mutual. Ciudad del Vaticano. 30 de mayo de 2019.<\/i>\u00a0<\/p>\n<p><a href=\"http:\/\/web.hilo.org.pe\/wp-content\/uploads\/Cardenal Hummes.jpeg\" target=\"_blank\" rel=\"noopener\">Ver archivo adjunto<\/a><\/p>\n","protected":false},"excerpt":{"rendered":"<p>El agua, bien imprescindible para la supervivencia humana y para el equilibrio del ecosistema, fue el tema del Seminario que se llev\u00f3 a cabo en Buenos Aires titulado \u00abDel Derecho al Agua al Derecho al Futuro: Gobernanza e Innovaci\u00f3n para el Desarrollo Sustentable\u00bb. Entrevista al card. Hummes, Presidente de REPAM.<\/p>\n","protected":false},"author":1,"featured_media":0,"comment_status":"closed","ping_status":"closed","sticky":false,"template":"","format":"standard","meta":{"footnotes":""},"categories":[9],"tags":[],"class_list":["post-3264","post","type-post","status-publish","format-standard","hentry","category-noticias"],"_links":{"self":[{"href":"https:\/\/ceas.org.pe\/index.php\/wp-json\/wp\/v2\/posts\/3264","targetHints":{"allow":["GET"]}}],"collection":[{"href":"https:\/\/ceas.org.pe\/index.php\/wp-json\/wp\/v2\/posts"}],"about":[{"href":"https:\/\/ceas.org.pe\/index.php\/wp-json\/wp\/v2\/types\/post"}],"author":[{"embeddable":true,"href":"https:\/\/ceas.org.pe\/index.php\/wp-json\/wp\/v2\/users\/1"}],"replies":[{"embeddable":true,"href":"https:\/\/ceas.org.pe\/index.php\/wp-json\/wp\/v2\/comments?post=3264"}],"version-history":[{"count":1,"href":"https:\/\/ceas.org.pe\/index.php\/wp-json\/wp\/v2\/posts\/3264\/revisions"}],"predecessor-version":[{"id":5954,"href":"https:\/\/ceas.org.pe\/index.php\/wp-json\/wp\/v2\/posts\/3264\/revisions\/5954"}],"wp:attachment":[{"href":"https:\/\/ceas.org.pe\/index.php\/wp-json\/wp\/v2\/media?parent=3264"}],"wp:term":[{"taxonomy":"category","embeddable":true,"href":"https:\/\/ceas.org.pe\/index.php\/wp-json\/wp\/v2\/categories?post=3264"},{"taxonomy":"post_tag","embeddable":true,"href":"https:\/\/ceas.org.pe\/index.php\/wp-json\/wp\/v2\/tags?post=3264"}],"curies":[{"name":"wp","href":"https:\/\/api.w.org\/{rel}","templated":true}]}}