{"id":3263,"date":"2019-05-25T15:28:38","date_gmt":"2019-05-25T15:28:38","guid":{"rendered":""},"modified":"2026-03-11T09:11:54","modified_gmt":"2026-03-11T14:11:54","slug":"aniversario-laudato-si-cientificos-respondan-a-la-crisis-climatica","status":"publish","type":"post","link":"https:\/\/ceas.org.pe\/index.php\/2019\/05\/25\/aniversario-laudato-si-cientificos-respondan-a-la-crisis-climatica\/","title":{"rendered":"Aniversario Laudato Si: cient\u00edficos respondan a la crisis clim\u00e1tica"},"content":{"rendered":"<p style=\"margin: 0cm 0cm 0.0001pt; text-align: justify; background-image: initial; background-position: initial; background-size: initial; background-repeat: initial; background-attachment: initial; background-origin: initial; background-clip: initial;\"><span style=\"font-size:11.0pt;font-family:\"Calibri\",\"sans-serif\";mso-ascii-theme-font:\nminor-latin;mso-hansi-theme-font:minor-latin;mso-bidi-theme-font:minor-latin\">Este 24 de mayo se cumple el 4\u00b0 aniversario de la promulgaci\u00f3n de la enc\u00edclica del Papa Francisco\u00a0<b style=\"box-sizing: border-box;-webkit-tap-highlight-color: rgba(0, 0, 0, 0)\"><i style=\"box-sizing: border-box;-webkit-tap-highlight-color: rgba(0, 0, 0, 0)\">Laudato Si<\/i><\/b>\u00a0\u00a0sobre el cuidado de la casa com\u00fan. Con este motivo, el Cardenal Peter Kodwo Appiah Turkson, Prefecto del Dicasterio para el Servicio de Desarrollo Humano Integral, envi\u00f3 un\u00a0<b style=\"box-sizing: border-box;\n-webkit-tap-highlight-color: rgba(0, 0, 0, 0)\"><i style=\"box-sizing: border-box;\n-webkit-tap-highlight-color: rgba(0, 0, 0, 0)\"><a href=\"https:\/\/press.vatican.va\/content\/salastampa\/es\/bollettino\/pubblico\/2019\/05\/24\/mens.html\" target=\"_blank\" style=\"box-sizing: border-box;-webkit-tap-highlight-color: rgba(0, 0, 0, 0)\"><span style=\"color:windowtext\">mensaje a la comunidad cient\u00edfica<\/span><\/a><\/i><\/b>\u00a0\u00a0en el que comienza recordando la audiencia del Santo Padre a algunos de sus colegas, comenzando por el climat\u00f3logo franc\u00e9s Jean Jouzel, miembro del Panel Intergubernamental sobre el Cambio Clim\u00e1tico.<o:p><\/o:p><\/span><\/p>\n<p style=\"margin: 0cm 0cm 0.0001pt; text-align: justify; background-image: initial; background-position: initial; background-size: initial; background-repeat: initial; background-attachment: initial; background-origin: initial; background-clip: initial;\"><span style=\"font-size:11.0pt;font-family:\"Calibri\",\"sans-serif\";mso-ascii-theme-font:\nminor-latin;mso-hansi-theme-font:minor-latin;mso-bidi-theme-font:minor-latin\">\u00a0<\/span><\/p>\n<p style=\"margin: 0cm 0cm 0.0001pt; background-image: initial; background-position: initial; background-size: initial; background-repeat: initial; background-attachment: initial; background-origin: initial; background-clip: initial; box-sizing: border-box; -webkit-tap-highlight-color: rgba(0, 0, 0, 0);\"><span style=\"font-size:11.0pt;\nfont-family:\"Calibri\",\"sans-serif\";mso-ascii-theme-font:minor-latin;mso-hansi-theme-font:\nminor-latin;mso-bidi-theme-font:minor-latin\">Al respecto el Purpurado destaca que compartieron las profundas preocupaciones de muchos cient\u00edficos expertos en el campo en relaci\u00f3n con la actual crisis clim\u00e1tica, causada por la interferencia humana en la naturaleza. Y escribe que precisamente en el a\u00f1o 2015, el Pont\u00edfice public\u00f3 la enc\u00edclica Laudato Si, partiendo de las preocupaciones sobre las \u201cgrietas del planeta que habitamos\u201d y con la esperanza de \u201cdialogar con todos sobre nuestra casa com\u00fan\u201d.<o:p><\/o:p><\/span><\/p>\n<h2 style=\"margin-top: 0cm; text-align: justify; line-height: normal; background-image: initial; background-position: initial; background-size: initial; background-repeat: initial; background-attachment: initial; background-origin: initial; background-clip: initial;\"><span style=\"font-size:11.0pt;font-family:\"Calibri\",\"sans-serif\";\nmso-ascii-theme-font:minor-latin;mso-hansi-theme-font:minor-latin;mso-bidi-theme-font:\nminor-latin;color:windowtext\">\u00a0<\/span><\/h2>\n<h2 style=\"margin-top: 0cm; text-align: justify; line-height: normal; background-image: initial; background-position: initial; background-size: initial; background-repeat: initial; background-attachment: initial; background-origin: initial; background-clip: initial;\"><span style=\"font-size:11.0pt;font-family:\"Calibri\",\"sans-serif\";\nmso-ascii-theme-font:minor-latin;mso-hansi-theme-font:minor-latin;mso-bidi-theme-font:\nminor-latin;color:windowtext\">Evitar convertir la casa com\u00fan en un invernadero<\/span><span style=\"font-size:11.0pt;font-family:\"Calibri\",\"sans-serif\";mso-ascii-theme-font:\nminor-latin;mso-hansi-theme-font:minor-latin;mso-bidi-theme-font:minor-latin;\ncolor:windowtext;font-weight:normal\"><o:p><\/o:p><\/span><\/h2>\n<p style=\"margin: 0cm 0cm 0.0001pt; background-image: initial; background-position: initial; background-size: initial; background-repeat: initial; background-attachment: initial; background-origin: initial; background-clip: initial; box-sizing: border-box; -webkit-tap-highlight-color: rgba(0, 0, 0, 0);\"><span style=\"font-size:11.0pt;\nfont-family:\"Calibri\",\"sans-serif\";mso-ascii-theme-font:minor-latin;mso-hansi-theme-font:\nminor-latin;mso-bidi-theme-font:minor-latin\">Refiri\u00e9ndose al Informe Especial del a\u00f1o 2018 sobre la l\u00f3gica y la viabilidad del l\u00edmite de 1.5 \u00b0C, para lograr detener el calentamiento global y evitar que \u00a0nuestra casa com\u00fan se convierta en un \u201cinvernadero\u201d, el Prefecto del Dicasterio para el Servicio de Desarrollo Humano Integral glosando la enc\u00edclica papal afirma que \u201clos pobres pagan el precio m\u00e1s alto del cambio clim\u00e1tico. S\u00ed, porque \u201ctanto la experiencia com\u00fan de la vida ordinaria como la investigaci\u00f3n cient\u00edfica demuestran que los m\u00e1s graves efectos de todas las agresiones ambientales los sufre la gente m\u00e1s pobre\u201d. De ah\u00ed que debamos \u201cresponder con valent\u00eda a los gritos cada vez m\u00e1s angustioso de la tierra y de sus pobres\u201d.<o:p><\/o:p><\/span><\/p>\n<h2 style=\"margin-top: 0cm; text-align: justify; line-height: normal; background-image: initial; background-position: initial; background-size: initial; background-repeat: initial; background-attachment: initial; background-origin: initial; background-clip: initial;\"><span style=\"font-size:11.0pt;font-family:\"Calibri\",\"sans-serif\";\nmso-ascii-theme-font:minor-latin;mso-hansi-theme-font:minor-latin;mso-bidi-theme-font:\nminor-latin;color:windowtext\">\u00a0<\/span><\/h2>\n<h2 style=\"margin-top: 0cm; text-align: justify; line-height: normal; background-image: initial; background-position: initial; background-size: initial; background-repeat: initial; background-attachment: initial; background-origin: initial; background-clip: initial;\"><span style=\"font-size:11.0pt;font-family:\"Calibri\",\"sans-serif\";\nmso-ascii-theme-font:minor-latin;mso-hansi-theme-font:minor-latin;mso-bidi-theme-font:\nminor-latin;color:windowtext\">Umbral religioso<\/span><span style=\"font-size:\n11.0pt;font-family:\"Calibri\",\"sans-serif\";mso-ascii-theme-font:minor-latin;\nmso-hansi-theme-font:minor-latin;mso-bidi-theme-font:minor-latin;color:windowtext;\nfont-weight:normal\"><o:p><\/o:p><\/span><\/h2>\n<p style=\"margin: 0cm 0cm 0.0001pt; background-image: initial; background-position: initial; background-size: initial; background-repeat: initial; background-attachment: initial; background-origin: initial; background-clip: initial; box-sizing: border-box; -webkit-tap-highlight-color: rgba(0, 0, 0, 0);\"><span style=\"font-size:11.0pt;\nfont-family:\"Calibri\",\"sans-serif\";mso-ascii-theme-font:minor-latin;mso-hansi-theme-font:\nminor-latin;mso-bidi-theme-font:minor-latin\">Habla adem\u00e1s de \u201cun umbral religioso\u201d, puesto que \u201cel mundo que estamos destruyendo \u2013 escribe el Cardenal Turkson \u2013 es el don de Dios a la humanidad, precisamente esa casa santificada por el Esp\u00edritu divino al principio de la creaci\u00f3n, el lugar donde \u00c9l coloc\u00f3 su tienda entre nosotros. Y citando al Papa Benedicto XVI, a\u00f1ade: la tierra \u201cno es una realidad neutral, mera materia que se puede utilizar indiferentemente seg\u00fan el instinto humano\u201d, sino la creaci\u00f3n de Dios.<o:p><\/o:p><\/span><\/p>\n<h2 style=\"margin-top: 0cm; line-height: normal; background-image: initial; background-position: initial; background-size: initial; background-repeat: initial; background-attachment: initial; background-origin: initial; background-clip: initial; box-sizing: border-box; -webkit-tap-highlight-color: rgba(0, 0, 0, 0);\"><span style=\"font-size:11.0pt;\nfont-family:\"Calibri\",\"sans-serif\";mso-ascii-theme-font:minor-latin;mso-hansi-theme-font:\nminor-latin;mso-bidi-theme-font:minor-latin;color:windowtext\">\u00a0<\/span><\/h2>\n<h2 style=\"margin-top: 0cm; text-align: justify; line-height: normal; background-image: initial; background-position: initial; background-size: initial; background-repeat: initial; background-attachment: initial; background-origin: initial; background-clip: initial;\"><span style=\"font-size:11.0pt;font-family:\"Calibri\",\"sans-serif\";\nmso-ascii-theme-font:minor-latin;mso-hansi-theme-font:minor-latin;mso-bidi-theme-font:\nminor-latin;color:windowtext\">Los j\u00f3venes nos reclaman un cambio<\/span><span style=\"font-size:11.0pt;font-family:\"Calibri\",\"sans-serif\";mso-ascii-theme-font:\nminor-latin;mso-hansi-theme-font:minor-latin;mso-bidi-theme-font:minor-latin;\ncolor:windowtext;font-weight:normal\"><o:p><\/o:p><\/span><\/h2>\n<p style=\"margin: 0cm 0cm 0.0001pt; background-image: initial; background-position: initial; background-size: initial; background-repeat: initial; background-attachment: initial; background-origin: initial; background-clip: initial; box-sizing: border-box; -webkit-tap-highlight-color: rgba(0, 0, 0, 0);\"><span style=\"font-size:11.0pt;\nfont-family:\"Calibri\",\"sans-serif\";mso-ascii-theme-font:minor-latin;mso-hansi-theme-font:\nminor-latin;mso-bidi-theme-font:minor-latin\">De manera que \u201cel alarmante llamado de los cient\u00edficos a actuar para cuidar nuestra casa com\u00fan que se est\u00e1 desmoronando tambi\u00e9n est\u00e1 respaldado por un llamamiento muy poderoso proveniente de las generaciones j\u00f3venes, cuyo futuro est\u00e1 amenazado\u201d. A la vez que recuerda que \u201cen la Jornada Mundial de la Juventud en Panam\u00e1, este a\u00f1o, los j\u00f3venes lanzaron la Generaci\u00f3n Laudato Si y publicaron un poderoso manifiesto, que desaf\u00eda a las comunidades religiosas y la sociedad civil a una conversi\u00f3n ecol\u00f3gica radical en acci\u00f3n\u201d.<o:p><\/o:p><\/span><\/p>\n<h2 style=\"margin-top: 0cm; text-align: justify; line-height: normal; background-image: initial; background-position: initial; background-size: initial; background-repeat: initial; background-attachment: initial; background-origin: initial; background-clip: initial;\"><span style=\"font-size:11.0pt;font-family:\"Calibri\",\"sans-serif\";\nmso-ascii-theme-font:minor-latin;mso-hansi-theme-font:minor-latin;mso-bidi-theme-font:\nminor-latin;color:windowtext\">\u00a0<\/span><\/h2>\n<h2 style=\"margin-top: 0cm; text-align: justify; line-height: normal; background-image: initial; background-position: initial; background-size: initial; background-repeat: initial; background-attachment: initial; background-origin: initial; background-clip: initial;\"><span style=\"font-size:11.0pt;font-family:\"Calibri\",\"sans-serif\";\nmso-ascii-theme-font:minor-latin;mso-hansi-theme-font:minor-latin;mso-bidi-theme-font:\nminor-latin;color:windowtext\">Tomar medidas dr\u00e1sticas para cambiar el rumbo<\/span><span style=\"font-size:11.0pt;font-family:\"Calibri\",\"sans-serif\";mso-ascii-theme-font:\nminor-latin;mso-hansi-theme-font:minor-latin;mso-bidi-theme-font:minor-latin;\ncolor:windowtext;font-weight:normal\"><o:p><\/o:p><\/span><\/h2>\n<p style=\"margin: 0cm 0cm 0.0001pt; background-image: initial; background-position: initial; background-size: initial; background-repeat: initial; background-attachment: initial; background-origin: initial; background-clip: initial; box-sizing: border-box; -webkit-tap-highlight-color: rgba(0, 0, 0, 0);\"><span style=\"font-size:11.0pt;\nfont-family:\"Calibri\",\"sans-serif\";mso-ascii-theme-font:minor-latin;mso-hansi-theme-font:\nminor-latin;mso-bidi-theme-font:minor-latin\">Despu\u00e9s de diversas consideraciones el Purpurado no duda en afirmar la bondad de \u201cunirse a los cient\u00edficos y a los j\u00f3venes para solicitar a nuestra familia humana, especialmente a aquellos que est\u00e1n en posiciones de poder pol\u00edtico y econ\u00f3mico, que tomen medidas dr\u00e1sticas para cambiar el rumbo\u201d. Puesto que, como escribe el Papa, \u201cdebemos pensar en un solo mundo, en un proyecto com\u00fan\u201d y \u201clos gobiernos tienen el deber de respetar los compromisos que asumieron\u201d en 2015.<o:p><\/o:p><\/span><\/p>\n<p class=\"MsoNormal\" style=\"margin-bottom:0cm;margin-bottom:.0001pt;text-align:\njustify;line-height:normal\"><o:p>\u00a0<\/o:p><\/p>\n<h2 style=\"margin-top: 0cm; text-align: justify; line-height: normal; background-image: initial; background-position: initial; background-size: initial; background-repeat: initial; background-attachment: initial; background-origin: initial; background-clip: initial;\"><span style=\"font-size:11.0pt;font-family:\"Calibri\",\"sans-serif\";\nmso-ascii-theme-font:minor-latin;mso-hansi-theme-font:minor-latin;mso-bidi-theme-font:\nminor-latin;color:windowtext\">Poner a punto planes nacionales en base al Acuerdo de Par\u00eds<\/span><span style=\"font-size:11.0pt;font-family:\"Calibri\",\"sans-serif\";\nmso-ascii-theme-font:minor-latin;mso-hansi-theme-font:minor-latin;mso-bidi-theme-font:\nminor-latin;color:windowtext;font-weight:normal\"><o:p><\/o:p><\/span><\/h2>\n<p style=\"margin: 0cm 0cm 0.0001pt; background-image: initial; background-position: initial; background-size: initial; background-repeat: initial; background-attachment: initial; background-origin: initial; background-clip: initial; box-sizing: border-box; -webkit-tap-highlight-color: rgba(0, 0, 0, 0);\"><span style=\"font-size:11.0pt;\nfont-family:\"Calibri\",\"sans-serif\";mso-ascii-theme-font:minor-latin;mso-hansi-theme-font:\nminor-latin;mso-bidi-theme-font:minor-latin\">Por esta raz\u00f3n agrega que \u201clos l\u00edderes mundiales que participan en la Cumbre de las Naciones Unidas sobre el Clima el pr\u00f3ximo septiembre de 2019 deben poner a punto planes nacionales s\u00f3lidos para la implementaci\u00f3n del Acuerdo de Par\u00eds, especialmente los \u201cpa\u00edses m\u00e1s poderosos y m\u00e1s contaminantes\u201d. A la vez que \u201cpara enfrentar esta alarmante crisis clim\u00e1tica, necesitamos movilizar la voluntad y la decisi\u00f3n, as\u00ed como los recursos econ\u00f3micos a gran escala\u201d.<o:p><\/o:p><\/span><\/p>\n<p class=\"MsoNormal\" style=\"margin-bottom:0cm;margin-bottom:.0001pt;text-align:\njustify;line-height:normal\"><o:p>\u00a0<\/o:p><\/p>\n<p><i style=\"text-align: justify;\">Tomado de: VATICAN NEWS. 24 de mayo de 2019.<\/i>\u00a0<\/p>\n<p><a href=\"http:\/\/web.hilo.org.pe\/wp-content\/uploads\/Aniversario LaudatoSi.jpeg\" target=\"_blank\" rel=\"noopener\">Ver archivo adjunto<\/a><\/p>\n","protected":false},"excerpt":{"rendered":"<p>El Dicasterio para el Servicio de Desarrollo Humano Integral dirige un mensaje a la comunidad cient\u00edfica con motivo del IV aniversario de la promulgaci\u00f3n de la enc\u00edclica del Papa Francisco sobre el cuidado de la casa com\u00fan.<\/p>\n","protected":false},"author":1,"featured_media":0,"comment_status":"closed","ping_status":"closed","sticky":false,"template":"","format":"standard","meta":{"footnotes":""},"categories":[9],"tags":[],"class_list":["post-3263","post","type-post","status-publish","format-standard","hentry","category-noticias"],"_links":{"self":[{"href":"https:\/\/ceas.org.pe\/index.php\/wp-json\/wp\/v2\/posts\/3263","targetHints":{"allow":["GET"]}}],"collection":[{"href":"https:\/\/ceas.org.pe\/index.php\/wp-json\/wp\/v2\/posts"}],"about":[{"href":"https:\/\/ceas.org.pe\/index.php\/wp-json\/wp\/v2\/types\/post"}],"author":[{"embeddable":true,"href":"https:\/\/ceas.org.pe\/index.php\/wp-json\/wp\/v2\/users\/1"}],"replies":[{"embeddable":true,"href":"https:\/\/ceas.org.pe\/index.php\/wp-json\/wp\/v2\/comments?post=3263"}],"version-history":[{"count":1,"href":"https:\/\/ceas.org.pe\/index.php\/wp-json\/wp\/v2\/posts\/3263\/revisions"}],"predecessor-version":[{"id":5955,"href":"https:\/\/ceas.org.pe\/index.php\/wp-json\/wp\/v2\/posts\/3263\/revisions\/5955"}],"wp:attachment":[{"href":"https:\/\/ceas.org.pe\/index.php\/wp-json\/wp\/v2\/media?parent=3263"}],"wp:term":[{"taxonomy":"category","embeddable":true,"href":"https:\/\/ceas.org.pe\/index.php\/wp-json\/wp\/v2\/categories?post=3263"},{"taxonomy":"post_tag","embeddable":true,"href":"https:\/\/ceas.org.pe\/index.php\/wp-json\/wp\/v2\/tags?post=3263"}],"curies":[{"name":"wp","href":"https:\/\/api.w.org\/{rel}","templated":true}]}}