{"id":3262,"date":"2019-05-25T15:14:47","date_gmt":"2019-05-25T15:14:47","guid":{"rendered":""},"modified":"2026-03-11T09:11:54","modified_gmt":"2026-03-11T14:11:54","slug":"el-proceso-de-busqueda-de-las-personas-desaparecidas-desde-la-mirada-de-los-familiares","status":"publish","type":"post","link":"https:\/\/ceas.org.pe\/index.php\/2019\/05\/25\/el-proceso-de-busqueda-de-las-personas-desaparecidas-desde-la-mirada-de-los-familiares\/","title":{"rendered":"El proceso de b\u00fasqueda de las personas desaparecidas, desde la mirada de los familiares"},"content":{"rendered":"<p class=\"MsoNormal\" style=\"text-align:justify\"><span lang=\"ES\">Este proceso representa experiencias y testimonios vividos en la b\u00fasqueda de personas desaparecidas, a\u00f1os de sufrimiento, pero tambi\u00e9n de lucha y fortaleza, al encontrar los restos de sus familiares y darle un entierro digno.\u00a0<o:p><\/o:p><\/span><\/p>\n<p class=\"MsoNormal\" style=\"text-align:justify\">El Conversatorio denominado \u201cEl proceso de b\u00fasqueda de las personas desaparecidas, desde la mirada de los familiares\u201d se realiz\u00f3 el 3 de mayo en el Auditorio del Instituto Bartolom\u00e9 de las Casas en Lince, evento organizado por la Red de Mujeres \u201cForjadoras de Paz\u201d, con el acompa\u00f1amiento y auspicio de la Comisi\u00f3n Episcopal de Acci\u00f3n Social &#8211; CEAS. En el evento se tuvo la participaci\u00f3n de la Direcci\u00f3n General de B\u00fasqueda de Personas Desaparecidas del Ministerio de Justicia, quienes expusieron la intervenci\u00f3n que realizan en los distintos puntos del pa\u00eds, desde un enfoque humanitario y sobre todo teniendo<span style=\"mso-spacerun:yes\">\u00a0 <\/span>una comunicaci\u00f3n e informaci\u00f3n <span style=\"mso-spacerun:yes\">\u00a0<\/span>con los familiares de los casos.<\/p>\n<p class=\"MsoNormal\" style=\"text-align:justify\">Testimonios como el de Irene Ram\u00edrez Buitr\u00f3n, dan muestra de la necesidad que tienen los familiares de alcanzar verdad y justicia.<span style=\"mso-spacerun:yes\">\u00a0 <\/span>\u201cDespu\u00e9s del entierro digno me pongo un poco calmada, un poco conforme. Ese d\u00eda del entierro digno, el Ministerio de Justicia, vino a pedir perd\u00f3n por lo que hicieron esas atrocidades, eso me hizo sentir calmada. Han reconocido justamente que fueron inocentes nuestros seres queridos. Mi padre y todas las autoridades de Parcco-Pomatambo eran inocentes, eso un poco nos ha calmado\u201d. <span style=\"mso-spacerun:yes\">\u00a0<\/span><\/p>\n<p class=\"MsoNormal\" style=\"text-align:justify\">\u201cAgradezco el apoyo incondicional de CEAS, de haber hecho el entierro digno de Parcco-Pomatambo, en Ayacucho, del cual est\u00e1 incluido mi padre, me siento muy contenta y feliz, con ganas de seguir trabajando, apoyando a otros familiares con experiencia y seguir ayudando a aquellas personas que faltan todav\u00eda, ojala Dios quiera que el Estado se preocupe un poquito m\u00e1s en dar recursos a aquellas personas que faltan los familiares para que puedan seguir trabajando como nosotros, que vamos a seguir trabajando hasta encontrar a aquellos familiares que falta para poder hacer su entierro digno, para estar bien con uno mismo, con todas aquellas personas que a\u00fan est\u00e1n sufriendo por no encontrar a sus seres queridos\u201d, nos dijo Clotilde Najarro Rem\u00f3n.<\/p>\n<p class=\"MsoNormal\" style=\"text-align:justify\">La Red de Mujeres \u201cforjadoras de paz\u201d, en el proceso de b\u00fasqueda de las personas desaparecidas, buscan acompa\u00f1ar a otros familiares de personas desaparecidas, ellas son conscientes que estos procesos reci\u00e9n se est\u00e1n construyendo y es necesario socializar sus experiencias porque entre todos y todas se fortalece enfatiz\u00f3, Doris Quispe La Rosa.<\/p>\n<p class=\"MsoNormal\" style=\"text-align:justify\"><i style=\"mso-bidi-font-style:\nnormal\">CEAS. 25 de mayo de 2019.<o:p><\/o:p><\/i><\/p>\n<p><a href=\"http:\/\/web.hilo.org.pe\/wp-content\/uploads\/IMG_8759web.jpg\" target=\"_blank\" rel=\"noopener\">Ver archivo adjunto<\/a><\/p>\n","protected":false},"excerpt":{"rendered":"<p>El Conversatorio denominado \u201cEl proceso de b\u00fasqueda de las personas desaparecidas, desde la mirada de los familiares\u201d se realiz\u00f3 el 3 de mayo en el Auditorio del Instituto Bartolom\u00e9 de las Casas en Lince, evento organizado por la Red de Mujeres \u201cForjadoras de Paz\u201d, con el acompa\u00f1amiento y auspicio de la Comisi\u00f3n Episcopal de Acci\u00f3n Social &#8211; CEAS.<\/p>\n","protected":false},"author":1,"featured_media":0,"comment_status":"closed","ping_status":"closed","sticky":false,"template":"","format":"standard","meta":{"footnotes":""},"categories":[9],"tags":[],"class_list":["post-3262","post","type-post","status-publish","format-standard","hentry","category-noticias"],"_links":{"self":[{"href":"https:\/\/ceas.org.pe\/index.php\/wp-json\/wp\/v2\/posts\/3262","targetHints":{"allow":["GET"]}}],"collection":[{"href":"https:\/\/ceas.org.pe\/index.php\/wp-json\/wp\/v2\/posts"}],"about":[{"href":"https:\/\/ceas.org.pe\/index.php\/wp-json\/wp\/v2\/types\/post"}],"author":[{"embeddable":true,"href":"https:\/\/ceas.org.pe\/index.php\/wp-json\/wp\/v2\/users\/1"}],"replies":[{"embeddable":true,"href":"https:\/\/ceas.org.pe\/index.php\/wp-json\/wp\/v2\/comments?post=3262"}],"version-history":[{"count":1,"href":"https:\/\/ceas.org.pe\/index.php\/wp-json\/wp\/v2\/posts\/3262\/revisions"}],"predecessor-version":[{"id":5956,"href":"https:\/\/ceas.org.pe\/index.php\/wp-json\/wp\/v2\/posts\/3262\/revisions\/5956"}],"wp:attachment":[{"href":"https:\/\/ceas.org.pe\/index.php\/wp-json\/wp\/v2\/media?parent=3262"}],"wp:term":[{"taxonomy":"category","embeddable":true,"href":"https:\/\/ceas.org.pe\/index.php\/wp-json\/wp\/v2\/categories?post=3262"},{"taxonomy":"post_tag","embeddable":true,"href":"https:\/\/ceas.org.pe\/index.php\/wp-json\/wp\/v2\/tags?post=3262"}],"curies":[{"name":"wp","href":"https:\/\/api.w.org\/{rel}","templated":true}]}}