{"id":3261,"date":"2019-05-24T12:46:28","date_gmt":"2019-05-24T12:46:28","guid":{"rendered":""},"modified":"2026-03-11T09:11:54","modified_gmt":"2026-03-11T14:11:54","slug":"asamblea-general-de-caritas-internacional-inicia-con-gesto-a-migrantes","status":"publish","type":"post","link":"https:\/\/ceas.org.pe\/index.php\/2019\/05\/24\/asamblea-general-de-caritas-internacional-inicia-con-gesto-a-migrantes\/","title":{"rendered":"Asamblea General de Caritas Internacional inicia con gesto a migrantes"},"content":{"rendered":"<p>Reunida en Roma, entre el 23 y el 28 de mayo, bajo el lema \u201cUna familia humana, un hogar com\u00fan\u201d, la confederaci\u00f3n Caritas inici\u00f3 su encuentro con un importante llamado al mundo a acoger y proteger a los migrantes.\u00a0<\/p>\n<p class=\"MsoNormal\" style=\"margin-bottom:0cm;margin-bottom:.0001pt;text-align:\njustify;line-height:normal;background:white\"><span style=\"mso-fareast-font-family:\n\"Times New Roman\";mso-bidi-font-family:Calibri;mso-bidi-theme-font:minor-latin;\ncolor:#1D2129;mso-fareast-language:ES-PE\">Al iniciar la XXI Asamblea, liderados por el Presidente de Caritas Internacional, Cardenal Luis A. Tagle, m\u00e1s de 400 representantes de 164 Caritas, participaron en la Plaza de San Pedro de la instalaci\u00f3n de un gran mosaico interactivo en el marco de la campa\u00f1a mundial de migraci\u00f3n y refugio \u201cCompartiendo el Viaje\u201d. La muestra consta de cientos de fotograf\u00edas compuestas de rostros de migrantes que viven en los cinco continentes y que se han visto en la necesidad de dejar su pa\u00eds de or\u00edgen. <o:p><\/o:p><\/span><\/p>\n<p class=\"MsoNormal\" style=\"margin-bottom:0cm;margin-bottom:.0001pt;text-align:\njustify;line-height:normal;background:white\"><span style=\"mso-fareast-font-family:\n\"Times New Roman\";mso-bidi-font-family:Calibri;mso-bidi-theme-font:minor-latin;\ncolor:#1D2129;mso-fareast-language:ES-PE\">La composici\u00f3n representa el rostro de una joven mujer migrante de Caritas Bangladesh de 21 a\u00f1os, formada por un collage de cientos de fotograf\u00edas de migrantes y refugiados apoyados por Caritas a lo largo del mundo. Al informar sobre la Asamblea, en conferencia de prensa efectuada en la sala stampa del Vaticano, el Presidente de Caritas Internacional, incorpor\u00f3 la fotograf\u00eda de su abuelo, quien emigr\u00f3 desde China hasta Filipinas. <o:p><\/o:p><\/span><\/p>\n<p class=\"MsoNormal\" style=\"margin-bottom:0cm;margin-bottom:.0001pt;text-align:\njustify;line-height:normal;background:white\"><span style=\"mso-fareast-font-family:\n\"Times New Roman\";mso-bidi-font-family:Calibri;mso-bidi-theme-font:minor-latin;\ncolor:#1D2129;mso-fareast-language:ES-PE\">Por la tarde, en la Plaza de San Pedro, representantes de cada regi\u00f3n de Caritas, pusieron otras fotograf\u00edas de migrantes con sus respectivas historias. En el caso de Am\u00e9rica Latina y el Caribe, fueron Cristina Dos Anjos de Caritas Brasil y la Directora de Caritas Venezuela, Janeth M\u00e1rquez, quien sum\u00f3 el rostro de su hijo Santiago de 24 a\u00f1os, quien dej\u00f3 su pa\u00eds y parti\u00f3 rumbo a Chile hace dos a\u00f1os. Muy emocionada relat\u00f3 la historia de su hijo y agradeci\u00f3 que ahora sea parte del equipo de Caritas Chile. <o:p><\/o:p><\/span><\/p>\n<p class=\"MsoNormal\" style=\"margin-bottom:0cm;margin-bottom:.0001pt;text-align:\njustify;line-height:normal;background:white\"><span style=\"mso-fareast-font-family:\n\"Times New Roman\";mso-bidi-font-family:Calibri;mso-bidi-theme-font:minor-latin;\ncolor:#1D2129;mso-fareast-language:ES-PE\">Posteriormente, el Cardenal Tagle se refiri\u00f3 al dolor que significa para toda la humanidad la muerte de miles de personas en todo el mundo que han dejado sus tierras buscando un futuro mejor o intentando salvar sus vidas y han fallado en el intento. Los asistentes realizaron un minuto de silencio por todos esos hermanos que ya no est\u00e1n con nosotros. <o:p><\/o:p><\/span><\/p>\n<p class=\"MsoNormal\" style=\"margin-bottom:0cm;margin-bottom:.0001pt;text-align:\njustify;line-height:normal;background:white\"><span style=\"mso-fareast-font-family:\n\"Times New Roman\";mso-bidi-font-family:Calibri;mso-bidi-theme-font:minor-latin;\ncolor:#1D2129;mso-fareast-language:ES-PE\">Terminada la gran instalaci\u00f3n en la Plaza de San Pedro, los participantes de la Asamblea participaron de la Santa Misa de inauguraci\u00f3n en la Bas\u00edlica de San Pedro, con el Papa Francisco. <o:p><\/o:p><\/span><\/p>\n<p class=\"MsoNormal\" style=\"margin-bottom:0cm;margin-bottom:.0001pt;text-align:\njustify;line-height:normal;background:white\"><b><span style=\"mso-fareast-font-family:\n\"Times New Roman\";mso-bidi-font-family:Calibri;mso-bidi-theme-font:minor-latin;\ncolor:#1D2129;mso-fareast-language:ES-PE\"><o:p>\u00a0<\/o:p><\/span><\/b><\/p>\n<p class=\"MsoNormal\" style=\"margin-bottom:0cm;margin-bottom:.0001pt;text-align:\njustify;line-height:normal;background:white\"><b><span style=\"mso-fareast-font-family:\n\"Times New Roman\";mso-bidi-font-family:Calibri;mso-bidi-theme-font:minor-latin;\ncolor:#1D2129;mso-fareast-language:ES-PE\">Revisando planes y desaf\u00edos <\/span><\/b><span style=\"mso-fareast-font-family:\"Times New Roman\";mso-bidi-font-family:Calibri;\nmso-bidi-theme-font:minor-latin;color:#1D2129;mso-fareast-language:ES-PE\"><o:p><\/o:p><\/span><\/p>\n<p class=\"MsoNormal\" style=\"margin-bottom:0cm;margin-bottom:.0001pt;text-align:\njustify;line-height:normal;background:white\"><span style=\"mso-fareast-font-family:\n\"Times New Roman\";mso-bidi-font-family:Calibri;mso-bidi-theme-font:minor-latin;\ncolor:#1D2129;mso-fareast-language:ES-PE\">\u00abUna familia humana, un hogar com\u00fan\u00bb fue elegido por votaci\u00f3n como el tema para esta XXI Asamblea General, lema que refleja la misi\u00f3n de Caritas de proteger tanto a las personas m\u00e1s pobres como a las m\u00e1s vulnerables y al mundo en que vivimos. Tambi\u00e9n abarca el esp\u00edritu de la importante enc\u00edclica del Papa Francisco, \u00abLaudato Si\u00bb, de cuidar nuestra Casa Com\u00fan. <o:p><\/o:p><\/span><\/p>\n<p class=\"MsoNormal\" style=\"margin-bottom:0cm;margin-bottom:.0001pt;text-align:\njustify;line-height:normal;background:white\"><i><span style=\"mso-fareast-font-family:\n\"Times New Roman\";mso-bidi-font-family:Calibri;mso-bidi-theme-font:minor-latin;\ncolor:#1D2129;mso-fareast-language:ES-PE\">Los participantes de las 164 Caritas miembro revisar\u00e1n su progreso, pol\u00edticas, renovar\u00e1n la directiva y tomar\u00e1n decisiones clave para los pr\u00f3ximos cuatro a\u00f1os, sobre su quehacer.<\/span><\/i><span style=\"mso-fareast-font-family:\"Times New Roman\";mso-bidi-font-family:Calibri;\nmso-bidi-theme-font:minor-latin;color:#1D2129;mso-fareast-language:ES-PE\"><o:p><\/o:p><\/span><\/p>\n<p class=\"MsoNormal\" style=\"margin-bottom:0cm;margin-bottom:.0001pt;text-align:\njustify;line-height:normal;background:white\"><span style=\"mso-fareast-font-family:\n\"Times New Roman\";mso-bidi-font-family:Calibri;mso-bidi-theme-font:minor-latin;\ncolor:#1D2129;mso-fareast-language:ES-PE\">Caritas cree que el cambio es posible, un cambio que har\u00e1 del mundo un lugar m\u00e1s justo al mismo tiempo que cuida de toda la creaci\u00f3n. \u201cAdoptamos el llamado del Papa Francisco para que los nuevos sistemas reemplacen a los que ya tenemos, lo que ha causado una creciente desigualdad, conflictos violentos, una cultura de desperdicio, migraci\u00f3n forzada y cambios devastadores en nuestro clima\u201d.<o:p><\/o:p><\/span><\/p>\n<p class=\"MsoNormal\" style=\"margin-bottom:0cm;margin-bottom:.0001pt;text-align:\njustify;line-height:normal;background:white\"><i style=\"mso-bidi-font-style:\nnormal\"><span style=\"mso-fareast-font-family:\"Times New Roman\";mso-bidi-font-family:\nCalibri;mso-bidi-theme-font:minor-latin;color:#1D2129;mso-fareast-language:\nES-PE\">Tomado de: <a href=\"https:\/\/www.facebook.com\/caritasamericalatinaycaribe\/\" target=\"_blank\"><span style=\"color:#1D2129;text-decoration:none;text-underline:none\">C\u00c1RITAS AM\u00c9RICA LATINA Y EL CARIBE<\/span><\/a>. 24 de mayo de 2019.<\/span><\/i><i style=\"mso-bidi-font-style:normal\"><span style=\"mso-fareast-font-family:\"Times New Roman\";\nmso-bidi-font-family:Calibri;mso-bidi-theme-font:minor-latin;color:#90949C;\ntext-transform:uppercase;mso-fareast-language:ES-PE\"><o:p><\/o:p><\/span><\/i><\/p>\n<p><a href=\"http:\/\/web.hilo.org.pe\/wp-content\/uploads\/Caritas migrantes.jpg\" target=\"_blank\" rel=\"noopener\">Ver archivo adjunto<\/a><\/p>\n","protected":false},"excerpt":{"rendered":"<p>Reunida en Roma, entre el 23 y el 28 de mayo, bajo el lema \u201cUna familia humana, un hogar com\u00fan\u201d, la confederaci\u00f3n Caritas inici\u00f3 su encuentro con un importante llamado al mundo a acoger y proteger a los migrantes.<\/p>\n","protected":false},"author":1,"featured_media":0,"comment_status":"closed","ping_status":"closed","sticky":false,"template":"","format":"standard","meta":{"footnotes":""},"categories":[9],"tags":[],"class_list":["post-3261","post","type-post","status-publish","format-standard","hentry","category-noticias"],"_links":{"self":[{"href":"https:\/\/ceas.org.pe\/index.php\/wp-json\/wp\/v2\/posts\/3261","targetHints":{"allow":["GET"]}}],"collection":[{"href":"https:\/\/ceas.org.pe\/index.php\/wp-json\/wp\/v2\/posts"}],"about":[{"href":"https:\/\/ceas.org.pe\/index.php\/wp-json\/wp\/v2\/types\/post"}],"author":[{"embeddable":true,"href":"https:\/\/ceas.org.pe\/index.php\/wp-json\/wp\/v2\/users\/1"}],"replies":[{"embeddable":true,"href":"https:\/\/ceas.org.pe\/index.php\/wp-json\/wp\/v2\/comments?post=3261"}],"version-history":[{"count":1,"href":"https:\/\/ceas.org.pe\/index.php\/wp-json\/wp\/v2\/posts\/3261\/revisions"}],"predecessor-version":[{"id":5957,"href":"https:\/\/ceas.org.pe\/index.php\/wp-json\/wp\/v2\/posts\/3261\/revisions\/5957"}],"wp:attachment":[{"href":"https:\/\/ceas.org.pe\/index.php\/wp-json\/wp\/v2\/media?parent=3261"}],"wp:term":[{"taxonomy":"category","embeddable":true,"href":"https:\/\/ceas.org.pe\/index.php\/wp-json\/wp\/v2\/categories?post=3261"},{"taxonomy":"post_tag","embeddable":true,"href":"https:\/\/ceas.org.pe\/index.php\/wp-json\/wp\/v2\/tags?post=3261"}],"curies":[{"name":"wp","href":"https:\/\/api.w.org\/{rel}","templated":true}]}}