{"id":3260,"date":"2019-05-23T12:39:47","date_gmt":"2019-05-23T12:39:47","guid":{"rendered":""},"modified":"2026-03-11T09:11:54","modified_gmt":"2026-03-11T14:11:54","slug":"el-celam-apoyara-al-papa-francisco-en-todo-lo-que-se-requiera","status":"publish","type":"post","link":"https:\/\/ceas.org.pe\/index.php\/2019\/05\/23\/el-celam-apoyara-al-papa-francisco-en-todo-lo-que-se-requiera\/","title":{"rendered":"EL CELAM APOYAR\u00c1 AL PAPA FRANCISCO EN TODO LO QUE SE REQUIERA"},"content":{"rendered":"<p class=\"MsoNormal\" style=\"text-align:justify\"><span style=\"font-size:11.0pt;\nfont-family:\"Calibri\",sans-serif;mso-ascii-theme-font:minor-latin;mso-hansi-theme-font:\nminor-latin;mso-bidi-theme-font:minor-latin\">Luego de su llegada al Per\u00fa, Monse\u00f1or Miguel Cabrejos, flamante Presidente del CELAM y Presidente de la Conferencia Episcopal Peruana, ofreci\u00f3 sus primeras declaraciones a la prensa. Indic\u00f3 que durante la XXXVII Asamblea General del Episcopado Latinoamericano, que se realiz\u00f3 del 13 al 18 de mayo, se proyect\u00f3 que la Iglesia del continente se \u201cinvolucre m\u00e1s en la evangelizaci\u00f3n, invitando a todos a ser alegres, entusiastas y positivos disc\u00edpulos de Jesucristo\u201d. <o:p><\/o:p><\/span><\/p>\n<p class=\"MsoNormal\" style=\"text-align:justify\"><span style=\"font-size:11.0pt;\nfont-family:\"Calibri\",sans-serif;mso-ascii-theme-font:minor-latin;mso-hansi-theme-font:\nminor-latin;mso-bidi-theme-font:minor-latin\">Asimismo, Monse\u00f1or Cabrejos expres\u00f3 que los Obispos Latinoamericanos acordaron reafirmar la comuni\u00f3n, adhesi\u00f3n y fidelidad al Papa Francisco. \u201cHay grupos que critican duramente al Papa y nosotros, como pastores, creemos que Am\u00e9rica Latina tiene una deuda con el Santo Padre, una deuda pastoral y espiritual. Francisco Es el primer Papa latinoamericano y necesita un gran apoyo por todo lo que est\u00e1 haciendo al frente de la Iglesia\u201d, afirm\u00f3. <o:p><\/o:p><\/span><\/p>\n<p class=\"MsoNormal\" style=\"text-align:justify\"><span style=\"font-size:11.0pt;\nfont-family:\"Calibri\",sans-serif;mso-ascii-theme-font:minor-latin;mso-hansi-theme-font:\nminor-latin;mso-bidi-theme-font:minor-latin\">En otro momento, manifest\u00f3 la comuni\u00f3n del CELAM con el S\u00ednodo Panamaz\u00f3nico, que ha sido convocado por el Papa Francisco para el pr\u00f3ximo mes de octubre, y cuyo objetivo principal es plantear soluciones a las complejas problem\u00e1ticas que enfrentan los pueblos amaz\u00f3nicos, y ofrecer caminos a la Iglesia en esta parte del mundo. \u201cEl CELAM est\u00e1 impulsando que Am\u00e9rica Latina sea una Iglesia prof\u00e9tica y sinodal, donde no solo caminemos juntos, sino donde se denuncien los hechos hirientes para el ser humano y su dignidad\u201d, agreg\u00f3 Monse\u00f1or Cabrejos. <o:p><\/o:p><\/span><\/p>\n<p class=\"MsoNormal\"><span style=\"font-size:11.0pt;\nfont-family:\"Calibri\",sans-serif;mso-ascii-theme-font:minor-latin;mso-hansi-theme-font:\nminor-latin;mso-bidi-theme-font:minor-latin\">En relaci\u00f3n al tema de abuso de menores en la Iglesia, el Presidente del CELAM reafirm\u00f3 que la Iglesia rechaza cualquier tipo de abuso sexual. \u201cEl Papa Francisco acaba de publicar el Motu Proprio \u201cVos estis lux mundi\u201d &#8211; Vosotros sois la luz del mundo, donde nos recuerda todo el proceso que se debe realizar cuando se presenta un caso de esta \u00edndole y para hacer todo lo posible a fin de evitarlos en el futuro. El Santo Padre nos ha pedido importantes tareas en esta l\u00ednea, como la apertura, en el plazo m\u00e1ximo de un a\u00f1o, de un departamento encargado de atender estos casos en todas las di\u00f3cesis del mundo\u201d, puntualiz\u00f3. <o:p><\/o:p><\/span><\/p>\n<p class=\"MsoNormal\"><span style=\"font-size:11.0pt;\nfont-family:\"Calibri\",sans-serif;mso-ascii-theme-font:minor-latin;mso-hansi-theme-font:\nminor-latin;mso-bidi-theme-font:minor-latin\">El tambi\u00e9n Presidente de la Conferencia Episcopal Peruana, sostuvo que es un gran honor presidir el CELAM, instituci\u00f3n que agrupa a las 22 conferencias episcopales de Am\u00e9rica Latina, desde M\u00e9xico hasta el Cabo de Hornos, incluyendo El Caribe y las Antillas. \u201cEs una buena noticia para el Per\u00fa que, en los m\u00e1s de 65 a\u00f1os de vida institucional que tiene el CELAM, los Obispos latinoamericanos hayan decidido elegir a un peruano para liderar este organismo\u201d, finaliz\u00f3. <o:p><\/o:p><\/span><\/p>\n<p class=\"MsoNormal\" style=\"text-align:justify\"><span style=\"font-size:11.0pt;font-family:\"Calibri\",sans-serif;mso-ascii-theme-font:\nminor-latin;mso-hansi-theme-font:minor-latin;mso-bidi-theme-font:minor-latin\">\u00a0<\/span><\/p>\n<p><i style=\"text-align: justify;\"><span style=\"font-size:11.0pt;font-family:\"Calibri\",sans-serif;\nmso-ascii-theme-font:minor-latin;mso-hansi-theme-font:minor-latin;mso-bidi-theme-font:\nminor-latin\">Conferencia Episcopal Peruana. Oficina de Prensa. Lima, 21de mayo de 2019.<\/span><\/i>\u00a0<\/p>\n<p><a href=\"http:\/\/web.hilo.org.pe\/wp-content\/uploads\/MonsCabrejosCELAM web.jpg\" target=\"_blank\" rel=\"noopener\">Ver archivo adjunto<\/a><\/p>\n","protected":false},"excerpt":{"rendered":"<p>Luego de su llegada al Per\u00fa, Monse\u00f1or Miguel Cabrejos, flamante Presidente del CELAM y Presidente de la Conferencia Episcopal Peruana, ofreci\u00f3 sus primeras declaraciones a la prensa. Indic\u00f3 que durante la XXXVII Asamblea General del Episcopado Latinoamericano, que se realiz\u00f3 del 13 al 18 de mayo, se proyect\u00f3 que la Iglesia del continente se \u201cinvolucre m\u00e1s en la evangelizaci\u00f3n, invitando a todos a ser alegres, entusiastas y positivos disc\u00edpulos de Jesucristo\u201d.<\/p>\n","protected":false},"author":1,"featured_media":0,"comment_status":"closed","ping_status":"closed","sticky":false,"template":"","format":"standard","meta":{"footnotes":""},"categories":[9],"tags":[],"class_list":["post-3260","post","type-post","status-publish","format-standard","hentry","category-noticias"],"_links":{"self":[{"href":"https:\/\/ceas.org.pe\/index.php\/wp-json\/wp\/v2\/posts\/3260","targetHints":{"allow":["GET"]}}],"collection":[{"href":"https:\/\/ceas.org.pe\/index.php\/wp-json\/wp\/v2\/posts"}],"about":[{"href":"https:\/\/ceas.org.pe\/index.php\/wp-json\/wp\/v2\/types\/post"}],"author":[{"embeddable":true,"href":"https:\/\/ceas.org.pe\/index.php\/wp-json\/wp\/v2\/users\/1"}],"replies":[{"embeddable":true,"href":"https:\/\/ceas.org.pe\/index.php\/wp-json\/wp\/v2\/comments?post=3260"}],"version-history":[{"count":1,"href":"https:\/\/ceas.org.pe\/index.php\/wp-json\/wp\/v2\/posts\/3260\/revisions"}],"predecessor-version":[{"id":5958,"href":"https:\/\/ceas.org.pe\/index.php\/wp-json\/wp\/v2\/posts\/3260\/revisions\/5958"}],"wp:attachment":[{"href":"https:\/\/ceas.org.pe\/index.php\/wp-json\/wp\/v2\/media?parent=3260"}],"wp:term":[{"taxonomy":"category","embeddable":true,"href":"https:\/\/ceas.org.pe\/index.php\/wp-json\/wp\/v2\/categories?post=3260"},{"taxonomy":"post_tag","embeddable":true,"href":"https:\/\/ceas.org.pe\/index.php\/wp-json\/wp\/v2\/tags?post=3260"}],"curies":[{"name":"wp","href":"https:\/\/api.w.org\/{rel}","templated":true}]}}