{"id":3259,"date":"2019-05-20T17:40:15","date_gmt":"2019-05-20T17:40:15","guid":{"rendered":""},"modified":"2026-03-11T09:11:54","modified_gmt":"2026-03-11T14:11:54","slug":"david-martinez-de-aguirre-el-sinodo-esta-abriendo-un-proceso-y-lo-mas-importante-es-que-no-pare","status":"publish","type":"post","link":"https:\/\/ceas.org.pe\/index.php\/2019\/05\/20\/david-martinez-de-aguirre-el-sinodo-esta-abriendo-un-proceso-y-lo-mas-importante-es-que-no-pare\/","title":{"rendered":"David Mart\u00ednez de Aguirre: \u00abEl S\u00ednodo est\u00e1 abriendo un proceso, y lo m\u00e1s importante es que no pare\u00bb"},"content":{"rendered":"<p class=\"mce\" style=\"margin: 0cm 0cm 0.0001pt; text-align: justify; background-image: initial; background-position: initial; background-size: initial; background-repeat: initial; background-attachment: initial; background-origin: initial; background-clip: initial;\"><span style=\"font-size: 11pt; font-family: Calibri, sans-serif;\">\u201cEl\u00a0Instrumentum laboris\u00a0creo que es un documento donde est\u00e1n los sue\u00f1os, los anhelos, las preocupaciones de la Iglesia amaz\u00f3nica y muchas cosas que van m\u00e1s all\u00e1, las preocupaciones de los pueblos amaz\u00f3nicos y de los pueblos ind\u00edgenas\u201d, lo dijo\u00a0<strong>Mons. David Mart\u00ednez de Aguirre Guinea, O.P.<\/strong>, Obispo titular de Izirzada, Vicario Apost\u00f3lico de Puerto Maldonado, Per\u00fa, recientemente nombrado\u00a0<strong>Secretario Especial del\u00a0S\u00ednodo para la Amazon\u00eda<\/strong>, tras concluir el<strong>\u00a0segundo encuentro del Consejo Pre Sinodal en el Vaticano<\/strong>.<o:p><\/o:p><\/span><\/p>\n<p class=\"mce\" style=\"margin: 0cm 0cm 0.0001pt; text-align: justify; background-image: initial; background-position: initial; background-size: initial; background-repeat: initial; background-attachment: initial; background-origin: initial; background-clip: initial;\"><span style=\"font-size: 11pt; font-family: Calibri, sans-serif;\">\u00a0<\/span><\/p>\n<h2 style=\"margin-top: 0cm; line-height: normal; background-image: initial; background-position: initial; background-size: initial; background-repeat: initial; background-attachment: initial; background-origin: initial; background-clip: initial;\"><b><span style=\"font-size: 12pt; font-family: Calibri, sans-serif;\">Tomar conciencia de la Amazon\u00eda<o:p><\/o:p><\/span><\/b><\/h2>\n<p class=\"mce\" style=\"margin: 0cm 0cm 0.0001pt; background-image: initial; background-position: initial; background-size: initial; background-repeat: initial; background-attachment: initial; background-origin: initial; background-clip: initial;\"><span style=\"font-size: 11pt; font-family: Calibri, sans-serif;\">Dialogando sobre la\u00a0<strong>aprobaci\u00f3n del Documento de Trabajo\u00a0del pr\u00f3ximo S\u00ednodo Panamaz\u00f3nico<\/strong>, el Obispo de Puerto Maldonado dijo que, este segundo encuentro de la Comisi\u00f3n Pre Sinodal, de este S\u00ednodo Panamaz\u00f3nico, anunciado por el Papa Francisco, ha tratado de trabajar el\u00a0Instrumentum laboris, documento que va a ser la base sobre la cual los Padres Sinodales, en octubre, podr\u00e1n ir elaborando sus reflexiones y podr\u00e1n ir marc\u00e1ndose este objetivo de buscar nuevos caminos para la Iglesia y para una ecolog\u00eda integral.<o:p><\/o:p><\/span><\/p>\n<p class=\"mce\" style=\"margin: 0cm 0cm 0.0001pt; background-image: initial; background-position: initial; background-size: initial; background-repeat: initial; background-attachment: initial; background-origin: initial; background-clip: initial;\"><span style=\"font-size: 11pt; font-family: Calibri, sans-serif;\">\u00a0<\/span><\/p>\n<p class=\"mce\" style=\"margin: 0cm 0cm 0.0001pt; text-align: justify; background-image: initial; background-position: initial; background-size: initial; background-repeat: initial; background-attachment: initial; background-origin: initial; background-clip: initial;\"><span style=\"font-size: 11pt; font-family: Calibri, sans-serif;\">\u201cLo que ha tenido lugar en estos d\u00edas ha sido el trabajo que han realizado unos expertos. Hemos tenido un\u00a0<strong>proceso muy bonito y muy interesante<\/strong>\u00a0que va enmarcado en esta sinodalidad que el Papa Francisco nos est\u00e1 recordando a todos, que adem\u00e1s es importante en la Iglesia y que \u00e9l est\u00e1 queriendo impulsar y darle forma a este proceso sinodal\u201d.<o:p><\/o:p><\/span><\/p>\n<h2 style=\"margin-top: 0cm; text-align: justify; line-height: normal; background-image: initial; background-position: initial; background-size: initial; background-repeat: initial; background-attachment: initial; background-origin: initial; background-clip: initial;\"><span style=\"font-size: 11pt; font-family: Calibri, sans-serif;\">\u00a0<\/span><\/h2>\n<h2 style=\"margin-top: 0cm; text-align: justify; line-height: normal; background-image: initial; background-position: initial; background-size: initial; background-repeat: initial; background-attachment: initial; background-origin: initial; background-clip: initial;\"><b><span style=\"font-size: 12pt; font-family: Calibri, sans-serif;\">\u00bfQu\u00e9 Iglesia queremos ser?<o:p><\/o:p><\/span><\/b><\/h2>\n<p class=\"mce\" style=\"margin: 0cm 0cm 0.0001pt; background-image: initial; background-position: initial; background-size: initial; background-repeat: initial; background-attachment: initial; background-origin: initial; background-clip: initial;\"><span style=\"font-size: 11pt; font-family: Calibri, sans-serif;\">Asimismo, Mons. Mart\u00ednez explic\u00f3 que, los trabajos de esta segunda reuni\u00f3n representan una\u00a0<strong>etapa muy importante de escucha<\/strong>. \u201cSe ha realizado un trabajo arduo que se ha diseminado por todos los rincones y los r\u00edos de la Amazon\u00eda, donde los pueblos ind\u00edgenas, las comunidades ribere\u00f1as, las poblaciones urbanas han tenido un proceso de reflexi\u00f3n,\u00a0<strong>de tomar conciencia de la Amazon\u00eda como un territorio com\u00fan, como una realidad interrelacionada entre s\u00ed<\/strong>, interrelacionada con las personas; se ha tomado conciencia de esto y se ha pensado que nuevos caminos \u2013 y nos hemos preguntado dijo el Secretario Especial \u2013 en que momento de la historia estamos y cu\u00e1l es la nueva Iglesia que queremos.<strong>\u00a0No tanto una Iglesia act\u00fae con y en los amaz\u00f3nicos, sino como amaz\u00f3nicos<\/strong>, que Iglesia somos y que Iglesia queremos ser, tambi\u00e9n en di\u00e1logo con quienes no se sienten parte de la Iglesia\u201d.<o:p><\/o:p><\/span><\/p>\n<h2 style=\"margin-top: 0cm; line-height: normal; background-image: initial; background-position: initial; background-size: initial; background-repeat: initial; background-attachment: initial; background-origin: initial; background-clip: initial;\"><span style=\"font-size: 11pt; font-family: Calibri, sans-serif;\">\u00a0<\/span><\/h2>\n<h2 style=\"margin-top: 0cm; text-align: justify; line-height: normal; background-image: initial; background-position: initial; background-size: initial; background-repeat: initial; background-attachment: initial; background-origin: initial; background-clip: initial;\"><b><span style=\"font-size: 12pt; font-family: Calibri, sans-serif;\">Proceso de escucha y metodolog\u00eda participativa<o:p><\/o:p><\/span><\/b><\/h2>\n<p class=\"mce\" style=\"margin: 0cm 0cm 0.0001pt; background-image: initial; background-position: initial; background-size: initial; background-repeat: initial; background-attachment: initial; background-origin: initial; background-clip: initial;\"><span style=\"font-size: 11pt; font-family: Calibri, sans-serif;\">De este proceso de escucha, de di\u00e1logo, de reflexi\u00f3n, precis\u00f3 el Vicario Apost\u00f3lico de Puerto Maldonado, un grupo de expertos han estado trabajando una propuesta, un documento que en estos d\u00edas la Comisi\u00f3n Pre Sinodal hemos estado revisando y elaborando, intentando darle forma a una escucha, y ah\u00ed est\u00e1n todos los documentos, las s\u00edntesis, los testimonios. Gracias a Dios se trabaj\u00f3 con una\u00a0<strong>metodolog\u00eda muy participativa<\/strong>, una metodolog\u00eda que ha facilitado mucho ese trabajo de sistematizaci\u00f3n.<o:p><\/o:p><\/span><\/p>\n<p class=\"mce\" style=\"margin: 0cm 0cm 0.0001pt; text-align: justify; background-image: initial; background-position: initial; background-size: initial; background-repeat: initial; background-attachment: initial; background-origin: initial; background-clip: initial;\"><span style=\"font-size: 11pt; font-family: Calibri, sans-serif;\">\u00a0<\/span><\/p>\n<p class=\"mce\" style=\"margin: 0cm 0cm 0.0001pt; background-image: initial; background-position: initial; background-size: initial; background-repeat: initial; background-attachment: initial; background-origin: initial; background-clip: initial;\"><span style=\"font-size: 11pt; font-family: Calibri, sans-serif;\">\u201cCreo que en el documento est\u00e1n los sue\u00f1os, los anhelos, las preocupaciones de la Iglesia amaz\u00f3nica y m\u00e1s all\u00e1, las preocupaciones de los pueblos amaz\u00f3nicos. Creo que est\u00e1n los elementos necesarios. Al final este Documento, el\u00a0Instrumentum laboris, nos lo recordaba el Card. Baldisseri citando al Papa Francisco, es un\u00a0<strong>\u2018Documento martirial\u2019<\/strong>, que tiene que morir para dar vida a algo m\u00e1s iluminado por la luz de todos los Padres Sinodales que van a traer todo el eco de sus pueblos\u201d.<o:p><\/o:p><\/span><\/p>\n<p class=\"mce\" style=\"margin: 0cm 0cm 0.0001pt; background-image: initial; background-position: initial; background-size: initial; background-repeat: initial; background-attachment: initial; background-origin: initial; background-clip: initial;\"><span style=\"font-size: 11pt; font-family: Calibri, sans-serif;\">\u00a0<\/span><\/p>\n<p class=\"mce\" style=\"margin: 0cm 0cm 0.0001pt; text-align: justify; background-image: initial; background-position: initial; background-size: initial; background-repeat: initial; background-attachment: initial; background-origin: initial; background-clip: initial;\"><span style=\"font-size: 11pt; font-family: Calibri, sans-serif;\">Al final, se\u00f1al\u00f3 Mons. Mart\u00ednez usando la met\u00e1fora de los alimentos, \u201c<strong>este Documento viene a ser como los alimentos que est\u00e1n puestos encima de la mesa y el S\u00ednodo tendr\u00e1 que ver como los cocina<\/strong>, como los mezcla, como va a hacer con todo eso otro documento superior que ser\u00e1 el que se le entrega al Papa para que el Papa al final, nos pueda ofrecer una Exhortaci\u00f3n y una gu\u00eda de escucha de todos los pueblos amaz\u00f3nicos\u201d.<o:p><\/o:p><\/span><\/p>\n<h2 style=\"margin-top: 0cm; text-align: justify; line-height: normal; background-image: initial; background-position: initial; background-size: initial; background-repeat: initial; background-attachment: initial; background-origin: initial; background-clip: initial;\"><span style=\"font-size: 11pt; font-family: Calibri, sans-serif;\">\u00a0<\/span><\/h2>\n<h2 style=\"margin-top: 0cm; text-align: justify; line-height: normal; background-image: initial; background-position: initial; background-size: initial; background-repeat: initial; background-attachment: initial; background-origin: initial; background-clip: initial;\"><b><span style=\"font-size: 12pt; font-family: Calibri, sans-serif;\">Una segunda escucha de los pueblos amaz\u00f3nicos<o:p><\/o:p><\/span><\/b><\/h2>\n<p class=\"mce\" style=\"margin: 0cm 0cm 0.0001pt; background-image: initial; background-position: initial; background-size: initial; background-repeat: initial; background-attachment: initial; background-origin: initial; background-clip: initial;\"><span style=\"font-size: 11pt; font-family: Calibri, sans-serif;\">Despu\u00e9s de esta segunda reuni\u00f3n y de la aprobaci\u00f3n del Documento, dijo el Obispo de Puerto Maldonado,\u00a0<strong>queda un momento importante, que no es sentarse a esperar el S\u00ednodo<\/strong>. \u201cNo, creo que queda un momento importante en el que decimos, est\u00e1 es la s\u00edntesis, esto es lo que nos hemos escuchado, queda ahora que cada Obispo en cada lugar, en cada Iglesia particular despu\u00e9s de haber escuchado sus voces, ahora tiene las voces de toda la Amazon\u00eda y este Documento es eso, intenta recoger la voz de toda la Amazonia\u201d.<o:p><\/o:p><\/span><\/p>\n<p class=\"mce\" style=\"margin: 0cm 0cm 0.0001pt; background-image: initial; background-position: initial; background-size: initial; background-repeat: initial; background-attachment: initial; background-origin: initial; background-clip: initial;\"><strong><span style=\"font-size: 11pt; font-family: Calibri, sans-serif;\">\u00a0<\/span><\/strong><\/p>\n<p class=\"mce\" style=\"margin: 0cm 0cm 0.0001pt; text-align: justify; background-image: initial; background-position: initial; background-size: initial; background-repeat: initial; background-attachment: initial; background-origin: initial; background-clip: initial;\"><strong><span style=\"font-size: 11pt; font-family: Calibri, sans-serif;\">Ahora queda devolverlo al pueblo para hacer una segunda escucha<\/span><\/strong><span style=\"font-size: 11pt; font-family: Calibri, sans-serif;\">, de tal manera que ahora les toca a los Obispos y Padres Sinodales una labor importante de s\u00edntesis y de dejar que el Esp\u00edritu vaya hablando en ellos mismos a trav\u00e9s del pueblo, como van a seguir haciendo este segundo proceso con este Documento ya preparado y una segunda escucha en las comunidades y en las Iglesias particulares que no podr\u00e1 ser tan articulada y no podr\u00e1 ser tan minuciosa como ha sido la primera, pero que siempre va a ser necesaria, porque es un tiempo de preparaci\u00f3n de los Padres Sinodales para ese momento tan importante que va a ser el S\u00ednodo y es ah\u00ed donde ellos tienen que traer las voces de sus pueblos, las voces de su gente para que iluminados por el Esp\u00edritu Santo puedan marcar cuales van a ser los caminos para nuestra Iglesia, para la Iglesia universal, para la Iglesia amaz\u00f3nica y tambi\u00e9n para esta\u00a0<strong>ecolog\u00eda integral<\/strong>\u00a0que es la propuesta de lo que quiere ser la Iglesia para todo el mundo.<o:p><\/o:p><\/span><\/p>\n<h2 style=\"margin-top: 0cm; line-height: normal; background-image: initial; background-position: initial; background-size: initial; background-repeat: initial; background-attachment: initial; background-origin: initial; background-clip: initial;\"><span style=\"font-size: 11pt; font-family: Calibri, sans-serif;\">\u00a0<\/span><\/h2>\n<h2 style=\"margin-top: 0cm; text-align: justify; line-height: normal; background-image: initial; background-position: initial; background-size: initial; background-repeat: initial; background-attachment: initial; background-origin: initial; background-clip: initial;\"><b><span style=\"font-size: 12pt; font-family: Calibri, sans-serif;\">Los retos del\u00a0Instrumentum laboris<o:p><\/o:p><\/span><\/b><\/h2>\n<p class=\"mce\" style=\"margin: 0cm 0cm 0.0001pt; background-image: initial; background-position: initial; background-size: initial; background-repeat: initial; background-attachment: initial; background-origin: initial; background-clip: initial;\"><span style=\"font-size: 11pt; font-family: Calibri, sans-serif;\">Finalmente, refiri\u00e9ndose a los retos del Documento de Trabajo, Mons. Mart\u00ednez dijo que\u00a0<strong>el S\u00ednodo est\u00e1 abriendo un proceso<\/strong>, \u201cy creo que\u00a0<strong>lo m\u00e1s importante es que no se pare, que no se detenga<\/strong>. Usando la imagen amaz\u00f3nica de la canoa, el Obispo de Puerto Maldonado explic\u00f3 en que consiste este proceso: cuando uno va por el r\u00edo y el r\u00edo no tiene mucho caudal, o en un r\u00edo grande uno se encuentra con un banco de arena y la canoa se encalla, entonces uno tiene que bajarse de la canoa y ponerse a empujar, entonces cuesta sacar a la canoa de su inercia, pero una vez que se sale de esa inercia ya sabe que no puede pararse y tiene que seguir sin parar\u201d.<o:p><\/o:p><\/span><\/p>\n<p class=\"mce\" style=\"margin: 0cm 0cm 0.0001pt; background-image: initial; background-position: initial; background-size: initial; background-repeat: initial; background-attachment: initial; background-origin: initial; background-clip: initial;\"><span style=\"font-size: 11pt; font-family: Calibri, sans-serif;\">\u00a0<\/span><\/p>\n<p class=\"mce\" style=\"margin: 0cm 0cm 0.0001pt; text-align: justify; background-image: initial; background-position: initial; background-size: initial; background-repeat: initial; background-attachment: initial; background-origin: initial; background-clip: initial;\"><span style=\"font-size: 11pt; font-family: Calibri, sans-serif;\">Para m\u00ed, dijo Mons. Mart\u00ednez, esta experiencia de la canoa, es el proceso en el que estamos ahora.\u00a0<strong>Sin duda este S\u00ednodo Panamaz\u00f3nico es un intento de salir de la inercia<\/strong>, un S\u00ednodo Panamaz\u00f3nico que va de la mano del sacud\u00f3n que supuso<strong>\u00a0Evangelii Gaudium\u00a0<\/strong>y la\u00a0<strong>Laudato Si\u2019,<\/strong>\u00a0fue como un despi\u00e9rtate, \u00bfd\u00f3nde est\u00e1s Iglesia? Esos dos documentos tan importantes, uno un documento program\u00e1tico del Papa Francisco y el otro que ha puesto el \u00e9nfasis en la ecolog\u00eda integral, en la discusi\u00f3n y en la mesa de negociaciones de la humanidad y en el pensamiento y en la Doctrina social de la Iglesia.<o:p><\/o:p><\/span><\/p>\n<p class=\"mce\" style=\"margin: 0cm 0cm 0.0001pt; background-image: initial; background-position: initial; background-size: initial; background-repeat: initial; background-attachment: initial; background-origin: initial; background-clip: initial;\"><span style=\"font-size: 11pt; font-family: Calibri, sans-serif;\">\u00a0<\/span><\/p>\n<p class=\"mce\" style=\"margin: 0cm 0cm 0.0001pt; text-align: justify; background-image: initial; background-position: initial; background-size: initial; background-repeat: initial; background-attachment: initial; background-origin: initial; background-clip: initial;\"><span style=\"font-size: 11pt; font-family: Calibri, sans-serif;\">Estos documentos junto al S\u00ednodo imprimen de alguna manera a la Iglesia amaz\u00f3nica y a la Iglesia universal un proceso que no puede detenerse, es el mismo Esp\u00edritu el que est\u00e1 empujando. \u201cCreo que el gran reto es este \u2013 concluy\u00f3 el Obispo de Puerto Maldonado \u2013\u00a0<strong>no perder esta salida de la inercia que hemos hecho y seguir empujando<\/strong>, porque los propios pueblos van a seguir caminando\u201d.<o:p><\/o:p><\/span><\/p>\n<p class=\"MsoNormal\"><i>\u00a0<\/i><\/p>\n<p class=\"MsoNormal\"><i>Tomado de: VATICAN NEWS. 19 de mayo de 2019.<o:p><\/o:p><\/i><\/p>\n<h2 style=\"margin-top: 0cm; text-align: justify; line-height: normal; background-image: initial; background-position: initial; background-size: initial; background-repeat: initial; background-attachment: initial; background-origin: initial; background-clip: initial;\">\u00a0<\/h2>\n<p><a href=\"http:\/\/web.hilo.org.pe\/wp-content\/uploads\/Obispo-Puerto-Maldonado-Martinez-Aguirre web.jpg\" target=\"_blank\" rel=\"noopener\">Ver archivo adjunto<\/a><\/p>\n","protected":false},"excerpt":{"rendered":"<p>Invita a ser \u00abno tanto una Iglesia que act\u00fae con y en los amaz\u00f3nicos, sino como amaz\u00f3nicos, tambi\u00e9n en di\u00e1logo con quienes no se sienten parte de la Iglesia\u00bb.<\/p>\n<p>\u201cEl Instrumentum laboris creo que es un documento donde est\u00e1n los sue\u00f1os, los anhelos, las preocupaciones de la Iglesia amaz\u00f3nica y muchas cosas que van m\u00e1s all\u00e1, las preocupaciones de los pueblos amaz\u00f3nicos y de los pueblos ind\u00edgenas\u201d, lo dijo Mons. David Mart\u00ednez de Aguirre Guinea, O.P., Obispo titular de Izirzada, Vicario Apost\u00f3lico de Puerto Maldonado, Per\u00fa, recientemente nombrado Secretario Especial del S\u00ednodo para la Amazon\u00eda, tras concluir el segundo encuentro del Consejo Pre Sinodal en el Vaticano.<\/p>\n","protected":false},"author":1,"featured_media":0,"comment_status":"closed","ping_status":"closed","sticky":false,"template":"","format":"standard","meta":{"footnotes":""},"categories":[9],"tags":[],"class_list":["post-3259","post","type-post","status-publish","format-standard","hentry","category-noticias"],"_links":{"self":[{"href":"https:\/\/ceas.org.pe\/index.php\/wp-json\/wp\/v2\/posts\/3259","targetHints":{"allow":["GET"]}}],"collection":[{"href":"https:\/\/ceas.org.pe\/index.php\/wp-json\/wp\/v2\/posts"}],"about":[{"href":"https:\/\/ceas.org.pe\/index.php\/wp-json\/wp\/v2\/types\/post"}],"author":[{"embeddable":true,"href":"https:\/\/ceas.org.pe\/index.php\/wp-json\/wp\/v2\/users\/1"}],"replies":[{"embeddable":true,"href":"https:\/\/ceas.org.pe\/index.php\/wp-json\/wp\/v2\/comments?post=3259"}],"version-history":[{"count":1,"href":"https:\/\/ceas.org.pe\/index.php\/wp-json\/wp\/v2\/posts\/3259\/revisions"}],"predecessor-version":[{"id":5959,"href":"https:\/\/ceas.org.pe\/index.php\/wp-json\/wp\/v2\/posts\/3259\/revisions\/5959"}],"wp:attachment":[{"href":"https:\/\/ceas.org.pe\/index.php\/wp-json\/wp\/v2\/media?parent=3259"}],"wp:term":[{"taxonomy":"category","embeddable":true,"href":"https:\/\/ceas.org.pe\/index.php\/wp-json\/wp\/v2\/categories?post=3259"},{"taxonomy":"post_tag","embeddable":true,"href":"https:\/\/ceas.org.pe\/index.php\/wp-json\/wp\/v2\/tags?post=3259"}],"curies":[{"name":"wp","href":"https:\/\/api.w.org\/{rel}","templated":true}]}}