{"id":3258,"date":"2019-05-20T17:03:33","date_gmt":"2019-05-20T17:03:33","guid":{"rendered":""},"modified":"2026-03-11T09:11:54","modified_gmt":"2026-03-11T14:11:54","slug":"foro-reforma-politica-y-lucha-anticorrupcion","status":"publish","type":"post","link":"https:\/\/ceas.org.pe\/index.php\/2019\/05\/20\/foro-reforma-politica-y-lucha-anticorrupcion\/","title":{"rendered":"FORO REFORMA POL\u00cdTICA Y LUCHA ANTICORRUPCI\u00d3N"},"content":{"rendered":"<p class=\"MsoNormal\">Los invitamos a participar del Foro \u201cReforma pol\u00edtica y Lucha anticorrupci\u00f3n\u201d, organizado por el Grupo de trabajo Anticorrupci\u00f3n, con el prop\u00f3sito de dar a conocer a la ciudadan\u00eda en general las propuestas de la Comisi\u00f3n de Alto Nivel para la Reforma pol\u00edtica.<o:p><\/o:p><\/p>\n<p class=\"MsoNormal\">Para la Presentaci\u00f3n de las propuestas de la Comisi\u00f3n de Alto Nivel para la Reforma pol\u00edtica se contar\u00e1 con el Dr. Mart\u00edn Tanaka, Ex comisionado y con la Dra. Milagros Campos, Ex comisionada.<o:p><\/o:p><\/p>\n<p class=\"MsoNormal\">El Panel de comentaristas estar\u00e1 integrado por Juan de la Puente; Analista pol\u00edtico; Marisa Glave, Congresista de la Rep\u00fablica; Juan Jos\u00e9 Gorriti, Dirigente de la CGTP y Diana Miloslavich, Ex presidenta de la ANC.<o:p><\/o:p><\/p>\n<p class=\"MsoNormal\">La cita es el jueves 30 de mayo a las 6:00 pm, en el Centro Espa\u00f1ol del Per\u00fa, ubicado en la Av. Salaverry 1910 &#8211; Jes\u00fas Mar\u00eda.<o:p><\/o:p><\/p>\n<p class=\"MsoNormal\" style=\"text-align:justify\"><o:p><\/o:p><\/p>\n<p><span style=\"text-align: justify;\">Para confirmar su asistencia por favor registrarse en el siguiente link:\u00a0<\/span><a href=\"https:\/\/forms.gle\/7SnQWYjuDj5bGZDi6\" target=\"_blank\" style=\"text-align: justify;\">https:\/\/forms.gle\/7SnQWYjuDj5bGZDi6<\/a><span style=\"text-align: justify;\">\u00a0<\/span>\u00a0<\/p>\n<p><a href=\"http:\/\/web.hilo.org.pe\/wp-content\/uploads\/INVITACION_FORO web.jpg\" target=\"_blank\" rel=\"noopener\">Ver archivo adjunto<\/a><\/p>\n","protected":false},"excerpt":{"rendered":"<p>Foro \u201cReforma pol\u00edtica y Lucha anticorrupci\u00f3n\u201d, organizado por el Grupo de trabajo Anticorrupci\u00f3n, se llevar\u00e1 a cabo el el jueves 30 de mayo a las 6:00 pm, en el Centro Espa\u00f1ol del Per\u00fa.<\/p>\n","protected":false},"author":1,"featured_media":0,"comment_status":"closed","ping_status":"closed","sticky":false,"template":"","format":"standard","meta":{"footnotes":""},"categories":[9],"tags":[],"class_list":["post-3258","post","type-post","status-publish","format-standard","hentry","category-noticias"],"_links":{"self":[{"href":"https:\/\/ceas.org.pe\/index.php\/wp-json\/wp\/v2\/posts\/3258","targetHints":{"allow":["GET"]}}],"collection":[{"href":"https:\/\/ceas.org.pe\/index.php\/wp-json\/wp\/v2\/posts"}],"about":[{"href":"https:\/\/ceas.org.pe\/index.php\/wp-json\/wp\/v2\/types\/post"}],"author":[{"embeddable":true,"href":"https:\/\/ceas.org.pe\/index.php\/wp-json\/wp\/v2\/users\/1"}],"replies":[{"embeddable":true,"href":"https:\/\/ceas.org.pe\/index.php\/wp-json\/wp\/v2\/comments?post=3258"}],"version-history":[{"count":1,"href":"https:\/\/ceas.org.pe\/index.php\/wp-json\/wp\/v2\/posts\/3258\/revisions"}],"predecessor-version":[{"id":5960,"href":"https:\/\/ceas.org.pe\/index.php\/wp-json\/wp\/v2\/posts\/3258\/revisions\/5960"}],"wp:attachment":[{"href":"https:\/\/ceas.org.pe\/index.php\/wp-json\/wp\/v2\/media?parent=3258"}],"wp:term":[{"taxonomy":"category","embeddable":true,"href":"https:\/\/ceas.org.pe\/index.php\/wp-json\/wp\/v2\/categories?post=3258"},{"taxonomy":"post_tag","embeddable":true,"href":"https:\/\/ceas.org.pe\/index.php\/wp-json\/wp\/v2\/tags?post=3258"}],"curies":[{"name":"wp","href":"https:\/\/api.w.org\/{rel}","templated":true}]}}