{"id":3257,"date":"2019-05-20T12:25:24","date_gmt":"2019-05-20T12:25:24","guid":{"rendered":""},"modified":"2026-03-11T09:11:54","modified_gmt":"2026-03-11T14:11:54","slug":"el-celam-camina-hacia-el-cambio-finaliza-la-asamblea-ordinaria","status":"publish","type":"post","link":"https:\/\/ceas.org.pe\/index.php\/2019\/05\/20\/el-celam-camina-hacia-el-cambio-finaliza-la-asamblea-ordinaria\/","title":{"rendered":"EL CELAM CAMINA HACIA EL CAMBIO, FINALIZA LA ASAMBLEA ORDINARIA"},"content":{"rendered":"<p class=\"MsoNormal\" style=\"margin-bottom: 0.0001pt; text-align: justify; line-height: normal; background-image: initial; background-position: initial; background-size: initial; background-repeat: initial; background-attachment: initial; background-origin: initial; background-clip: initial; vertical-align: baseline;\"><b>S\u00edntesis de las l\u00edneas de proyecci\u00f3n del CELAM\u00a0para el cuatrienio 2019-2023<\/b><o:p><\/o:p><\/p>\n<p class=\"MsoNormal\" style=\"margin-bottom: 0.0001pt; text-align: justify; line-height: normal; background-image: initial; background-position: initial; background-size: initial; background-repeat: initial; background-attachment: initial; background-origin: initial; background-clip: initial; vertical-align: baseline;\"><span style=\"border: 1pt none windowtext; padding: 0cm;\">\u00a0<\/span><\/p>\n<p class=\"MsoNormal\" style=\"margin-bottom: 0.0001pt; text-align: justify; line-height: normal; background-image: initial; background-position: initial; background-size: initial; background-repeat: initial; background-attachment: initial; background-origin: initial; background-clip: initial; vertical-align: baseline;\"><span style=\"border: 1pt none windowtext; padding: 0cm;\">Son cuatro los aspectos en los que se han recogido las m\u00e1s importantes l\u00edneas que han emergido en los di\u00e1logos y exposiciones como parte de la reflexi\u00f3n y b\u00fasqueda que ha emprendido el CELAM hacia un futuro inmediato. Esta vez, aunque estaba programado no se pens\u00f3 de momento trabajar un nuevo plan Global para el cuatrienio que inicia, como ha sido costumbre en este tipo de asambleas. No se nombraron presidentes ni comisiones de obispos responsables de las Escuelas y Departamentos del CELAM. Se conform\u00f3 en cambio un grupo de ocho obispos representativos de las diferentes regiones de Latinoam\u00e9rica y el Caribe que se encargar\u00e1 de emprender la re-estructuraci\u00f3n del CELAM. Impulsando ese proceso, el CELAM ha reflexionado algunas l\u00edneas generales que reflejan el esp\u00edritu de b\u00fasqueda.<\/span><o:p><\/o:p><\/p>\n<p class=\"MsoNormal\" style=\"margin-bottom: 0.0001pt; text-align: justify; line-height: normal; background-image: initial; background-position: initial; background-size: initial; background-repeat: initial; background-attachment: initial; background-origin: initial; background-clip: initial; vertical-align: baseline;\"><span style=\"border: 1pt none windowtext; padding: 0cm;\">\u00a0<\/span><\/p>\n<p class=\"MsoNormal\" style=\"margin-bottom: 0.0001pt; text-align: justify; line-height: normal; background-image: initial; background-position: initial; background-size: initial; background-repeat: initial; background-attachment: initial; background-origin: initial; background-clip: initial; vertical-align: baseline;\"><span style=\"border: 1pt none windowtext; padding: 0cm;\">No se anotan las situaciones problem\u00e1ticas, sino las l\u00edneas directrices que podr\u00eda asumir el CELAM en estos a\u00f1os venideros para afrontar pastoralmente, desde su identidad y misi\u00f3n, la compleja realidad latinoamericana y caribe\u00f1a, desde sus diversos \u00e1ngulos.<o:p><\/o:p><\/span><\/p>\n<p class=\"MsoNormal\" style=\"margin-bottom: 0.0001pt; text-align: justify; line-height: normal; background-image: initial; background-position: initial; background-size: initial; background-repeat: initial; background-attachment: initial; background-origin: initial; background-clip: initial; vertical-align: baseline;\"><o:p>\u00a0<\/o:p><\/p>\n<p class=\"MsoNormal\" style=\"margin-bottom: 0.0001pt; text-align: justify; line-height: normal; background-image: initial; background-position: initial; background-size: initial; background-repeat: initial; background-attachment: initial; background-origin: initial; background-clip: initial; vertical-align: baseline;\"><span style=\"border: 1pt none windowtext; padding: 0cm;\">Estas son las l\u00edneas Generales.<o:p><\/o:p><\/span><\/p>\n<p class=\"MsoNormal\" style=\"margin-bottom: 0.0001pt; text-align: justify; line-height: normal; background-image: initial; background-position: initial; background-size: initial; background-repeat: initial; background-attachment: initial; background-origin: initial; background-clip: initial; vertical-align: baseline;\"><o:p>\u00a0<\/o:p><\/p>\n<p class=\"MsoNormal\" style=\"margin: 0cm 0cm 0.0001pt 21.3pt; text-align: justify; text-indent: -21.3pt; line-height: normal; background-image: initial; background-position: initial; background-size: initial; background-repeat: initial; background-attachment: initial; background-origin: initial; background-clip: initial; vertical-align: baseline;\"><!--[if !supportLists]-->1.<span style=\"font-variant-numeric: normal; font-variant-east-asian: normal; font-stretch: normal; font-size: 7pt; line-height: normal; font-family: \"Times New Roman\";\">\u00a0\u00a0\u00a0\u00a0\u00a0\u00a0\u00a0\u00a0 <\/span><!--[endif]--><b>L\u00edneas Generales<\/b><o:p><\/o:p><\/p>\n<ul style=\"margin-top:0cm\" type=\"disc\">\n<li class=\"MsoNormal\" style=\"margin-bottom: 0.0001pt; text-align: justify; line-height: normal; background-image: initial; background-position: initial; background-size: initial; background-repeat: initial; background-attachment: initial; background-origin: initial; background-clip: initial; vertical-align: baseline;\"><span style=\"mso-fareast-font-family:\"Times New Roman\";\n     mso-bidi-font-family:Calibri;mso-bidi-theme-font:minor-latin;border:none windowtext 1.0pt;\n     mso-border-alt:none windowtext 0cm;padding:0cm;mso-fareast-language:ES-PE\">El      CELAM debe preguntarse constantemente, y con mayor raz\u00f3n en esta hora,      \u00bfqu\u00e9 quiere Dios de esta Instituci\u00f3n en este momento de la historia?<\/span><o:p><\/o:p><\/li>\n<li class=\"MsoNormal\" style=\"margin-bottom: 0.0001pt; text-align: justify; line-height: normal; background-image: initial; background-position: initial; background-size: initial; background-repeat: initial; background-attachment: initial; background-origin: initial; background-clip: initial; vertical-align: baseline;\"><span style=\"mso-fareast-font-family:\"Times New Roman\";\n     mso-bidi-font-family:Calibri;mso-bidi-theme-font:minor-latin;border:none windowtext 1.0pt;\n     mso-border-alt:none windowtext 0cm;padding:0cm;mso-fareast-language:ES-PE\">Nos      debemos meter en la corriente de conversi\u00f3n pastoral que nos ha propuesto      Aparecida y sobre la que ha insistido el Papa Francisco. El CELAM debe      animar e ir adelante en el camino de la conversi\u00f3n pastoral.<\/span><o:p><\/o:p><\/li>\n<li class=\"MsoNormal\" style=\"margin-bottom: 0.0001pt; text-align: justify; line-height: normal; background-image: initial; background-position: initial; background-size: initial; background-repeat: initial; background-attachment: initial; background-origin: initial; background-clip: initial; vertical-align: baseline;\"><span style=\"mso-fareast-font-family:\"Times New Roman\";\n     mso-bidi-font-family:Calibri;mso-bidi-theme-font:minor-latin;border:none windowtext 1.0pt;\n     mso-border-alt:none windowtext 0cm;padding:0cm;mso-fareast-language:ES-PE\">El      CELAM necesita un nuevo Pentecost\u00e9s, una irrupci\u00f3n del Esp\u00edritu Santo,      para anunciar a Cristo hoy, con mayor valent\u00eda, audacia, iniciativa, en      todos las latitudes de Am\u00e9rica Latina y el Caribe,<\/span><o:p><\/o:p><\/li>\n<li class=\"MsoNormal\" style=\"margin-bottom: 0.0001pt; text-align: justify; line-height: normal; background-image: initial; background-position: initial; background-size: initial; background-repeat: initial; background-attachment: initial; background-origin: initial; background-clip: initial; vertical-align: baseline;\"><span style=\"mso-fareast-font-family:\"Times New Roman\";\n     mso-bidi-font-family:Calibri;mso-bidi-theme-font:minor-latin;border:none windowtext 1.0pt;\n     mso-border-alt:none windowtext 0cm;padding:0cm;mso-fareast-language:ES-PE\">Es      necesario construir un Plan Global que sea m\u00e1s realista, m\u00e1s acorde, con      el esp\u00edritu evang\u00e9lico, que tenga mayor incidencia y que se ajuste al ser      y a la misi\u00f3n del CELAM.<\/span><o:p><\/o:p><\/li>\n<li class=\"MsoNormal\" style=\"margin-bottom: 0.0001pt; text-align: justify; line-height: normal; background-image: initial; background-position: initial; background-size: initial; background-repeat: initial; background-attachment: initial; background-origin: initial; background-clip: initial; vertical-align: baseline;\"><span style=\"mso-fareast-font-family:\"Times New Roman\";\n     mso-bidi-font-family:Calibri;mso-bidi-theme-font:minor-latin;border:none windowtext 1.0pt;\n     mso-border-alt:none windowtext 0cm;padding:0cm;mso-fareast-language:ES-PE\">Hay      que definir las acciones significativas que podr\u00eda adelantar el CELAM, m\u00e1s      al estilo de servicios.<\/span><o:p><\/o:p><\/li>\n<\/ul>\n<p class=\"MsoNormal\" style=\"margin: 0cm 0cm 0.0001pt 21.3pt; text-align: justify; text-indent: -21.3pt; line-height: normal; background-image: initial; background-position: initial; background-size: initial; background-repeat: initial; background-attachment: initial; background-origin: initial; background-clip: initial; vertical-align: baseline;\">\u00a0<o:p><\/o:p><\/p>\n<p class=\"MsoNormal\" style=\"margin: 0cm 0cm 0.0001pt 21.3pt; text-align: justify; text-indent: -21.3pt; line-height: normal; background-image: initial; background-position: initial; background-size: initial; background-repeat: initial; background-attachment: initial; background-origin: initial; background-clip: initial; vertical-align: baseline;\"><!--[if !supportLists]-->2.<span style=\"font-variant-numeric: normal; font-variant-east-asian: normal; font-stretch: normal; font-size: 7pt; line-height: normal; font-family: \"Times New Roman\";\">\u00a0\u00a0\u00a0\u00a0\u00a0\u00a0\u00a0\u00a0 <\/span><!--[endif]--><b>Desaf\u00edos frente a la estructura<\/b><o:p><\/o:p><\/p>\n<ul style=\"margin-top:0cm\" type=\"disc\">\n<li class=\"MsoNormal\" style=\"margin-bottom: 0.0001pt; text-align: justify; line-height: normal; background-image: initial; background-position: initial; background-size: initial; background-repeat: initial; background-attachment: initial; background-origin: initial; background-clip: initial; vertical-align: baseline;\"><span style=\"mso-fareast-font-family:\"Times New Roman\";\n     mso-bidi-font-family:Calibri;mso-bidi-theme-font:minor-latin;border:none windowtext 1.0pt;\n     mso-border-alt:none windowtext 0cm;padding:0cm;mso-fareast-language:ES-PE\">Conviene      aprender la sinodalidad desde una estructura sinodal en el CELAM.<\/span><o:p><\/o:p><\/li>\n<li class=\"MsoNormal\" style=\"margin-bottom: 0.0001pt; text-align: justify; line-height: normal; background-image: initial; background-position: initial; background-size: initial; background-repeat: initial; background-attachment: initial; background-origin: initial; background-clip: initial; vertical-align: baseline;\"><span style=\"mso-fareast-font-family:\"Times New Roman\";\n     mso-bidi-font-family:Calibri;mso-bidi-theme-font:minor-latin;border:none windowtext 1.0pt;\n     mso-border-alt:none windowtext 0cm;padding:0cm;mso-fareast-language:ES-PE\">Hay      que acompa\u00f1ar de cerca el proceso de construcci\u00f3n de la nueva sede del      CELAM.<\/span><o:p><\/o:p><\/li>\n<li class=\"MsoNormal\" style=\"margin-bottom: 0.0001pt; text-align: justify; line-height: normal; background-image: initial; background-position: initial; background-size: initial; background-repeat: initial; background-attachment: initial; background-origin: initial; background-clip: initial; vertical-align: baseline;\"><span style=\"mso-fareast-font-family:\"Times New Roman\";\n     mso-bidi-font-family:Calibri;mso-bidi-theme-font:minor-latin;border:none windowtext 1.0pt;\n     mso-border-alt:none windowtext 0cm;padding:0cm;mso-fareast-language:ES-PE\">Hay      que evitar que el CELAM, como oportunidad y proyecci\u00f3n evangelizadora, se      limite a Colombia. Podr\u00eda pensarse en sedes descentralizadas del CELAM      ubicadas en donde haya m\u00e1s necesidad u oportunidad.<\/span><o:p><\/o:p><\/li>\n<li class=\"MsoNormal\" style=\"margin-bottom: 0.0001pt; text-align: justify; line-height: normal; background-image: initial; background-position: initial; background-size: initial; background-repeat: initial; background-attachment: initial; background-origin: initial; background-clip: initial; vertical-align: baseline;\"><span style=\"mso-fareast-font-family:\"Times New Roman\";\n     mso-bidi-font-family:Calibri;mso-bidi-theme-font:minor-latin;border:none windowtext 1.0pt;\n     mso-border-alt:none windowtext 0cm;padding:0cm;mso-fareast-language:ES-PE\">Hay      que procurar que el CELAM viva en disposici\u00f3n de salida, de di\u00e1logo      continuo con las CCEE del Continente.<\/span><o:p><\/o:p><\/li>\n<li class=\"MsoNormal\" style=\"margin-bottom: 0.0001pt; text-align: justify; line-height: normal; background-image: initial; background-position: initial; background-size: initial; background-repeat: initial; background-attachment: initial; background-origin: initial; background-clip: initial; vertical-align: baseline;\"><span style=\"mso-fareast-font-family:\"Times New Roman\";\n     mso-bidi-font-family:Calibri;mso-bidi-theme-font:minor-latin;border:none windowtext 1.0pt;\n     mso-border-alt:none windowtext 0cm;padding:0cm;mso-fareast-language:ES-PE\">Hay      que atender al problema financiero. Es necesario, a este respecto, revisar      el portafolio de inversiones para optimizarlo.<\/span><o:p><\/o:p><\/li>\n<li class=\"MsoNormal\" style=\"margin-bottom: 0.0001pt; text-align: justify; line-height: normal; background-image: initial; background-position: initial; background-size: initial; background-repeat: initial; background-attachment: initial; background-origin: initial; background-clip: initial; vertical-align: baseline;\"><span style=\"mso-fareast-font-family:\"Times New Roman\";\n     mso-bidi-font-family:Calibri;mso-bidi-theme-font:minor-latin;border:none windowtext 1.0pt;\n     mso-border-alt:none windowtext 0cm;padding:0cm;mso-fareast-language:ES-PE\">Hay      que tener estructuras m\u00e1s ligeras, m\u00e1s participativas, menos burocr\u00e1ticas      y menos clericalistas.<\/span><o:p><\/o:p><\/li>\n<li class=\"MsoNormal\" style=\"margin-bottom: 0.0001pt; text-align: justify; line-height: normal; background-image: initial; background-position: initial; background-size: initial; background-repeat: initial; background-attachment: initial; background-origin: initial; background-clip: initial; vertical-align: baseline;\"><span style=\"mso-fareast-font-family:\"Times New Roman\";\n     mso-bidi-font-family:Calibri;mso-bidi-theme-font:minor-latin;border:none windowtext 1.0pt;\n     mso-border-alt:none windowtext 0cm;padding:0cm;mso-fareast-language:ES-PE\">Es      necesario revisar la carta de navegaci\u00f3n del CELAM y repensar su      estructura, comenzando por una evaluaci\u00f3n rigurosa de los procesos      internos del CELAM: contabilidad, talento humano y certificaci\u00f3n legal      todos los procesos. Hay que dar continuidad y consolidar los procesos de      organizaci\u00f3n interna: situaciones laborales, contabilidad, racionalizaci\u00f3n      del gasto, de acuerdo con las leyes vigentes en Colombia.<\/span><o:p><\/o:p><\/li>\n<li class=\"MsoNormal\" style=\"margin-bottom: 0.0001pt; text-align: justify; line-height: normal; background-image: initial; background-position: initial; background-size: initial; background-repeat: initial; background-attachment: initial; background-origin: initial; background-clip: initial; vertical-align: baseline;\"><span style=\"mso-fareast-font-family:\"Times New Roman\";\n     mso-bidi-font-family:Calibri;mso-bidi-theme-font:minor-latin;border:none windowtext 1.0pt;\n     mso-border-alt:none windowtext 0cm;padding:0cm;mso-fareast-language:ES-PE\">La      propuesta pastoral que mira al 2033, como aniversario de la redenci\u00f3n y de      la manifestaci\u00f3n guadalupana, debe ser clara y priorizar aquellos      prop\u00f3sitos que identifican el ser y la misi\u00f3n del CELAM.<\/span><o:p><\/o:p><\/li>\n<li class=\"MsoNormal\" style=\"margin-bottom: 0.0001pt; text-align: justify; line-height: normal; background-image: initial; background-position: initial; background-size: initial; background-repeat: initial; background-attachment: initial; background-origin: initial; background-clip: initial; vertical-align: baseline;\"><span style=\"mso-fareast-font-family:\"Times New Roman\";\n     mso-bidi-font-family:Calibri;mso-bidi-theme-font:minor-latin;border:none windowtext 1.0pt;\n     mso-border-alt:none windowtext 0cm;padding:0cm;mso-fareast-language:ES-PE\">Es      necesaria una \u201cre-presentaci\u00f3n\u201d del CELAM ante las CCEE. Inclusive se      sugiere un trabajo de base: visitar a las Conferencias, hablar con los      directivos, hablar de la reestructuraci\u00f3n del CELAM, escuchar las      necesidades de las Iglesias locales.<\/span><o:p><\/o:p><\/li>\n<li class=\"MsoNormal\" style=\"margin-bottom: 0.0001pt; text-align: justify; line-height: normal; background-image: initial; background-position: initial; background-size: initial; background-repeat: initial; background-attachment: initial; background-origin: initial; background-clip: initial; vertical-align: baseline;\"><span style=\"mso-fareast-font-family:\"Times New Roman\";\n     mso-bidi-font-family:Calibri;mso-bidi-theme-font:minor-latin;border:none windowtext 1.0pt;\n     mso-border-alt:none windowtext 0cm;padding:0cm;mso-fareast-language:ES-PE\">Se      podr\u00eda pensar en un servicio por \u00e1reas; es decir prestar a la Iglesia      latinoamericana y caribe\u00f1a servicios que sean prioritarios. As\u00ed se      concentrar\u00eda el trabajo en 8 o 10 programas y no en 80 o 100 programas.<\/span><o:p><\/o:p><\/li>\n<li class=\"MsoNormal\" style=\"margin-bottom: 0.0001pt; text-align: justify; line-height: normal; background-image: initial; background-position: initial; background-size: initial; background-repeat: initial; background-attachment: initial; background-origin: initial; background-clip: initial; vertical-align: baseline;\"><span style=\"mso-fareast-font-family:\"Times New Roman\";\n     mso-bidi-font-family:Calibri;mso-bidi-theme-font:minor-latin;border:none windowtext 1.0pt;\n     mso-border-alt:none windowtext 0cm;padding:0cm;mso-fareast-language:ES-PE\">Hay      tres dimensiones importantes en una reestructuraci\u00f3n del CELAM, a las que      debe darse prioridad: la formaci\u00f3n de agentes y l\u00edderes, sacerdotes y      laicos; el permanente discernimiento de la realidad; la elaboraci\u00f3n de      subsidios pastorales y el acompa\u00f1amiento a los planes de trabajo de las      Conferencia Episcopales, en la medida en qu\u00e9 \u00e9stas lo soliciten.<\/span><o:p><\/o:p><\/li>\n<li class=\"MsoNormal\" style=\"margin-bottom: 0.0001pt; text-align: justify; line-height: normal; background-image: initial; background-position: initial; background-size: initial; background-repeat: initial; background-attachment: initial; background-origin: initial; background-clip: initial; vertical-align: baseline;\"><span style=\"mso-fareast-font-family:\"Times New Roman\";\n     mso-bidi-font-family:Calibri;mso-bidi-theme-font:minor-latin;border:none windowtext 1.0pt;\n     mso-border-alt:none windowtext 0cm;padding:0cm;mso-fareast-language:ES-PE\">Nunca      podemos olvidar preguntarnos: \u00bfQu\u00e9 piden las CCEE al CELAM? \u00bfQu\u00e9 piden los      organismos eclesiales regionales al CELAM? \u00bfQu\u00e9 pide la Asamblea al CELAM?<\/span><o:p><\/o:p><\/li>\n<\/ul>\n<p class=\"MsoNormal\" style=\"margin: 0cm 0cm 0.0001pt 21.3pt; text-align: justify; text-indent: -21.3pt; line-height: normal; background-image: initial; background-position: initial; background-size: initial; background-repeat: initial; background-attachment: initial; background-origin: initial; background-clip: initial; vertical-align: baseline;\">\u00a0<o:p><\/o:p><\/p>\n<p class=\"MsoNormal\" style=\"margin: 0cm 0cm 0.0001pt 21.3pt; text-align: justify; text-indent: -21.3pt; line-height: normal; background-image: initial; background-position: initial; background-size: initial; background-repeat: initial; background-attachment: initial; background-origin: initial; background-clip: initial; vertical-align: baseline;\"><!--[if !supportLists]-->3.<span style=\"font-variant-numeric: normal; font-variant-east-asian: normal; font-stretch: normal; font-size: 7pt; line-height: normal; font-family: \"Times New Roman\";\">\u00a0\u00a0\u00a0\u00a0\u00a0\u00a0\u00a0\u00a0 <\/span><!--[endif]--><b>Desaf\u00edos eclesiales<\/b><o:p><\/o:p><\/p>\n<ul style=\"margin-top:0cm\" type=\"disc\">\n<li><span style=\"mso-fareast-font-family:\"Times New Roman\";\n     mso-bidi-font-family:Calibri;mso-bidi-theme-font:minor-latin;border:none windowtext 1.0pt;\n     mso-border-alt:none windowtext 0cm;padding:0cm;mso-fareast-language:ES-PE\">Se      requiere un cambio tambi\u00e9n de parte de las CCEE, que deben aportar a la      reestructuraci\u00f3n del CELAM. Hay que incentivar una l\u00ednea de trabajo en      este sentido: motivar a las Conferencias para que participen en la      renovaci\u00f3n del CELAM.<\/span><o:p><\/o:p><\/li>\n<li><span style=\"mso-fareast-font-family:\"Times New Roman\";\n     mso-bidi-font-family:Calibri;mso-bidi-theme-font:minor-latin;border:none windowtext 1.0pt;\n     mso-border-alt:none windowtext 0cm;padding:0cm;mso-fareast-language:ES-PE\">Hay      que partir en todo el trabajo del CELAM de una visi\u00f3n amplia y universal      de la misi\u00f3n de la Iglesia.<\/span><o:p><\/o:p><\/li>\n<li><span style=\"mso-fareast-font-family:\"Times New Roman\";\n     mso-bidi-font-family:Calibri;mso-bidi-theme-font:minor-latin;border:none windowtext 1.0pt;\n     mso-border-alt:none windowtext 0cm;padding:0cm;mso-fareast-language:ES-PE\">Es      prioritario optar por: la sinodalidad, la animaci\u00f3n de la comuni\u00f3n, el      di\u00e1logo con el mundo, la formaci\u00f3n cristiana de los l\u00edderes, el servicio      de los pobres.<\/span><o:p><\/o:p><\/li>\n<li><span style=\"mso-fareast-font-family:\"Times New Roman\";\n     mso-bidi-font-family:Calibri;mso-bidi-theme-font:minor-latin;border:none windowtext 1.0pt;\n     mso-border-alt:none windowtext 0cm;padding:0cm;mso-fareast-language:ES-PE\">Se      debe privilegiar la l\u00ednea de la formaci\u00f3n de l\u00edderes en todos los campos,      especialmente a partir de la Doctrina Social de la Iglesia.<\/span><o:p><\/o:p><\/li>\n<li><span style=\"mso-fareast-font-family:\"Times New Roman\";\n     mso-bidi-font-family:Calibri;mso-bidi-theme-font:minor-latin;border:none windowtext 1.0pt;\n     mso-border-alt:none windowtext 0cm;padding:0cm;mso-fareast-language:ES-PE\">El      CELAM debe fortalecerse como espacio de comuni\u00f3n entre las Conferencias      Episcopales de Am\u00e9rica Latina: que sea familia, espacio, herramienta para      la comuni\u00f3n. Hay que promover la unidad en la Iglesia, a partir de la      conciencia de que todos en ella somos \u201cbautizados y enviados\u201d.<\/span><o:p><\/o:p><\/li>\n<li><span style=\"mso-fareast-font-family:\"Times New Roman\";\n     mso-bidi-font-family:Calibri;mso-bidi-theme-font:minor-latin;border:none windowtext 1.0pt;\n     mso-border-alt:none windowtext 0cm;padding:0cm;mso-fareast-language:ES-PE\">Hay      que repensar el CEBITEPAL, porque ofrece muchas posibilidades      evangelizadoras que no se est\u00e1n realizando en este momento. Especialmente,      se debe pensar en una instituci\u00f3n m\u00e1s pastoral, as\u00ed como se concibi\u00f3 al      principio.<\/span><o:p><\/o:p><\/li>\n<li><span style=\"mso-fareast-font-family:\"Times New Roman\";\n     mso-bidi-font-family:Calibri;mso-bidi-theme-font:minor-latin;border:none windowtext 1.0pt;\n     mso-border-alt:none windowtext 0cm;padding:0cm;mso-fareast-language:ES-PE\">El      CELAM debe siempre traslucir la comuni\u00f3n efectiva y afectiva con el Santo      Padre: rodearlo, acoger su ense\u00f1anza, defenderlo, suscitar la oraci\u00f3n por      \u00e9l.<\/span><o:p><\/o:p><\/li>\n<li><span style=\"mso-fareast-font-family:\"Times New Roman\";\n     mso-bidi-font-family:Calibri;mso-bidi-theme-font:minor-latin;border:none windowtext 1.0pt;\n     mso-border-alt:none windowtext 0cm;padding:0cm;mso-fareast-language:ES-PE\">Se      debe impulsar una corriente evangelizadora poniendo en primer plano a los      pobres, las mujeres y a los j\u00f3venes.<\/span><o:p><\/o:p><\/li>\n<li><span style=\"mso-fareast-font-family:\"Times New Roman\";\n     mso-bidi-font-family:Calibri;mso-bidi-theme-font:minor-latin;border:none windowtext 1.0pt;\n     mso-border-alt:none windowtext 0cm;padding:0cm;mso-fareast-language:ES-PE\">Es      necesario proponer la evangelizaci\u00f3n en clave de humanizaci\u00f3n.<\/span><o:p><\/o:p><\/li>\n<li><span style=\"mso-fareast-font-family:\"Times New Roman\";\n     mso-bidi-font-family:Calibri;mso-bidi-theme-font:minor-latin;border:none windowtext 1.0pt;\n     mso-border-alt:none windowtext 0cm;padding:0cm;mso-fareast-language:ES-PE\">Se      debe continuar el trabajo con los obispos em\u00e9ritos: reunirlos,      escucharlos, acudir a y aprovechar su experiencia de los Obispos em\u00e9ritos.<\/span><o:p><\/o:p><\/li>\n<li><span style=\"mso-fareast-font-family:\"Times New Roman\";\n     mso-bidi-font-family:Calibri;mso-bidi-theme-font:minor-latin;border:none windowtext 1.0pt;\n     mso-border-alt:none windowtext 0cm;padding:0cm;mso-fareast-language:ES-PE\">Hay      que enfatizar la l\u00ednea de trabajo para la promoci\u00f3n vocacional, no s\u00f3lo      pensando en las vocaciones a las sagradas \u00f3rdenes y la vida consagrada,      sino, y ante todo, a la vocaci\u00f3n cristiana.<\/span><o:p><\/o:p><\/li>\n<li><span style=\"mso-fareast-font-family:\"Times New Roman\";\n     mso-bidi-font-family:Calibri;mso-bidi-theme-font:minor-latin;border:none windowtext 1.0pt;\n     mso-border-alt:none windowtext 0cm;padding:0cm;mso-fareast-language:ES-PE\">Se      espera del CELAM un testimonio prof\u00e9tico y misionero.<\/span><o:p><\/o:p><\/li>\n<li><span style=\"mso-fareast-font-family:\"Times New Roman\";\n     mso-bidi-font-family:Calibri;mso-bidi-theme-font:minor-latin;border:none windowtext 1.0pt;\n     mso-border-alt:none windowtext 0cm;padding:0cm;mso-fareast-language:ES-PE\">Hay      que enfrentar el tema de los abusos contra menores de edad: debemos pensar      en iniciativas comunes para la prevenci\u00f3n y crear v\u00ednculos permanentes      para compartir lo que viene haciendo cada Conferencia Episcopal en esta      l\u00ednea.<\/span><o:p><\/o:p><\/li>\n<li><span style=\"mso-fareast-font-family:\"Times New Roman\";\n     mso-bidi-font-family:Calibri;mso-bidi-theme-font:minor-latin;border:none windowtext 1.0pt;\n     mso-border-alt:none windowtext 0cm;padding:0cm;mso-fareast-language:ES-PE\">Hay      que abordar en su real dimensi\u00f3n el tema de la Iglesia en la ciudad.<\/span><o:p><\/o:p><\/li>\n<li><span style=\"mso-fareast-font-family:\"Times New Roman\";\n     mso-bidi-font-family:Calibri;mso-bidi-theme-font:minor-latin;border:none windowtext 1.0pt;\n     mso-border-alt:none windowtext 0cm;padding:0cm;mso-fareast-language:ES-PE\">Es      necesario atender al tema del pentecostalismo o, m\u00e1s generalmente, las car\u00e1cter\u00edsticas      del fen\u00f3meno religioso en Am\u00e9rica Latina y el Caribe. Se debe impulsar la      reflexi\u00f3n y la acci\u00f3n en torno a la problem\u00e1tica de las sectas y al      fen\u00f3meno de la indiferencia religiosa.<\/span><o:p><\/o:p><\/li>\n<li><span style=\"border: 1pt none windowtext; padding: 0cm;\">Se debe fortalecer el acompa\u00f1amiento y animaci\u00f3n a los obispos mismos.<\/span><\/li>\n<\/ul>\n<p><span style=\"text-align: justify; text-indent: -28.4px;\">4.<\/span><span style=\"font-variant-numeric: normal; font-variant-east-asian: normal; font-stretch: normal; font-size: 7pt; line-height: normal; font-family: \"Times New Roman\"; text-align: justify; text-indent: -28.4px;\">\u00a0\u00a0\u00a0\u00a0\u00a0\u00a0\u00a0\u00a0\u00a0<\/span><b style=\"text-align: justify; text-indent: -28.4px;\">Desaf\u00edos socio \u2013 pol\u00edticos<\/b><\/p>\n<ul style=\"margin-top:0cm\" type=\"disc\">\n<li><o:p><\/o:p><span style=\"border: 1pt none windowtext; padding: 0cm;\">Hay que trabajar m\u00e1s por la formaci\u00f3n de los l\u00edderes sociales, desde la Doctrina Social de la Iglesia.<\/span><o:p><\/o:p><\/li>\n<li><span style=\"border: 1pt none windowtext; padding: 0cm;\">Hay que prestar atenci\u00f3n al acontecer pol\u00edtico de nuestros pa\u00edses y alertar sobre el debilitamiento de las democracias. Frente a democracias tenues, formaci\u00f3n para un verdadero compromiso socio\u2013pol\u00edtico que tienda al bien com\u00fan.<\/span><o:p><\/o:p><\/li>\n<li><span style=\"border: 1pt none windowtext; padding: 0cm;\">Se deben impulsar, a trav\u00e9s de las Conferencias Episcopales, acciones pastorales para incidir desde el Evangelio en problem\u00e1ticas comunes de los pueblos latinoamericanos y caribe\u00f1os: adicciones, corrupci\u00f3n, migraciones, pobreza, devastaci\u00f3n ecol\u00f3gica, marginaci\u00f3n e inequidad social, violencia, desintegraci\u00f3n familiar.<\/span><o:p><\/o:p><\/li>\n<li><span style=\"border: 1pt none windowtext; padding: 0cm;\">Es necesario establecer una coordinaci\u00f3n intraeclesial y con otras instituciones para atender a las migraciones; hay que tener en cuenta las muy diversas situaciones de los migrantes, aun aquellas que se dan al interior de las grandes ciudades.<\/span><o:p><\/o:p><\/li>\n<li><span style=\"border: 1pt none windowtext; padding: 0cm;\">Es necesario fortalecer la acci\u00f3n en torno a la familia, para contrarrestar las nefastas consecuencias de la crisis en la que ella est\u00e1 sumida.<\/span><o:p><\/o:p><\/li>\n<li><span style=\"border: 1pt none windowtext; padding: 0cm;\">Hay que enfocar el tema de la Ecolog\u00eda Integral: la Iglesia se acredita por las luchas sociales, pensando en el bien de todos.<\/span><o:p><\/o:p><\/li>\n<li><span style=\"border: 1pt none windowtext; padding: 0cm;\">Conviene enfatizar el trabajo pastoral que tenga en cuenta todas las implicaciones de la nueva inteligencia artificial.<\/span><o:p><\/o:p><\/li>\n<\/ul>\n<p class=\"MsoNormal\" style=\"margin: 0cm 0cm 0.0001pt 21.3pt; text-align: justify; text-indent: -21.3pt; line-height: normal; background-image: initial; background-position: initial; background-size: initial; background-repeat: initial; background-attachment: initial; background-origin: initial; background-clip: initial; vertical-align: baseline;\">\u00a0<o:p><\/o:p><\/p>\n<p class=\"MsoNormal\" style=\"margin: 0cm 0cm 0.0001pt 21.3pt; text-align: justify; text-indent: -21.3pt; line-height: normal; background-image: initial; background-position: initial; background-size: initial; background-repeat: initial; background-attachment: initial; background-origin: initial; background-clip: initial; vertical-align: baseline;\"><!--[if !supportLists]-->5.<span style=\"font-variant-numeric: normal; font-variant-east-asian: normal; font-stretch: normal; font-size: 7pt; line-height: normal; font-family: \"Times New Roman\";\">\u00a0\u00a0\u00a0\u00a0\u00a0\u00a0\u00a0\u00a0 <\/span><!--[endif]--><b>VI Asamblea General del Episcopado Latinoamericano y del Caribe<\/b><o:p><\/o:p><\/p>\n<p class=\"MsoNormal\" style=\"margin: 0cm 0cm 0.0001pt 21.3pt; text-align: justify; text-indent: -21.3pt; line-height: normal; background-image: initial; background-position: initial; background-size: initial; background-repeat: initial; background-attachment: initial; background-origin: initial; background-clip: initial; vertical-align: baseline;\"><span style=\"border: 1pt none windowtext; padding: 0cm;\">Se debe considerar la posibilidad de realizarla:<\/span><o:p><\/o:p><\/p>\n<ul style=\"margin-top:0cm\" type=\"disc\">\n<li class=\"MsoNormal\" style=\"margin-bottom: 0.0001pt; text-align: justify; line-height: normal; background-image: initial; background-position: initial; background-size: initial; background-repeat: initial; background-attachment: initial; background-origin: initial; background-clip: initial; vertical-align: baseline;\"><span style=\"mso-fareast-font-family:\"Times New Roman\";\n     mso-bidi-font-family:Calibri;mso-bidi-theme-font:minor-latin;border:none windowtext 1.0pt;\n     mso-border-alt:none windowtext 0cm;padding:0cm;mso-fareast-language:ES-PE\">Para      afrontar los nuevos desaf\u00edos que aparecen en el Continente.<\/span><o:p><\/o:p><\/li>\n<li class=\"MsoNormal\" style=\"margin-bottom: 0.0001pt; text-align: justify; line-height: normal; background-image: initial; background-position: initial; background-size: initial; background-repeat: initial; background-attachment: initial; background-origin: initial; background-clip: initial; vertical-align: baseline;\"><span style=\"mso-fareast-font-family:\"Times New Roman\";\n     mso-bidi-font-family:Calibri;mso-bidi-theme-font:minor-latin;border:none windowtext 1.0pt;\n     mso-border-alt:none windowtext 0cm;padding:0cm;mso-fareast-language:ES-PE\">Para      ser voz prof\u00e9tica en medio de tantas situaciones problem\u00e1ticas.<\/span><o:p><\/o:p><\/li>\n<li class=\"MsoNormal\" style=\"margin-bottom: 0.0001pt; text-align: justify; line-height: normal; background-image: initial; background-position: initial; background-size: initial; background-repeat: initial; background-attachment: initial; background-origin: initial; background-clip: initial; vertical-align: baseline;\"><span style=\"mso-fareast-font-family:\"Times New Roman\";\n     mso-bidi-font-family:Calibri;mso-bidi-theme-font:minor-latin;border:none windowtext 1.0pt;\n     mso-border-alt:none windowtext 0cm;padding:0cm;mso-fareast-language:ES-PE\">Para      fortalecer la unidad de la Iglesia latinoamericana y del Caribe.<\/span><o:p><\/o:p><\/li>\n<li class=\"MsoNormal\" style=\"margin-bottom: 0.0001pt; text-align: justify; line-height: normal; background-image: initial; background-position: initial; background-size: initial; background-repeat: initial; background-attachment: initial; background-origin: initial; background-clip: initial; vertical-align: baseline;\"><span style=\"mso-fareast-font-family:\"Times New Roman\";\n     mso-bidi-font-family:Calibri;mso-bidi-theme-font:minor-latin;border:none windowtext 1.0pt;\n     mso-border-alt:none windowtext 0cm;padding:0cm;mso-fareast-language:ES-PE\">Para      reimpulsar la tarea evangelizadora.<\/span><o:p><\/o:p><\/li>\n<\/ul>\n<p class=\"MsoNormal\" style=\"margin-top:0cm;margin-right:0cm;margin-bottom:0cm;\nmargin-left:21.3pt;margin-bottom:.0001pt;text-align:justify;text-indent:-21.3pt;\nline-height:normal\"><o:p>\u00a0<\/o:p><\/p>\n<p><i><span style=\"font-size: 11pt; line-height: 107%; font-family: Calibri, sans-serif;\">Tomado de: Prensa CELAM. 20 de mayo de 2019.<\/span><\/i>\u00a0<\/p>\n<p><a href=\"http:\/\/web.hilo.org.pe\/wp-content\/uploads\/El_Celam_camina_hacia_el_cambio web.jpg\" target=\"_blank\" rel=\"noopener\">Ver archivo adjunto<\/a><\/p>\n","protected":false},"excerpt":{"rendered":"<p>S\u00edntesis de las l\u00edneas de proyecci\u00f3n del CELAM para el cuatrienio 2019-2023.<br \/>\nSon cuatro los aspectos en los que se han recogido las m\u00e1s importantes l\u00edneas que han emergido en los di\u00e1logos y exposiciones como parte de la reflexi\u00f3n y b\u00fasqueda que ha emprendido el CELAM hacia un futuro inmediato.<\/p>\n","protected":false},"author":1,"featured_media":0,"comment_status":"closed","ping_status":"closed","sticky":false,"template":"","format":"standard","meta":{"footnotes":""},"categories":[9],"tags":[],"class_list":["post-3257","post","type-post","status-publish","format-standard","hentry","category-noticias"],"_links":{"self":[{"href":"https:\/\/ceas.org.pe\/index.php\/wp-json\/wp\/v2\/posts\/3257","targetHints":{"allow":["GET"]}}],"collection":[{"href":"https:\/\/ceas.org.pe\/index.php\/wp-json\/wp\/v2\/posts"}],"about":[{"href":"https:\/\/ceas.org.pe\/index.php\/wp-json\/wp\/v2\/types\/post"}],"author":[{"embeddable":true,"href":"https:\/\/ceas.org.pe\/index.php\/wp-json\/wp\/v2\/users\/1"}],"replies":[{"embeddable":true,"href":"https:\/\/ceas.org.pe\/index.php\/wp-json\/wp\/v2\/comments?post=3257"}],"version-history":[{"count":1,"href":"https:\/\/ceas.org.pe\/index.php\/wp-json\/wp\/v2\/posts\/3257\/revisions"}],"predecessor-version":[{"id":5961,"href":"https:\/\/ceas.org.pe\/index.php\/wp-json\/wp\/v2\/posts\/3257\/revisions\/5961"}],"wp:attachment":[{"href":"https:\/\/ceas.org.pe\/index.php\/wp-json\/wp\/v2\/media?parent=3257"}],"wp:term":[{"taxonomy":"category","embeddable":true,"href":"https:\/\/ceas.org.pe\/index.php\/wp-json\/wp\/v2\/categories?post=3257"},{"taxonomy":"post_tag","embeddable":true,"href":"https:\/\/ceas.org.pe\/index.php\/wp-json\/wp\/v2\/tags?post=3257"}],"curies":[{"name":"wp","href":"https:\/\/api.w.org\/{rel}","templated":true}]}}